{"id":18811927,"date":"2025-05-28T15:41:33","date_gmt":"2025-05-28T13:41:33","guid":{"rendered":"https:\/\/alamocostadelsol.com\/news\/basta-stranderna-mellan-nerja-och-marbella-gomda-parlor-och-kustnara-hotspots-pa-costa-del-sol"},"modified":"2026-01-13T14:50:51","modified_gmt":"2026-01-13T13:50:51","slug":"basta-stranderna-mellan-nerja-och-marbella-gomda-parlor-och-kustnara-hotspots-pa-costa-del-sol","status":"publish","type":"post","link":"https:\/\/alamocostadelsol.com\/sv\/news\/basta-stranderna-mellan-nerja-och-marbella-gomda-parlor-och-kustnara-hotspots-pa-costa-del-sol","title":{"rendered":"B\u00e4sta str\u00e4nderna mellan Nerja och Marbella: Dolda p\u00e4rlor och kustn\u00e4ra hotspots p\u00e5 Costa del Sol"},"content":{"rendered":"<p>[et_pb_section fb_built=&#8221;1&#8243; admin_label=&#8221;section&#8221; _builder_version=&#8221;4.16&#8243; global_colors_info=&#8221;{}&#8221; theme_builder_area=&#8221;post_content&#8221;][et_pb_row admin_label=&#8221;Rodd&#8221; _builder_version=&#8221;4.16&#8243; background_size=&#8221;initial&#8221; background_position=&#8221;top_left&#8221; background_repeat=&#8221;repeat&#8221; hover_enabled=&#8221;0&#8243; global_colors_info=&#8221;{}&#8221; theme_builder_area=&#8221;post_content&#8221; sticky_enabled=&#8221;0&#8243;][et_pb_column type=&#8221;4_4&#8243; _builder_version=&#8221;4.16&#8243; custom_padding=&#8221;|||&#8221; global_colors_info=&#8221;{}&#8221; custom_padding__hover=&#8221;|||&#8221; theme_builder_area=&#8221;post_content&#8221;][et_pb_text admin_label=&#8221;Text&#8221; _builder_version=&#8221;4.27.4&#8243; background_size=&#8221;initial&#8221; background_position=&#8221;top_left&#8221; background_repeat=&#8221;repeat&#8221; hover_enabled=&#8221;0&#8243; global_colors_info=&#8221;{}&#8221; theme_builder_area=&#8221;post_content&#8221; sticky_enabled=&#8221;0&#8243;]<\/p>\n<p style=\"text-align: center;\">Fr\u00e5n klippkantade vikar till l\u00e5nga sandiga str\u00e4ckor erbjuder kusten mellan Nerja och Marbella n\u00e5gra av s\u00f6dra Spaniens vackraste och mest varierade str\u00e4nder. I den h\u00e4r artikeln guidar vi dig genom ett noggrant utvalt urval av m\u00e5ste-bes\u00f6ka str\u00e4nder l\u00e4ngs denna natursk\u00f6na rutt. Oavsett om du letar efter familjev\u00e4nliga str\u00e4nder, dolda snorkelplatser eller livliga strandklubbar, hittar du din perfekta tillflyktsort p\u00e5 Costa del Sol.  <\/p>\n<p style=\"text-align: center;\">\n<p style=\"text-align: center;\">\n<h3 class=\"wp-block-heading\" style=\"text-align: center;\">\u00d6versikt \u00f6ver kuststr\u00e4ckan: Fr\u00e5n Nerja till Marbella<\/h3>\n<p style=\"text-align: center;\">\n<p style=\"text-align: center;\"><span style=\"font-size: 16px; font-weight: bold;\">Total str\u00e4cka: ca 100 km <\/span><\/p>\n<p style=\"text-align: center;\">\n<p style=\"text-align: center;\"><span style=\"font-size: 16px; font-weight: bold;\">K\u00f6rtid: 1,5\u20132,5 timmar beroende p\u00e5 h\u00e5llplatser<\/span><\/p>\n<p style=\"text-align: center;\">\n<p style=\"text-align: center;\"><span style=\"font-size: 16px; font-weight: bold;\">St\u00f6rre st\u00e4der l\u00e4ngs rutten: Torrox, Algarrobo, Torre del Mar, Rinc\u00f3n de la Victoria, M\u00e1laga, Torremolinos, Benalm\u00e1dena, Fuengirola, Mijas Costa<\/span><\/p>\n<p style=\"text-align: center;\">\n<p style=\"text-align: center;\">\n<p style=\"text-align: center;\">Denna str\u00e4cka \u00e4r full av variation \u2013 fr\u00e5n sm\u00e5 fiskebyar till kosmopolitiska badst\u00e4der.<\/p>\n<p style=\"text-align: center;\">\n<p style=\"text-align: center;\">\n<h3 class=\"wp-block-heading\" style=\"text-align: center;\">B\u00e4sta str\u00e4nderna n\u00e4ra Nerja<\/h3>\n<p style=\"text-align: center;\"><img decoding=\"async\" data-src=\"https:\/\/alamocostadelsol.com\/wp-content\/uploads\/2025\/05\/fernando-tavora-f8ht8PXo6tA-unsplash-300x200.jpg\" width=\"300\" height=\"200\" alt=\"Bred sandstrand med Playa Burriana i Nerja, Costa del Sol, med solb\u00e4ddar, palmer och bergsutsikt i bakgrunden. Bred sandstrand med Playa Burriana i Nerja, Costa del Sol, med solb\u00e4ddar, palmer och bergsutsikt i bakgrunden.\" class=\"wp-image-18811908 aligncenter size-medium lazyload\" src=\"data:image\/svg+xml;base64,PHN2ZyB3aWR0aD0iMSIgaGVpZ2h0PSIxIiB4bWxucz0iaHR0cDovL3d3dy53My5vcmcvMjAwMC9zdmciPjwvc3ZnPg==\" style=\"--smush-placeholder-width: 300px; --smush-placeholder-aspect-ratio: 300\/200;\"><\/p>\n<p style=\"text-align: center;\">\n<p style=\"text-align: center;\"><strong>Playa Burriana<\/strong><br \/>Nerjas huvudstrand. Rymlig, livlig, perfekt f\u00f6r familjer. Restauranger och vattensporter finns tillg\u00e4ngliga.  <\/p>\n<p style=\"text-align: center;\">\n<p style=\"text-align: center;\"><strong>Playa de Maro<\/strong><br \/>Vacker, naturlig strand n\u00e4ra klipporna. Utm\u00e4rkt f\u00f6r kajakpaddling och snorkling. Begr\u00e4nsad parkering, kom tidigt.  <\/p>\n<p style=\"text-align: center;\">\n<p style=\"text-align: center;\"><strong>Playa El Ca\u00f1uelo<\/strong><br \/>Skyddad vik i en naturpark. Kristallklart vatten, lugn st\u00e4mning. Tillg\u00e5ng via shuttle eller brant promenad.  <\/p>\n<p style=\"text-align: center;\">\n<p style=\"text-align: center;\">\n<h3 class=\"wp-block-heading\" style=\"text-align: center;\">Dolda p\u00e4rlor l\u00e4ngs \u00f6stra Costa del Sol (Torrox till M\u00e1laga)<\/h3>\n<p style=\"text-align: center;\">\n<p style=\"text-align: center;\"><strong>Playa Ferrara (Torrox Costa)<\/strong><br \/>L\u00e5ng sandstr\u00e4cka, f\u00e4rre turister, strandpromenad.<\/p>\n<p style=\"text-align: center;\">\n<p style=\"text-align: center;\"><strong>Playa del Morche<\/strong><br \/>Tyst och bred, perfekt f\u00f6r familjer. Lokal k\u00e4nsla. <\/p>\n<p style=\"text-align: center;\">\n<p style=\"text-align: center;\"><strong>Playa de Benajarafe<\/strong><br \/>Fridfullt och naturligt, mer lokalbefolkning \u00e4n turister.<\/p>\n<p style=\"text-align: center;\">\n<p style=\"text-align: center;\"><strong>Pe\u00f1\u00f3n del Cuervo (M\u00e1laga)<\/strong><br \/>Liten vik, perfekt f\u00f6r solnedg\u00e5ngspicknickar. Bra fotoplats. <\/p>\n<p style=\"text-align: center;\">\n<p style=\"text-align: center;\">\n<h3 class=\"wp-block-heading\" style=\"text-align: center;\">Stadsstr\u00e4nder i M\u00e1laga stad<\/h3>\n<p style=\"text-align: center;\"><img decoding=\"async\" data-src=\"https:\/\/alamocostadelsol.com\/wp-content\/uploads\/2025\/05\/victor-rosario-mCLL2NTXc4M-unsplash-300x205.jpg\" width=\"300\" height=\"205\" alt=\"Livliga Malagueta-stranden i centrala M\u00e1laga med solstolar, strandbarer och stadens silhuett i n\u00e4rheten.\" class=\"wp-image-18811913 aligncenter size-medium lazyload\" src=\"data:image\/svg+xml;base64,PHN2ZyB3aWR0aD0iMSIgaGVpZ2h0PSIxIiB4bWxucz0iaHR0cDovL3d3dy53My5vcmcvMjAwMC9zdmciPjwvc3ZnPg==\" style=\"--smush-placeholder-width: 300px; --smush-placeholder-aspect-ratio: 300\/205;\"><\/p>\n<p style=\"text-align: center;\">\n<p style=\"text-align: center;\"><strong>Playa de la Malagueta<\/strong><br \/>Livligt och tillg\u00e4ngligt. Bara n\u00e5gra steg fr\u00e5n det historiska centrum. <\/p>\n<p style=\"text-align: center;\">\n<p style=\"text-align: center;\"><strong>Playa de Pedregalejo<\/strong><br \/>Traditionell k\u00e4nsla. K\u00e4nd f\u00f6r strandn\u00e4ra skaldjursrestauranger. <\/p>\n<p style=\"text-align: center;\">\n<p style=\"text-align: center;\"><strong>Playa del Palo<\/strong><br \/>Lokal favorit med avslappnad charm. Prova espetos (sardiner)! <\/p>\n<p style=\"text-align: center;\">\n<p style=\"text-align: center;\">Dolda p\u00e4rlor l\u00e4ngs \u00f6stra Costa del Sol (Torrox till M\u00e1laga)<\/p>\n<p style=\"text-align: center;\">\n<p style=\"text-align: center;\">\n<h3 class=\"wp-block-heading\" style=\"text-align: center;\">B\u00e4sta str\u00e4nderna runt Torremolinos och Benalm\u00e1dena<\/h3>\n<p style=\"text-align: center;\">\n<p style=\"text-align: center;\"><strong>Playa de la Carihuela<\/strong><br \/>Perfekt f\u00f6r l\u00e5nga promenader. Strandbarer, tapas och livlig atmosf\u00e4r. <\/p>\n<p style=\"text-align: center;\">\n<p style=\"text-align: center;\"><strong>Playa de Bil Bil<\/strong><br \/>Uppkallad efter det r\u00f6da Bil Bil-slottet i n\u00e4rheten. Handflata och ren. <\/p>\n<p style=\"text-align: center;\">\n<p style=\"text-align: center;\"><strong>Playa de Santa Ana<\/strong><br \/>N\u00e4ra marinan. God service och v\u00e4l underh\u00e5llen. <\/p>\n<p style=\"text-align: center;\">\n<p style=\"text-align: center;\">\n<h3 class=\"wp-block-heading\" style=\"text-align: center;\">Avslappnade kustplatser i Fuengirola och Mijas Costa<\/h3>\n<p style=\"text-align: center;\">\n<p style=\"text-align: center;\"><strong>Playa de los Boliches (Fuengirola)<\/strong><br \/>Popul\u00e4r bland familjer. Bred strand och l\u00e5ng promenad. <\/p>\n<p style=\"text-align: center;\">\n<p style=\"text-align: center;\"><strong>Playa del Castillo<\/strong><br \/>Lugnare strand n\u00e4ra Sohail Castle. Idealiskt f\u00f6r avkoppling. <\/p>\n<p style=\"text-align: center;\">\n<p style=\"text-align: center;\"><strong>Playa La Cala (Mijas Costa)<\/strong><br \/>Mysig, autentisk stadsstrand. Fantastiska matalternativ och promenadv\u00e4nlighet. <\/p>\n<p style=\"text-align: center;\">\n<p style=\"text-align: center;\">\n<h3 class=\"wp-block-heading\" style=\"text-align: center;\">Trendiga och avskilda str\u00e4nder runt Marbella<\/h3>\n<p style=\"text-align: center;\">\n<p style=\"text-align: center;\"><strong>Playa de Cabopino<\/strong><br \/>Naturliga sanddyner, nudistzon, lugnt vatten. Popul\u00e4r bland familjer och natur\u00e4lskare. <\/p>\n<p style=\"text-align: center;\">\n<p style=\"text-align: center;\"><strong>Playa de Nag\u00fceles<\/strong><br \/>Chic st\u00e4mning, n\u00e4ra Marbella Club. F\u00e5t\u00f6ljer och exklusiv service. <\/p>\n<p style=\"text-align: center;\">\n<p style=\"text-align: center;\"><strong>Playa de Artola<\/strong><br \/>Tr\u00e4promenad, natursk\u00f6na sanddyner, perfekt f\u00f6r morgonpromenader.<\/p>\n<p style=\"text-align: center;\">\n<p style=\"text-align: center;\"><strong>Playa de Venus<\/strong><br \/>I hj\u00e4rtat av Marbella. Fullt upptaget och v\u00e4lutrustat. <\/p>\n<p style=\"text-align: center;\">\n<p style=\"text-align: center;\">\n<h3 class=\"wp-block-heading\" style=\"text-align: center;\">Snabbguide: B\u00e4sta str\u00e4nderna efter intresse<\/h3>\n<p style=\"text-align: center;\">\n<p style=\"text-align: center;\"><span style=\"text-decoration: underline;\"><strong>F\u00f6r familjer<\/strong><\/span><\/p>\n<p style=\"text-align: center;\"><span style=\"font-size: 16px; font-weight: bold;\">Playa Burriana<\/span><\/p>\n<p style=\"text-align: center;\"><span style=\"font-size: 16px; font-weight: bold;\">Playa La Cala<\/span><\/p>\n<p style=\"text-align: center;\"><span style=\"font-size: 16px; font-weight: bold;\">Playa de los Boliches<\/span><\/p>\n<p style=\"text-align: center;\">\n<p style=\"text-align: center;\">\n<p style=\"text-align: center;\"><span style=\"text-decoration: underline;\"><strong>F\u00f6r snorkling<\/strong><\/span><\/p>\n<p style=\"text-align: center;\"><span style=\"font-size: 16px; font-weight: bold;\">Playa de Maro<\/span><\/p>\n<p style=\"text-align: center;\"><span style=\"font-size: 16px; font-weight: bold;\">Playa El Ca\u00f1uelo<\/span><\/p>\n<p style=\"text-align: center;\"><span style=\"font-size: 16px; font-weight: bold;\">Playa de Artola<\/span><\/p>\n<p style=\"text-align: center;\">\n<p style=\"text-align: center;\">\n<p style=\"text-align: center;\"><span style=\"text-decoration: underline;\"><strong>F\u00f6r mat- och strandklubbar<\/strong><\/span><\/p>\n<p style=\"text-align: center;\"><span style=\"font-size: 16px; font-weight: bold;\">Playa de la Malagueta<\/span><\/p>\n<p style=\"text-align: center;\"><span style=\"font-size: 16px; font-weight: bold;\">Playa de Cabopino<\/span><\/p>\n<p style=\"text-align: center;\"><span style=\"font-size: 16px; font-weight: bold;\">Playa de la Carihuela<\/span><\/p>\n<p style=\"text-align: center;\">\n<p style=\"text-align: center;\">\n<p style=\"text-align: center;\"><span style=\"text-decoration: underline;\"><strong>F\u00f6r natur\u00e4lskare<\/strong><\/span><\/p>\n<p style=\"text-align: center;\"><span style=\"font-size: 16px; font-weight: bold;\">Playa El Ca\u00f1uelo<\/span><\/p>\n<p style=\"text-align: center;\"><span style=\"font-size: 16px; font-weight: bold;\">Pe\u00f1\u00f3n del Cuervo<\/span><\/p>\n<p style=\"text-align: center;\"><span style=\"font-size: 16px; font-weight: bold;\">Playa de Artola<\/span><\/p>\n<p style=\"text-align: center;\">\n<p style=\"text-align: center;\">\n<p style=\"text-align: center;\">\n<h3 class=\"wp-block-heading\" style=\"text-align: center;\">Praktiska tips f\u00f6r strandhopp<\/h3>\n<p style=\"text-align: center;\">\n<p style=\"text-align: center;\"><strong style=\"font-size: 16px;\">B\u00e4sta s\u00e4song<\/strong><span style=\"font-size: 16px; font-weight: bold;\">: maj till oktober<\/span><\/p>\n<p style=\"text-align: center;\"><strong style=\"font-size: 16px;\">N\u00f6dv\u00e4ndigheter<\/strong><span style=\"font-size: 16px; font-weight: bold;\">: Vattenskor, solkr\u00e4m, snorkelmask<\/span><\/p>\n<p style=\"text-align: center;\">\n<p style=\"text-align: center;\"><strong style=\"font-size: 16px;\">Parkering<\/strong><span style=\"font-size: 16px; font-weight: bold;\">: Planera f\u00f6r tidig ankomst under h\u00f6gs\u00e4song<\/span><\/p>\n<p style=\"text-align: center;\">\n<p style=\"text-align: center;\"><strong style=\"font-size: 16px;\">Kollektivtrafik<\/strong><span style=\"font-size: 16px; font-weight: bold;\">: T\u00e5g fr\u00e5n M\u00e1laga till Fuengirola; bussar till Nerja och Marbella<\/span><\/p>\n<p style=\"text-align: center;\">\n<p style=\"text-align: center;\"><strong style=\"font-size: 16px;\">Bonustips<\/strong><span style=\"font-size: 16px; font-weight: bold;\">: G\u00e5 delar av Senda Litoral kuststig f\u00f6r unika vyer<\/span><\/p>\n<p style=\"text-align: center;\">\n<p style=\"text-align: center;\">\n<p style=\"text-align: center;\">\n<h3 class=\"wp-block-heading\" style=\"text-align: center;\">Slutsats: En kustlinje f\u00f6r alla smaker<\/h3>\n<p style=\"text-align: center;\">\n<p style=\"text-align: center;\">Oavsett om du vill ha ett lugnt g\u00f6mst\u00e4lle eller en livlig strandpromenad erbjuder Costa del Sol allt. Mellan Nerja och Marbella kan du uppt\u00e4cka en blandning av andalusisk charm, natursk\u00f6nhet och livlig kust <\/p>\n<p style=\"text-align: center;\">\n<p style=\"text-align: center;\">\n<h3 class=\"wp-block-heading\" style=\"text-align: center;\">Vanliga fr\u00e5gor<\/h3>\n<p style=\"text-align: center;\">\n<p style=\"text-align: center;\"><strong>F: Vilken \u00e4r den b\u00e4sta stranden f\u00f6r familjer mellan Nerja och Marbella?<\/strong><br \/>S: Playa Burriana i Nerja och Playa La Cala i Mijas Costa \u00e4r utm\u00e4rkta f\u00f6r familjer tack vare deras lugna vatten, faciliteter och n\u00e4rliggande restauranger.<\/p>\n<p style=\"text-align: center;\">\n<p style=\"text-align: center;\"><strong>F: Finns det n\u00e5gra dolda eller mindre tr\u00e5nga str\u00e4nder l\u00e4ngs denna kust?<\/strong><br \/>S: Ja, Playa El Ca\u00f1uelo och Playa de Benajarafe \u00e4r b\u00e5da mer avskilda och lugnare, idealiska f\u00f6r dem som s\u00f6ker en lugn stranddag.<\/p>\n<p style=\"text-align: center;\">\n<p style=\"text-align: center;\"><strong>F: Vilka str\u00e4nder \u00e4r b\u00e4st f\u00f6r snorkling?<\/strong><br \/>S: Playa de Maro och Playa El Ca\u00f1uelo erbjuder utm\u00e4rkta snorklingsf\u00f6rh\u00e5llanden tack vare sina klara vatten och steniga vikar.<\/p>\n<p style=\"text-align: center;\">\n<p style=\"text-align: center;\"><strong>F: Kan jag ta mig till dessa str\u00e4nder med kollektivtrafik?<\/strong><br \/>S: M\u00e5nga str\u00e4nder n\u00e4ra st\u00f6rre st\u00e4der som M\u00e1laga, Fuengirola och Marbella \u00e4r tillg\u00e4ngliga med buss eller t\u00e5g. Avl\u00e4gsna str\u00e4nder kan kr\u00e4va bil- eller shuttleservice. <\/p>\n<p style=\"text-align: center;\">\n<p style=\"text-align: center;\"><strong>F: Vilka \u00e4r de b\u00e4sta m\u00e5naderna att bes\u00f6ka str\u00e4nderna p\u00e5 Costa del Sol?<\/strong><br \/>S: Den idealiska tiden att bes\u00f6ka \u00e4r mellan maj och oktober, n\u00e4r v\u00e4dret \u00e4r varmt och soligt och havet \u00e4r behagligt f\u00f6r bad.<\/p>\n<p style=\"text-align: center;\">\n<p style=\"text-align: center;\"><strong>F: Finns det strandklubbar eller matst\u00e4llen tillg\u00e4ngliga?<\/strong><br \/>S: Ja, popul\u00e4ra str\u00e4nder som Playa de la Malagueta, Playa de Cabopino och Playa de la Carihuela har utm\u00e4rkta restauranger och badklubbar.<\/p>\n<p style=\"text-align: center;\">\n<p style=\"text-align: center;\">\n<p style=\"text-align: center;\">\n<p>[\/et_pb_text][\/et_pb_column][\/et_pb_row][\/et_pb_section]<\/p>\n","protected":false},"excerpt":{"rendered":"<p>Fr\u00e5n klippkantade vikar till l\u00e5nga sandiga str\u00e4ckor erbjuder kusten mellan Nerja och Marbella n\u00e5gra av s\u00f6dra Spaniens vackraste och mest varierade str\u00e4nder. I den h\u00e4r artikeln guidar vi dig genom ett noggrant utvalt urval av m\u00e5ste-bes\u00f6ka str\u00e4nder l\u00e4ngs denna natursk\u00f6na rutt. Oavsett om du letar efter familjev\u00e4nliga str\u00e4nder, dolda snorkelplatser eller livliga strandklubbar, hittar du [&hellip;]<\/p>\n","protected":false},"author":3,"featured_media":18811896,"comment_status":"closed","ping_status":"open","sticky":false,"template":"","format":"standard","meta":{"_et_pb_use_builder":"on","_et_pb_old_content":"","_et_gb_content_width":"","footnotes":""},"categories":[152],"tags":[],"dipi_cpt_category":[],"class_list":["post-18811927","post","type-post","status-publish","format-standard","has-post-thumbnail","hentry","category-natur-och-friluftsliv"],"yoast_head":"<!-- This site is optimized with the Yoast SEO plugin v25.8 - https:\/\/yoast.com\/wordpress\/plugins\/seo\/ -->\n<title>B\u00e4sta str\u00e4nderna mellan Nerja och Marbella | Costa del Sol-guide<\/title>\n<meta name=\"description\" content=\"Uppt\u00e4ck de b\u00e4sta str\u00e4nderna mellan Nerja och Marbella p\u00e5 Costa del Sol, fr\u00e5n dolda vikar till familjev\u00e4nliga str\u00e4nder och ikoniska strandplatser.\" \/>\n<meta name=\"robots\" content=\"index, follow, max-snippet:-1, max-image-preview:large, max-video-preview:-1\" \/>\n<link rel=\"canonical\" href=\"https:\/\/alamocostadelsol.com\/sv\/news\/basta-stranderna-mellan-nerja-och-marbella-gomda-parlor-och-kustnara-hotspots-pa-costa-del-sol\" \/>\n<meta property=\"og:locale\" content=\"sv_SE\" \/>\n<meta property=\"og:type\" content=\"article\" \/>\n<meta property=\"og:title\" content=\"B\u00e4sta str\u00e4nderna mellan Nerja och Marbella | Costa del Sol-guide\" \/>\n<meta property=\"og:description\" content=\"Uppt\u00e4ck de b\u00e4sta str\u00e4nderna mellan Nerja och Marbella p\u00e5 Costa del Sol, fr\u00e5n dolda vikar till familjev\u00e4nliga str\u00e4nder och ikoniska strandplatser.\" \/>\n<meta property=\"og:url\" content=\"https:\/\/alamocostadelsol.com\/sv\/news\/basta-stranderna-mellan-nerja-och-marbella-gomda-parlor-och-kustnara-hotspots-pa-costa-del-sol\" \/>\n<meta property=\"og:site_name\" content=\"Alamo - makes your dream come true at costa del sol\" \/>\n<meta property=\"article:publisher\" content=\"https:\/\/www.facebook.com\/alamocostadelsol\" \/>\n<meta property=\"article:published_time\" content=\"2025-05-28T13:41:33+00:00\" \/>\n<meta property=\"article:modified_time\" content=\"2026-01-13T13:50:51+00:00\" \/>\n<meta property=\"og:image\" content=\"https:\/\/alamocostadelsol.com\/wp-content\/uploads\/2025\/05\/frank-mckenna-OD9EOzfSOh0-unsplash-scaled.jpg\" \/>\n\t<meta property=\"og:image:width\" content=\"2560\" \/>\n\t<meta property=\"og:image:height\" content=\"1704\" \/>\n\t<meta property=\"og:image:type\" content=\"image\/jpeg\" \/>\n<meta name=\"author\" content=\"Per Lindqvist\" \/>\n<meta name=\"twitter:card\" content=\"summary_large_image\" \/>\n<meta name=\"twitter:label1\" content=\"Skriven av\" \/>\n\t<meta name=\"twitter:data1\" content=\"Per Lindqvist\" \/>\n\t<meta name=\"twitter:label2\" content=\"Ber\u00e4knad l\u00e4stid\" \/>\n\t<meta name=\"twitter:data2\" content=\"5 minuter\" \/>\n<script type=\"application\/ld+json\" class=\"yoast-schema-graph\">{\"@context\":\"https:\/\/schema.org\",\"@graph\":[{\"@type\":\"Article\",\"@id\":\"https:\/\/alamocostadelsol.com\/sv\/news\/basta-stranderna-mellan-nerja-och-marbella-gomda-parlor-och-kustnara-hotspots-pa-costa-del-sol#article\",\"isPartOf\":{\"@id\":\"https:\/\/alamocostadelsol.com\/sv\/news\/basta-stranderna-mellan-nerja-och-marbella-gomda-parlor-och-kustnara-hotspots-pa-costa-del-sol\"},\"author\":{\"name\":\"Per Lindqvist\",\"@id\":\"https:\/\/alamocostadelsol.com\/sv#\/schema\/person\/514c5d82ea0741b520c03d28d1ff1a7a\"},\"headline\":\"B\u00e4sta str\u00e4nderna mellan Nerja och Marbella: Dolda p\u00e4rlor och kustn\u00e4ra hotspots p\u00e5 Costa del Sol\",\"datePublished\":\"2025-05-28T13:41:33+00:00\",\"dateModified\":\"2026-01-13T13:50:51+00:00\",\"mainEntityOfPage\":{\"@id\":\"https:\/\/alamocostadelsol.com\/sv\/news\/basta-stranderna-mellan-nerja-och-marbella-gomda-parlor-och-kustnara-hotspots-pa-costa-del-sol\"},\"wordCount\":1027,\"publisher\":{\"@id\":\"https:\/\/alamocostadelsol.com\/sv#organization\"},\"image\":{\"@id\":\"https:\/\/alamocostadelsol.com\/sv\/news\/basta-stranderna-mellan-nerja-och-marbella-gomda-parlor-och-kustnara-hotspots-pa-costa-del-sol#primaryimage\"},\"thumbnailUrl\":\"https:\/\/alamocostadelsol.com\/wp-content\/uploads\/2025\/05\/frank-mckenna-OD9EOzfSOh0-unsplash-scaled.jpg\",\"articleSection\":[\"Natur och friluftsliv\"],\"inLanguage\":\"sv-SE\"},{\"@type\":\"WebPage\",\"@id\":\"https:\/\/alamocostadelsol.com\/sv\/news\/basta-stranderna-mellan-nerja-och-marbella-gomda-parlor-och-kustnara-hotspots-pa-costa-del-sol\",\"url\":\"https:\/\/alamocostadelsol.com\/sv\/news\/basta-stranderna-mellan-nerja-och-marbella-gomda-parlor-och-kustnara-hotspots-pa-costa-del-sol\",\"name\":\"B\u00e4sta str\u00e4nderna mellan Nerja och Marbella | Costa del Sol-guide\",\"isPartOf\":{\"@id\":\"https:\/\/alamocostadelsol.com\/sv#website\"},\"primaryImageOfPage\":{\"@id\":\"https:\/\/alamocostadelsol.com\/sv\/news\/basta-stranderna-mellan-nerja-och-marbella-gomda-parlor-och-kustnara-hotspots-pa-costa-del-sol#primaryimage\"},\"image\":{\"@id\":\"https:\/\/alamocostadelsol.com\/sv\/news\/basta-stranderna-mellan-nerja-och-marbella-gomda-parlor-och-kustnara-hotspots-pa-costa-del-sol#primaryimage\"},\"thumbnailUrl\":\"https:\/\/alamocostadelsol.com\/wp-content\/uploads\/2025\/05\/frank-mckenna-OD9EOzfSOh0-unsplash-scaled.jpg\",\"datePublished\":\"2025-05-28T13:41:33+00:00\",\"dateModified\":\"2026-01-13T13:50:51+00:00\",\"description\":\"Uppt\u00e4ck de b\u00e4sta str\u00e4nderna mellan Nerja och Marbella p\u00e5 Costa del Sol, fr\u00e5n dolda vikar till familjev\u00e4nliga str\u00e4nder och ikoniska strandplatser.\",\"breadcrumb\":{\"@id\":\"https:\/\/alamocostadelsol.com\/sv\/news\/basta-stranderna-mellan-nerja-och-marbella-gomda-parlor-och-kustnara-hotspots-pa-costa-del-sol#breadcrumb\"},\"inLanguage\":\"sv-SE\",\"potentialAction\":[{\"@type\":\"ReadAction\",\"target\":[\"https:\/\/alamocostadelsol.com\/sv\/news\/basta-stranderna-mellan-nerja-och-marbella-gomda-parlor-och-kustnara-hotspots-pa-costa-del-sol\"]}]},{\"@type\":\"ImageObject\",\"inLanguage\":\"sv-SE\",\"@id\":\"https:\/\/alamocostadelsol.com\/sv\/news\/basta-stranderna-mellan-nerja-och-marbella-gomda-parlor-och-kustnara-hotspots-pa-costa-del-sol#primaryimage\",\"url\":\"https:\/\/alamocostadelsol.com\/wp-content\/uploads\/2025\/05\/frank-mckenna-OD9EOzfSOh0-unsplash-scaled.jpg\",\"contentUrl\":\"https:\/\/alamocostadelsol.com\/wp-content\/uploads\/2025\/05\/frank-mckenna-OD9EOzfSOh0-unsplash-scaled.jpg\",\"width\":2560,\"height\":1704,\"caption\":\"Wide stretch of golden sand and clear blue sea at Playa de Calahonda in Mijas\"},{\"@type\":\"BreadcrumbList\",\"@id\":\"https:\/\/alamocostadelsol.com\/sv\/news\/basta-stranderna-mellan-nerja-och-marbella-gomda-parlor-och-kustnara-hotspots-pa-costa-del-sol#breadcrumb\",\"itemListElement\":[{\"@type\":\"ListItem\",\"position\":1,\"name\":\"Home\",\"item\":\"https:\/\/alamocostadelsol.com\/sv\"},{\"@type\":\"ListItem\",\"position\":2,\"name\":\"B\u00e4sta str\u00e4nderna mellan Nerja och Marbella: Dolda p\u00e4rlor och kustn\u00e4ra hotspots p\u00e5 Costa del Sol\"}]},{\"@type\":\"WebSite\",\"@id\":\"https:\/\/alamocostadelsol.com\/sv#website\",\"url\":\"https:\/\/alamocostadelsol.com\/sv\",\"name\":\"Alamo - makes your dream come true at costa del sol\",\"description\":\"\",\"publisher\":{\"@id\":\"https:\/\/alamocostadelsol.com\/sv#organization\"},\"potentialAction\":[{\"@type\":\"SearchAction\",\"target\":{\"@type\":\"EntryPoint\",\"urlTemplate\":\"https:\/\/alamocostadelsol.com\/sv?s={search_term_string}\"},\"query-input\":{\"@type\":\"PropertyValueSpecification\",\"valueRequired\":true,\"valueName\":\"search_term_string\"}}],\"inLanguage\":\"sv-SE\"},{\"@type\":\"Organization\",\"@id\":\"https:\/\/alamocostadelsol.com\/sv#organization\",\"name\":\"Alamo - makes your dream come true at costa del sol\",\"url\":\"https:\/\/alamocostadelsol.com\/sv\",\"logo\":{\"@type\":\"ImageObject\",\"inLanguage\":\"sv-SE\",\"@id\":\"https:\/\/alamocostadelsol.com\/sv#\/schema\/logo\/image\/\",\"url\":\"https:\/\/alamocostadelsol.com\/wp-content\/uploads\/2024\/05\/alamo-costa-del-sol-logotype.png\",\"contentUrl\":\"https:\/\/alamocostadelsol.com\/wp-content\/uploads\/2024\/05\/alamo-costa-del-sol-logotype.png\",\"width\":773,\"height\":170,\"caption\":\"Alamo - makes your dream come true at costa del sol\"},\"image\":{\"@id\":\"https:\/\/alamocostadelsol.com\/sv#\/schema\/logo\/image\/\"},\"sameAs\":[\"https:\/\/www.facebook.com\/alamocostadelsol\",\"https:\/\/www.instagram.com\/alamocostadelsol\/\"]},{\"@type\":\"Person\",\"@id\":\"https:\/\/alamocostadelsol.com\/sv#\/schema\/person\/514c5d82ea0741b520c03d28d1ff1a7a\",\"name\":\"Per Lindqvist\",\"image\":{\"@type\":\"ImageObject\",\"inLanguage\":\"sv-SE\",\"@id\":\"https:\/\/alamocostadelsol.com\/sv#\/schema\/person\/image\/\",\"url\":\"https:\/\/secure.gravatar.com\/avatar\/7c3165414ae570a298d212f36baf0d9ab74e0d0fae19acbc9eed18656ed49770?s=96&d=mm&r=g\",\"contentUrl\":\"https:\/\/secure.gravatar.com\/avatar\/7c3165414ae570a298d212f36baf0d9ab74e0d0fae19acbc9eed18656ed49770?s=96&d=mm&r=g\",\"caption\":\"Per Lindqvist\"},\"url\":\"https:\/\/alamocostadelsol.com\/sv\/news\/author\/peli\"}]}<\/script>\n<!-- \/ Yoast SEO plugin. -->","yoast_head_json":{"title":"B\u00e4sta str\u00e4nderna mellan Nerja och Marbella | Costa del Sol-guide","description":"Uppt\u00e4ck de b\u00e4sta str\u00e4nderna mellan Nerja och Marbella p\u00e5 Costa del Sol, fr\u00e5n dolda vikar till familjev\u00e4nliga str\u00e4nder och ikoniska strandplatser.","robots":{"index":"index","follow":"follow","max-snippet":"max-snippet:-1","max-image-preview":"max-image-preview:large","max-video-preview":"max-video-preview:-1"},"canonical":"https:\/\/alamocostadelsol.com\/sv\/news\/basta-stranderna-mellan-nerja-och-marbella-gomda-parlor-och-kustnara-hotspots-pa-costa-del-sol","og_locale":"sv_SE","og_type":"article","og_title":"B\u00e4sta str\u00e4nderna mellan Nerja och Marbella | Costa del Sol-guide","og_description":"Uppt\u00e4ck de b\u00e4sta str\u00e4nderna mellan Nerja och Marbella p\u00e5 Costa del Sol, fr\u00e5n dolda vikar till familjev\u00e4nliga str\u00e4nder och ikoniska strandplatser.","og_url":"https:\/\/alamocostadelsol.com\/sv\/news\/basta-stranderna-mellan-nerja-och-marbella-gomda-parlor-och-kustnara-hotspots-pa-costa-del-sol","og_site_name":"Alamo - makes your dream come true at costa del sol","article_publisher":"https:\/\/www.facebook.com\/alamocostadelsol","article_published_time":"2025-05-28T13:41:33+00:00","article_modified_time":"2026-01-13T13:50:51+00:00","og_image":[{"width":2560,"height":1704,"url":"https:\/\/alamocostadelsol.com\/wp-content\/uploads\/2025\/05\/frank-mckenna-OD9EOzfSOh0-unsplash-scaled.jpg","type":"image\/jpeg"}],"author":"Per Lindqvist","twitter_card":"summary_large_image","twitter_misc":{"Skriven av":"Per Lindqvist","Ber\u00e4knad l\u00e4stid":"5 minuter"},"schema":{"@context":"https:\/\/schema.org","@graph":[{"@type":"Article","@id":"https:\/\/alamocostadelsol.com\/sv\/news\/basta-stranderna-mellan-nerja-och-marbella-gomda-parlor-och-kustnara-hotspots-pa-costa-del-sol#article","isPartOf":{"@id":"https:\/\/alamocostadelsol.com\/sv\/news\/basta-stranderna-mellan-nerja-och-marbella-gomda-parlor-och-kustnara-hotspots-pa-costa-del-sol"},"author":{"name":"Per Lindqvist","@id":"https:\/\/alamocostadelsol.com\/sv#\/schema\/person\/514c5d82ea0741b520c03d28d1ff1a7a"},"headline":"B\u00e4sta str\u00e4nderna mellan Nerja och Marbella: Dolda p\u00e4rlor och kustn\u00e4ra hotspots p\u00e5 Costa del Sol","datePublished":"2025-05-28T13:41:33+00:00","dateModified":"2026-01-13T13:50:51+00:00","mainEntityOfPage":{"@id":"https:\/\/alamocostadelsol.com\/sv\/news\/basta-stranderna-mellan-nerja-och-marbella-gomda-parlor-och-kustnara-hotspots-pa-costa-del-sol"},"wordCount":1027,"publisher":{"@id":"https:\/\/alamocostadelsol.com\/sv#organization"},"image":{"@id":"https:\/\/alamocostadelsol.com\/sv\/news\/basta-stranderna-mellan-nerja-och-marbella-gomda-parlor-och-kustnara-hotspots-pa-costa-del-sol#primaryimage"},"thumbnailUrl":"https:\/\/alamocostadelsol.com\/wp-content\/uploads\/2025\/05\/frank-mckenna-OD9EOzfSOh0-unsplash-scaled.jpg","articleSection":["Natur och friluftsliv"],"inLanguage":"sv-SE"},{"@type":"WebPage","@id":"https:\/\/alamocostadelsol.com\/sv\/news\/basta-stranderna-mellan-nerja-och-marbella-gomda-parlor-och-kustnara-hotspots-pa-costa-del-sol","url":"https:\/\/alamocostadelsol.com\/sv\/news\/basta-stranderna-mellan-nerja-och-marbella-gomda-parlor-och-kustnara-hotspots-pa-costa-del-sol","name":"B\u00e4sta str\u00e4nderna mellan Nerja och Marbella | Costa del Sol-guide","isPartOf":{"@id":"https:\/\/alamocostadelsol.com\/sv#website"},"primaryImageOfPage":{"@id":"https:\/\/alamocostadelsol.com\/sv\/news\/basta-stranderna-mellan-nerja-och-marbella-gomda-parlor-och-kustnara-hotspots-pa-costa-del-sol#primaryimage"},"image":{"@id":"https:\/\/alamocostadelsol.com\/sv\/news\/basta-stranderna-mellan-nerja-och-marbella-gomda-parlor-och-kustnara-hotspots-pa-costa-del-sol#primaryimage"},"thumbnailUrl":"https:\/\/alamocostadelsol.com\/wp-content\/uploads\/2025\/05\/frank-mckenna-OD9EOzfSOh0-unsplash-scaled.jpg","datePublished":"2025-05-28T13:41:33+00:00","dateModified":"2026-01-13T13:50:51+00:00","description":"Uppt\u00e4ck de b\u00e4sta str\u00e4nderna mellan Nerja och Marbella p\u00e5 Costa del Sol, fr\u00e5n dolda vikar till familjev\u00e4nliga str\u00e4nder och ikoniska strandplatser.","breadcrumb":{"@id":"https:\/\/alamocostadelsol.com\/sv\/news\/basta-stranderna-mellan-nerja-och-marbella-gomda-parlor-och-kustnara-hotspots-pa-costa-del-sol#breadcrumb"},"inLanguage":"sv-SE","potentialAction":[{"@type":"ReadAction","target":["https:\/\/alamocostadelsol.com\/sv\/news\/basta-stranderna-mellan-nerja-och-marbella-gomda-parlor-och-kustnara-hotspots-pa-costa-del-sol"]}]},{"@type":"ImageObject","inLanguage":"sv-SE","@id":"https:\/\/alamocostadelsol.com\/sv\/news\/basta-stranderna-mellan-nerja-och-marbella-gomda-parlor-och-kustnara-hotspots-pa-costa-del-sol#primaryimage","url":"https:\/\/alamocostadelsol.com\/wp-content\/uploads\/2025\/05\/frank-mckenna-OD9EOzfSOh0-unsplash-scaled.jpg","contentUrl":"https:\/\/alamocostadelsol.com\/wp-content\/uploads\/2025\/05\/frank-mckenna-OD9EOzfSOh0-unsplash-scaled.jpg","width":2560,"height":1704,"caption":"Wide stretch of golden sand and clear blue sea at Playa de Calahonda in Mijas"},{"@type":"BreadcrumbList","@id":"https:\/\/alamocostadelsol.com\/sv\/news\/basta-stranderna-mellan-nerja-och-marbella-gomda-parlor-och-kustnara-hotspots-pa-costa-del-sol#breadcrumb","itemListElement":[{"@type":"ListItem","position":1,"name":"Home","item":"https:\/\/alamocostadelsol.com\/sv"},{"@type":"ListItem","position":2,"name":"B\u00e4sta str\u00e4nderna mellan Nerja och Marbella: Dolda p\u00e4rlor och kustn\u00e4ra hotspots p\u00e5 Costa del Sol"}]},{"@type":"WebSite","@id":"https:\/\/alamocostadelsol.com\/sv#website","url":"https:\/\/alamocostadelsol.com\/sv","name":"Alamo - makes your dream come true at costa del sol","description":"","publisher":{"@id":"https:\/\/alamocostadelsol.com\/sv#organization"},"potentialAction":[{"@type":"SearchAction","target":{"@type":"EntryPoint","urlTemplate":"https:\/\/alamocostadelsol.com\/sv?s={search_term_string}"},"query-input":{"@type":"PropertyValueSpecification","valueRequired":true,"valueName":"search_term_string"}}],"inLanguage":"sv-SE"},{"@type":"Organization","@id":"https:\/\/alamocostadelsol.com\/sv#organization","name":"Alamo - makes your dream come true at costa del sol","url":"https:\/\/alamocostadelsol.com\/sv","logo":{"@type":"ImageObject","inLanguage":"sv-SE","@id":"https:\/\/alamocostadelsol.com\/sv#\/schema\/logo\/image\/","url":"https:\/\/alamocostadelsol.com\/wp-content\/uploads\/2024\/05\/alamo-costa-del-sol-logotype.png","contentUrl":"https:\/\/alamocostadelsol.com\/wp-content\/uploads\/2024\/05\/alamo-costa-del-sol-logotype.png","width":773,"height":170,"caption":"Alamo - makes your dream come true at costa del sol"},"image":{"@id":"https:\/\/alamocostadelsol.com\/sv#\/schema\/logo\/image\/"},"sameAs":["https:\/\/www.facebook.com\/alamocostadelsol","https:\/\/www.instagram.com\/alamocostadelsol\/"]},{"@type":"Person","@id":"https:\/\/alamocostadelsol.com\/sv#\/schema\/person\/514c5d82ea0741b520c03d28d1ff1a7a","name":"Per Lindqvist","image":{"@type":"ImageObject","inLanguage":"sv-SE","@id":"https:\/\/alamocostadelsol.com\/sv#\/schema\/person\/image\/","url":"https:\/\/secure.gravatar.com\/avatar\/7c3165414ae570a298d212f36baf0d9ab74e0d0fae19acbc9eed18656ed49770?s=96&d=mm&r=g","contentUrl":"https:\/\/secure.gravatar.com\/avatar\/7c3165414ae570a298d212f36baf0d9ab74e0d0fae19acbc9eed18656ed49770?s=96&d=mm&r=g","caption":"Per Lindqvist"},"url":"https:\/\/alamocostadelsol.com\/sv\/news\/author\/peli"}]}},"_links":{"self":[{"href":"https:\/\/alamocostadelsol.com\/sv\/wp-json\/wp\/v2\/posts\/18811927","targetHints":{"allow":["GET"]}}],"collection":[{"href":"https:\/\/alamocostadelsol.com\/sv\/wp-json\/wp\/v2\/posts"}],"about":[{"href":"https:\/\/alamocostadelsol.com\/sv\/wp-json\/wp\/v2\/types\/post"}],"author":[{"embeddable":true,"href":"https:\/\/alamocostadelsol.com\/sv\/wp-json\/wp\/v2\/users\/3"}],"replies":[{"embeddable":true,"href":"https:\/\/alamocostadelsol.com\/sv\/wp-json\/wp\/v2\/comments?post=18811927"}],"version-history":[{"count":4,"href":"https:\/\/alamocostadelsol.com\/sv\/wp-json\/wp\/v2\/posts\/18811927\/revisions"}],"predecessor-version":[{"id":18815129,"href":"https:\/\/alamocostadelsol.com\/sv\/wp-json\/wp\/v2\/posts\/18811927\/revisions\/18815129"}],"wp:featuredmedia":[{"embeddable":true,"href":"https:\/\/alamocostadelsol.com\/sv\/wp-json\/wp\/v2\/media\/18811896"}],"wp:attachment":[{"href":"https:\/\/alamocostadelsol.com\/sv\/wp-json\/wp\/v2\/media?parent=18811927"}],"wp:term":[{"taxonomy":"category","embeddable":true,"href":"https:\/\/alamocostadelsol.com\/sv\/wp-json\/wp\/v2\/categories?post=18811927"},{"taxonomy":"post_tag","embeddable":true,"href":"https:\/\/alamocostadelsol.com\/sv\/wp-json\/wp\/v2\/tags?post=18811927"},{"taxonomy":"dipi_cpt_category","embeddable":true,"href":"https:\/\/alamocostadelsol.com\/sv\/wp-json\/wp\/v2\/dipi_cpt_category?post=18811927"}],"curies":[{"name":"wp","href":"https:\/\/api.w.org\/{rel}","templated":true}]}}