{"id":18810967,"date":"2025-02-13T15:12:48","date_gmt":"2025-02-13T14:12:48","guid":{"rendered":"https:\/\/alamocostadelsol.com\/?p=18810967"},"modified":"2026-01-13T14:50:32","modified_gmt":"2026-01-13T13:50:32","slug":"de-basta-vattenparkerna-pa-costa-del-sol-for-familjen","status":"publish","type":"post","link":"https:\/\/alamocostadelsol.com\/sv\/news\/de-basta-vattenparkerna-pa-costa-del-sol-for-familjen","title":{"rendered":"De b\u00e4sta vattenparkerna p\u00e5 Costa del Sol f\u00f6r familjen"},"content":{"rendered":"<p>[et_pb_section][et_pb_row][et_pb_column type=&#8221;4_4&#8243;][et_pb_text]<!-- divi:paragraph --><\/p>\n<p>Costa del Sol \u00e4r k\u00e4nt f\u00f6r sina vackra str\u00e4nder, sitt varma medelhavsklimat och sin livliga kultur. Men bortom kusten finns det ett annat s\u00e4tt att svalka sig och ha roligt &#8211; vattenparker! Oavsett om du s\u00f6ker sp\u00e4nning eller bara \u00e4r ute efter en avslappnad dag i solen, erbjuder regionens b\u00e4sta vattenparker n\u00e5got f\u00f6r alla.  <\/p>\n<p><!-- \/divi:paragraph --><\/p>\n<p><!-- divi:paragraph --><\/p>\n<p><!-- \/divi:paragraph --><\/p>\n<p><!-- divi:heading --><\/p>\n<h2 class=\"wp-block-heading\"><strong>Topprankade vattenparker p\u00e5 Costa del Sol f\u00f6r familjer och sp\u00e4nningss\u00f6kare<\/strong><\/h2>\n<p><!-- \/divi:heading --><\/p>\n<p><!-- divi:paragraph --><\/p>\n<p>Om du letar efter ett sp\u00e4nnande s\u00e4tt att tillbringa en dag med familj eller v\u00e4nner, kolla in dessa fantastiska vattenparker p\u00e5 Costa del Sol.<\/p>\n<p><!-- \/divi:paragraph --><\/p>\n<p><!-- divi:paragraph --><\/p>\n<p><!-- \/divi:paragraph --><\/p>\n<p><!-- divi:heading {\"level\":3} --><\/p>\n<h3 class=\"wp-block-heading\"><a href=\"https:\/\/www.aqualand.es\/torremolinos\/\" target=\"_blank\" rel=\"noreferrer noopener\"><strong>Aqualand Torremolinos<\/strong><\/a><strong> &#8211; Den st\u00f6rsta och mest popul\u00e4ra vattenparken p\u00e5 Costa del Sol<\/strong><\/h3>\n<p><!-- \/divi:heading --><\/p>\n<p><!-- divi:paragraph --><\/p>\n<p><a href=\"https:\/\/www.aqualand.es\/torremolinos\/\" target=\"_blank\" rel=\"noreferrer noopener\">Aqualand Torremolinos<\/a> \u00e4r den st\u00f6rsta och mest v\u00e4lk\u00e4nda vattenparken p\u00e5 Costa del Sol. Det erbjuder ett stort urval av rutschkanor och pooler f\u00f6r alla \u00e5ldrar. Om du \u00e4lskar en bra adrenalinkick, prova <strong>Kamikaze<\/strong>, en av Europas h\u00f6gsta rutschkanor. F\u00f6r familjer med sm\u00e5 barn har <strong>Mini Park<\/strong> gott om s\u00e4kra och roliga alternativ. Dessutom, med m\u00e5nga matst\u00e5nd och skuggiga omr\u00e5den, \u00e4r det l\u00e4tt att tillbringa hela dagen h\u00e4r.    <\/p>\n<p><!-- \/divi:paragraph --><\/p>\n<p><!-- divi:paragraph --><\/p>\n<p><!-- \/divi:paragraph --><\/p>\n<p><!-- divi:heading {\"level\":3} --><\/p>\n<h3 class=\"wp-block-heading\"><a href=\"https:\/\/www.aquamijas.com\/\" target=\"_blank\" rel=\"noreferrer noopener\"><strong>AquaMijas<\/strong><\/a><strong> &#8211; En familjev\u00e4nlig vattenpark n\u00e4ra Fuengirola<\/strong><\/h3>\n<p><!-- \/divi:heading --><\/p>\n<p><!-- divi:image {\"id\":18810945,\"sizeSlug\":\"large\",\"linkDestination\":\"none\"} --><\/p>\n<figure class=\"wp-block-image size-large\"><img decoding=\"async\" width=\"1024\" height=\"768\" data-src=\"https:\/\/alamocostadelsol.com\/wp-content\/uploads\/2025\/02\/shutterstock_editorial_2165353229-1024x768.jpg\" alt=\"Vattenlekplats med rustikt tema p\u00e5 AquaMijas, en popul\u00e4r vattenpark p\u00e5 Costa del Sol, med vattenfall, rutschkanor och en rolig familjev\u00e4nlig atmosf\u00e4r under Medelhavssolen.\" class=\"wp-image-18810945 lazyload\" data-srcset=\"https:\/\/alamocostadelsol.com\/wp-content\/uploads\/2025\/02\/shutterstock_editorial_2165353229-980x735.jpg 980w, https:\/\/alamocostadelsol.com\/wp-content\/uploads\/2025\/02\/shutterstock_editorial_2165353229-480x360.jpg 480w\" data-sizes=\"(min-width: 0px) and (max-width: 480px) 480px, (min-width: 481px) and (max-width: 980px) 980px, (min-width: 981px) 1024px, 100vw\" src=\"data:image\/svg+xml;base64,PHN2ZyB3aWR0aD0iMSIgaGVpZ2h0PSIxIiB4bWxucz0iaHR0cDovL3d3dy53My5vcmcvMjAwMC9zdmciPjwvc3ZnPg==\" style=\"--smush-placeholder-width: 1024px; --smush-placeholder-aspect-ratio: 1024\/768;\" \/><\/figure>\n<p><!-- \/divi:image --><\/p>\n<p><!-- divi:paragraph --><\/p>\n<p><a href=\"https:\/\/www.aquamijas.com\/\" target=\"_blank\" rel=\"noreferrer noopener\">AquaMijas<\/a> ligger n\u00e4ra <a href=\"https:\/\/alamocostadelsol.com\/sv\/omradesguide\/fuengirola\">Fuengirola<\/a> och \u00e4r ett utm\u00e4rkt alternativ f\u00f6r barnfamiljer. Parken erbjuder en blandning av attraktioner, inklusive en v\u00e5gpool, en lazy river och olika rutschbanor f\u00f6r olika \u00e5ldersgrupper. Det \u00e4r inte lika stort som Aqualand, vilket g\u00f6r det l\u00e4ttare att navigera. Den mindre storleken g\u00f6r den perfekt f\u00f6r en avslappnad och stressfri familjedag.   <\/p>\n<p><!-- \/divi:paragraph --><\/p>\n<p><!-- divi:paragraph --><\/p>\n<p><!-- \/divi:paragraph --><\/p>\n<p><!-- divi:paragraph --><\/p>\n<p><!-- \/divi:paragraph --><\/p>\n<p><!-- divi:heading {\"level\":3} --><\/p>\n<h3 class=\"wp-block-heading\"><a href=\"https:\/\/www.aquavelis.es\/\" target=\"_blank\" rel=\"noreferrer noopener\"><strong>Aquavelis vattenpark<\/strong><\/a><strong> &#8211; En rolig och avkopplande vattenpark i Torre del Mar<\/strong><\/h3>\n<p><!-- \/divi:heading --><\/p>\n<p><!-- divi:paragraph --><\/p>\n<p>Om du befinner dig p\u00e5 den \u00f6stra sidan av Costa del Sol \u00e4r <a href=\"https:\/\/www.aquavelis.es\/\" target=\"_blank\" rel=\"noreferrer noopener\">Aquavelis Water Park<\/a> i Torre del Mar ett utm\u00e4rkt val. Den \u00e4r lugnare \u00e4n de andra parkerna men har \u00e4nd\u00e5 sp\u00e4nnande rutschkanor, en v\u00e5gbass\u00e4ng och ett s\u00e4rskilt lekomr\u00e5de f\u00f6r yngre barn. Om du f\u00f6redrar en mer avslappnad upplevelse utan stora folkmassor \u00e4r den h\u00e4r parken ett bra alternativ.  <\/p>\n<p><!-- \/divi:paragraph --><\/p>\n<p><!-- divi:paragraph --><\/p>\n<p><!-- \/divi:paragraph --><\/p>\n<p><!-- divi:paragraph --><\/p>\n<p><!-- \/divi:paragraph --><\/p>\n<p><!-- divi:heading --><\/p>\n<h2 class=\"wp-block-heading\"><strong>Varf\u00f6r ett bes\u00f6k i en vattenpark f\u00f6rh\u00f6jer livsstilen p\u00e5 Costa del Sol<\/strong><\/h2>\n<p><!-- \/divi:heading --><\/p>\n<p><!-- divi:paragraph --><\/p>\n<p>En av de b\u00e4sta sakerna med att <a href=\"https:\/\/www.visitcostadelsol.com\/\" target=\"_blank\" rel=\"noreferrer noopener\"><strong>att bo i Costa del Sol<\/strong><\/a> \u00e4r den enkla tillg\u00e5ngen till underh\u00e5llning och utomhusaktiviteter av h\u00f6gsta kvalitet. Oavsett om du \u00e4r lokalbo eller bes\u00f6kare \u00e4r en dag p\u00e5 en vattenpark ett fantastiskt s\u00e4tt att njuta av det varma medelhavsklimatet. Med s\u00e5 m\u00e5nga alternativ finns det alltid en plats d\u00e4r man kan svalka sig och skapa fantastiska minnen.  <\/p>\n<p><!-- \/divi:paragraph --><\/p>\n<p><!-- divi:paragraph --><\/p>\n<p><!-- \/divi:paragraph --><\/p>\n<p><!-- divi:paragraph --><\/p>\n<p><!-- \/divi:paragraph --><\/p>\n<p><!-- divi:heading --><\/p>\n<h2 class=\"wp-block-heading\"><strong>Slutliga tankar om de b\u00e4sta vattenparkerna i Costa del Sol<\/strong><\/h2>\n<p><!-- \/divi:heading --><\/p>\n<p><!-- divi:paragraph --><\/p>\n<p>Fr\u00e5n de sp\u00e4nnande \u00e5kturerna p\u00e5 <strong>Aqualand Torremolinos<\/strong> till den avslappnade atmosf\u00e4ren p\u00e5 <strong>AquaMijas<\/strong> \u00e4r <strong>vattenparkerna p\u00e5 Costa del Sol<\/strong> en h\u00f6jdpunkt i regionen. Oavsett om du \u00e4r h\u00e4r p\u00e5 semester eller funderar p\u00e5 att <strong>bo i Costa del Sol<\/strong>, bidrar dessa parker till omr\u00e5dets charm och attraktionskraft. <\/p>\n<p><!-- \/divi:paragraph --><\/p>\n<p><!-- divi:paragraph --><\/p>\n<p>Funderar du p\u00e5 att k\u00f6pa ett hem p\u00e5 Costa del Sol? <a href=\"https:\/\/alamocostadelsol.com\/sv\/kontakt\" target=\"_blank\" rel=\"noreferrer noopener\">Kontakta oss<\/a> f\u00f6r att hitta den perfekta fastigheten n\u00e4ra dessa fantastiska attraktioner!<\/p>\n<p><!-- \/divi:paragraph --><\/p>\n<p><!-- divi:paragraph --><\/p>\n<p><!-- \/divi:paragraph --><\/p>\n<p><!-- divi:paragraph --><\/p>\n<p><!-- \/divi:paragraph --><\/p>\n<p><!-- divi:paragraph --><\/p>\n<p><!-- \/divi:paragraph --><\/p>\n<p><!-- divi:heading {\"level\":3} --><\/p>\n<h3 class=\"wp-block-heading\"><strong>Vanliga fr\u00e5gor om vattenparker p\u00e5 Costa del Sol<\/strong><\/h3>\n<p><!-- \/divi:heading --><\/p>\n<p><!-- divi:paragraph --><\/p>\n<p><strong>Q: Vilken \u00e4r den st\u00f6rsta vattenparken p\u00e5 Costa del Sol?<\/strong><br \/><em>A: <\/em><a href=\"https:\/\/www.aqualand.es\/torremolinos\/\"><em>Aqualand Torremolinos<\/em><\/a><em> \u00e4r den st\u00f6rsta vattenparken, med sp\u00e4nnande rutschkanor och familjev\u00e4nliga attraktioner.<\/em><\/p>\n<p><!-- \/divi:paragraph --><\/p>\n<p><!-- divi:paragraph --><\/p>\n<p><strong>F: Finns det vattenparker som \u00e4r l\u00e4mpliga f\u00f6r sm\u00e5 barn p\u00e5 Costa del Sol?<\/strong><br \/><em>S: Ja, det finns det! <\/em><a href=\"https:\/\/www.aquamijas.com\/\"><em>AquaMijas<\/em><\/a><em> och <\/em><a href=\"https:\/\/www.aquavelis.es\/\"><em>Aquavelis vattenpark<\/em><\/a><em> har s\u00e4rskilda lekplatser f\u00f6r barn, vilket g\u00f6r dem perfekta f\u00f6r familjer med sm\u00e5 barn.<\/em><\/p>\n<p><!-- \/divi:paragraph -->[\/et_pb_text][\/et_pb_column][\/et_pb_row][\/et_pb_section]<\/p>\n","protected":false},"excerpt":{"rendered":"<p><div class=\"et_pb_section et_pb_section_0 et_section_regular\" >\n\t\t\t\t\n\t\t\t\t\n\t\t\t\t\n\t\t\t\t\n\t\t\t\t\n\t\t\t\t\n\t\t\t\t\n\t\t\t\t\n\t\t\t\t\n\t\t\t<\/div><div class=\"et_pb_row et_pb_row_0 et_pb_row_empty\">\n\t\t\t\t\n\t\t\t\t\n\t\t\t\t\n\t\t\t\t\n\t\t\t\t\n\t\t\t<\/div><div class=\"et_pb_module et_pb_text et_pb_text_0  et_pb_text_align_left et_pb_bg_layout_light\">\n\t\t\t\t\n\t\t\t\t\n\t\t\t\t\n\t\t\t\t\n\t\t\t\t\n\t\t\t<\/div> Costa del Sol \u00e4r k\u00e4nt f\u00f6r sina vackra str\u00e4nder, sitt varma medelhavsklimat och sin livliga kultur. Men bortom kusten finns det ett annat s\u00e4tt att svalka sig och ha roligt &#8211; vattenparker! Oavsett om du s\u00f6ker sp\u00e4nning eller bara \u00e4r ute efter en avslappnad dag i solen, erbjuder regionens b\u00e4sta vattenparker n\u00e5got f\u00f6r alla. [&hellip;]<\/p>\n","protected":false},"author":3,"featured_media":18811494,"comment_status":"closed","ping_status":"open","sticky":false,"template":"","format":"standard","meta":{"_et_pb_use_builder":"on","_et_pb_old_content":"","_et_gb_content_width":"","footnotes":""},"categories":[152],"tags":[],"dipi_cpt_category":[],"class_list":["post-18810967","post","type-post","status-publish","format-standard","has-post-thumbnail","hentry","category-natur-och-friluftsliv"],"yoast_head":"<!-- This site is optimized with the Yoast SEO plugin v25.8 - https:\/\/yoast.com\/wordpress\/plugins\/seo\/ -->\n<title>B\u00e4sta vattenparkerna i Costa del Sol f\u00f6r familjen\u00f6jen<\/title>\n<meta name=\"description\" content=\"Uppt\u00e4ck Costa del Sols b\u00e4sta vattenparker f\u00f6r familjen\u00f6jen, fr\u00e5n Aqualand Torremolinos till AquaMijas. Toppattraktioner f\u00f6r b\u00e5de barn och vuxna.\" \/>\n<meta name=\"robots\" content=\"index, follow, max-snippet:-1, max-image-preview:large, max-video-preview:-1\" \/>\n<link rel=\"canonical\" href=\"https:\/\/alamocostadelsol.com\/sv\/news\/de-basta-vattenparkerna-pa-costa-del-sol-for-familjen\" \/>\n<meta property=\"og:locale\" content=\"sv_SE\" \/>\n<meta property=\"og:type\" content=\"article\" \/>\n<meta property=\"og:title\" content=\"B\u00e4sta vattenparkerna i Costa del Sol f\u00f6r familjen\u00f6jen\" \/>\n<meta property=\"og:description\" content=\"Uppt\u00e4ck Costa del Sols b\u00e4sta vattenparker f\u00f6r familjen\u00f6jen, fr\u00e5n Aqualand Torremolinos till AquaMijas. Toppattraktioner f\u00f6r b\u00e5de barn och vuxna.\" \/>\n<meta property=\"og:url\" content=\"https:\/\/alamocostadelsol.com\/sv\/news\/de-basta-vattenparkerna-pa-costa-del-sol-for-familjen\" \/>\n<meta property=\"og:site_name\" content=\"Alamo - makes your dream come true at costa del sol\" \/>\n<meta property=\"article:publisher\" content=\"https:\/\/www.facebook.com\/alamocostadelsol\" \/>\n<meta property=\"article:published_time\" content=\"2025-02-13T14:12:48+00:00\" \/>\n<meta property=\"article:modified_time\" content=\"2026-01-13T13:50:32+00:00\" \/>\n<meta property=\"og:image\" content=\"https:\/\/alamocostadelsol.com\/wp-content\/uploads\/2025\/02\/shutterstock_2301582567-1-scaled.jpg\" \/>\n\t<meta property=\"og:image:width\" content=\"2560\" \/>\n\t<meta property=\"og:image:height\" content=\"1708\" \/>\n\t<meta property=\"og:image:type\" content=\"image\/jpeg\" \/>\n<meta name=\"author\" content=\"Per Lindqvist\" \/>\n<meta name=\"twitter:card\" content=\"summary_large_image\" \/>\n<meta name=\"twitter:label1\" content=\"Skriven av\" \/>\n\t<meta name=\"twitter:data1\" content=\"Per Lindqvist\" \/>\n\t<meta name=\"twitter:label2\" content=\"Ber\u00e4knad l\u00e4stid\" \/>\n\t<meta name=\"twitter:data2\" content=\"3 minuter\" \/>\n<script type=\"application\/ld+json\" class=\"yoast-schema-graph\">{\"@context\":\"https:\/\/schema.org\",\"@graph\":[{\"@type\":\"Article\",\"@id\":\"https:\/\/alamocostadelsol.com\/sv\/news\/de-basta-vattenparkerna-pa-costa-del-sol-for-familjen#article\",\"isPartOf\":{\"@id\":\"https:\/\/alamocostadelsol.com\/sv\/news\/de-basta-vattenparkerna-pa-costa-del-sol-for-familjen\"},\"author\":{\"name\":\"Per Lindqvist\",\"@id\":\"https:\/\/alamocostadelsol.com\/sv#\/schema\/person\/514c5d82ea0741b520c03d28d1ff1a7a\"},\"headline\":\"De b\u00e4sta vattenparkerna p\u00e5 Costa del Sol f\u00f6r familjen\",\"datePublished\":\"2025-02-13T14:12:48+00:00\",\"dateModified\":\"2026-01-13T13:50:32+00:00\",\"mainEntityOfPage\":{\"@id\":\"https:\/\/alamocostadelsol.com\/sv\/news\/de-basta-vattenparkerna-pa-costa-del-sol-for-familjen\"},\"wordCount\":644,\"publisher\":{\"@id\":\"https:\/\/alamocostadelsol.com\/sv#organization\"},\"image\":{\"@id\":\"https:\/\/alamocostadelsol.com\/sv\/news\/de-basta-vattenparkerna-pa-costa-del-sol-for-familjen#primaryimage\"},\"thumbnailUrl\":\"https:\/\/alamocostadelsol.com\/wp-content\/uploads\/2025\/02\/shutterstock_2301582567-1-scaled.jpg\",\"articleSection\":[\"Natur och friluftsliv\"],\"inLanguage\":\"sv-SE\"},{\"@type\":\"WebPage\",\"@id\":\"https:\/\/alamocostadelsol.com\/sv\/news\/de-basta-vattenparkerna-pa-costa-del-sol-for-familjen\",\"url\":\"https:\/\/alamocostadelsol.com\/sv\/news\/de-basta-vattenparkerna-pa-costa-del-sol-for-familjen\",\"name\":\"B\u00e4sta vattenparkerna i Costa del Sol f\u00f6r familjen\u00f6jen\",\"isPartOf\":{\"@id\":\"https:\/\/alamocostadelsol.com\/sv#website\"},\"primaryImageOfPage\":{\"@id\":\"https:\/\/alamocostadelsol.com\/sv\/news\/de-basta-vattenparkerna-pa-costa-del-sol-for-familjen#primaryimage\"},\"image\":{\"@id\":\"https:\/\/alamocostadelsol.com\/sv\/news\/de-basta-vattenparkerna-pa-costa-del-sol-for-familjen#primaryimage\"},\"thumbnailUrl\":\"https:\/\/alamocostadelsol.com\/wp-content\/uploads\/2025\/02\/shutterstock_2301582567-1-scaled.jpg\",\"datePublished\":\"2025-02-13T14:12:48+00:00\",\"dateModified\":\"2026-01-13T13:50:32+00:00\",\"description\":\"Uppt\u00e4ck Costa del Sols b\u00e4sta vattenparker f\u00f6r familjen\u00f6jen, fr\u00e5n Aqualand Torremolinos till AquaMijas. Toppattraktioner f\u00f6r b\u00e5de barn och vuxna.\",\"breadcrumb\":{\"@id\":\"https:\/\/alamocostadelsol.com\/sv\/news\/de-basta-vattenparkerna-pa-costa-del-sol-for-familjen#breadcrumb\"},\"inLanguage\":\"sv-SE\",\"potentialAction\":[{\"@type\":\"ReadAction\",\"target\":[\"https:\/\/alamocostadelsol.com\/sv\/news\/de-basta-vattenparkerna-pa-costa-del-sol-for-familjen\"]}]},{\"@type\":\"ImageObject\",\"inLanguage\":\"sv-SE\",\"@id\":\"https:\/\/alamocostadelsol.com\/sv\/news\/de-basta-vattenparkerna-pa-costa-del-sol-for-familjen#primaryimage\",\"url\":\"https:\/\/alamocostadelsol.com\/wp-content\/uploads\/2025\/02\/shutterstock_2301582567-1-scaled.jpg\",\"contentUrl\":\"https:\/\/alamocostadelsol.com\/wp-content\/uploads\/2025\/02\/shutterstock_2301582567-1-scaled.jpg\",\"width\":2560,\"height\":1708,\"caption\":\"A child splashes into the pool at the end of a thrilling blue water slide, enjoying a fun day at a Costa del Sol water park.\"},{\"@type\":\"BreadcrumbList\",\"@id\":\"https:\/\/alamocostadelsol.com\/sv\/news\/de-basta-vattenparkerna-pa-costa-del-sol-for-familjen#breadcrumb\",\"itemListElement\":[{\"@type\":\"ListItem\",\"position\":1,\"name\":\"Home\",\"item\":\"https:\/\/alamocostadelsol.com\/sv\"},{\"@type\":\"ListItem\",\"position\":2,\"name\":\"De b\u00e4sta vattenparkerna p\u00e5 Costa del Sol f\u00f6r familjen\"}]},{\"@type\":\"WebSite\",\"@id\":\"https:\/\/alamocostadelsol.com\/sv#website\",\"url\":\"https:\/\/alamocostadelsol.com\/sv\",\"name\":\"Alamo - makes your dream come true at costa del sol\",\"description\":\"\",\"publisher\":{\"@id\":\"https:\/\/alamocostadelsol.com\/sv#organization\"},\"potentialAction\":[{\"@type\":\"SearchAction\",\"target\":{\"@type\":\"EntryPoint\",\"urlTemplate\":\"https:\/\/alamocostadelsol.com\/sv?s={search_term_string}\"},\"query-input\":{\"@type\":\"PropertyValueSpecification\",\"valueRequired\":true,\"valueName\":\"search_term_string\"}}],\"inLanguage\":\"sv-SE\"},{\"@type\":\"Organization\",\"@id\":\"https:\/\/alamocostadelsol.com\/sv#organization\",\"name\":\"Alamo - makes your dream come true at costa del sol\",\"url\":\"https:\/\/alamocostadelsol.com\/sv\",\"logo\":{\"@type\":\"ImageObject\",\"inLanguage\":\"sv-SE\",\"@id\":\"https:\/\/alamocostadelsol.com\/sv#\/schema\/logo\/image\/\",\"url\":\"https:\/\/alamocostadelsol.com\/wp-content\/uploads\/2024\/05\/alamo-costa-del-sol-logotype.png\",\"contentUrl\":\"https:\/\/alamocostadelsol.com\/wp-content\/uploads\/2024\/05\/alamo-costa-del-sol-logotype.png\",\"width\":773,\"height\":170,\"caption\":\"Alamo - makes your dream come true at costa del sol\"},\"image\":{\"@id\":\"https:\/\/alamocostadelsol.com\/sv#\/schema\/logo\/image\/\"},\"sameAs\":[\"https:\/\/www.facebook.com\/alamocostadelsol\",\"https:\/\/www.instagram.com\/alamocostadelsol\/\"]},{\"@type\":\"Person\",\"@id\":\"https:\/\/alamocostadelsol.com\/sv#\/schema\/person\/514c5d82ea0741b520c03d28d1ff1a7a\",\"name\":\"Per Lindqvist\",\"image\":{\"@type\":\"ImageObject\",\"inLanguage\":\"sv-SE\",\"@id\":\"https:\/\/alamocostadelsol.com\/sv#\/schema\/person\/image\/\",\"url\":\"https:\/\/secure.gravatar.com\/avatar\/7c3165414ae570a298d212f36baf0d9ab74e0d0fae19acbc9eed18656ed49770?s=96&d=mm&r=g\",\"contentUrl\":\"https:\/\/secure.gravatar.com\/avatar\/7c3165414ae570a298d212f36baf0d9ab74e0d0fae19acbc9eed18656ed49770?s=96&d=mm&r=g\",\"caption\":\"Per Lindqvist\"},\"url\":\"https:\/\/alamocostadelsol.com\/sv\/news\/author\/peli\"}]}<\/script>\n<!-- \/ Yoast SEO plugin. -->","yoast_head_json":{"title":"B\u00e4sta vattenparkerna i Costa del Sol f\u00f6r familjen\u00f6jen","description":"Uppt\u00e4ck Costa del Sols b\u00e4sta vattenparker f\u00f6r familjen\u00f6jen, fr\u00e5n Aqualand Torremolinos till AquaMijas. Toppattraktioner f\u00f6r b\u00e5de barn och vuxna.","robots":{"index":"index","follow":"follow","max-snippet":"max-snippet:-1","max-image-preview":"max-image-preview:large","max-video-preview":"max-video-preview:-1"},"canonical":"https:\/\/alamocostadelsol.com\/sv\/news\/de-basta-vattenparkerna-pa-costa-del-sol-for-familjen","og_locale":"sv_SE","og_type":"article","og_title":"B\u00e4sta vattenparkerna i Costa del Sol f\u00f6r familjen\u00f6jen","og_description":"Uppt\u00e4ck Costa del Sols b\u00e4sta vattenparker f\u00f6r familjen\u00f6jen, fr\u00e5n Aqualand Torremolinos till AquaMijas. Toppattraktioner f\u00f6r b\u00e5de barn och vuxna.","og_url":"https:\/\/alamocostadelsol.com\/sv\/news\/de-basta-vattenparkerna-pa-costa-del-sol-for-familjen","og_site_name":"Alamo - makes your dream come true at costa del sol","article_publisher":"https:\/\/www.facebook.com\/alamocostadelsol","article_published_time":"2025-02-13T14:12:48+00:00","article_modified_time":"2026-01-13T13:50:32+00:00","og_image":[{"width":2560,"height":1708,"url":"https:\/\/alamocostadelsol.com\/wp-content\/uploads\/2025\/02\/shutterstock_2301582567-1-scaled.jpg","type":"image\/jpeg"}],"author":"Per Lindqvist","twitter_card":"summary_large_image","twitter_misc":{"Skriven av":"Per Lindqvist","Ber\u00e4knad l\u00e4stid":"3 minuter"},"schema":{"@context":"https:\/\/schema.org","@graph":[{"@type":"Article","@id":"https:\/\/alamocostadelsol.com\/sv\/news\/de-basta-vattenparkerna-pa-costa-del-sol-for-familjen#article","isPartOf":{"@id":"https:\/\/alamocostadelsol.com\/sv\/news\/de-basta-vattenparkerna-pa-costa-del-sol-for-familjen"},"author":{"name":"Per Lindqvist","@id":"https:\/\/alamocostadelsol.com\/sv#\/schema\/person\/514c5d82ea0741b520c03d28d1ff1a7a"},"headline":"De b\u00e4sta vattenparkerna p\u00e5 Costa del Sol f\u00f6r familjen","datePublished":"2025-02-13T14:12:48+00:00","dateModified":"2026-01-13T13:50:32+00:00","mainEntityOfPage":{"@id":"https:\/\/alamocostadelsol.com\/sv\/news\/de-basta-vattenparkerna-pa-costa-del-sol-for-familjen"},"wordCount":644,"publisher":{"@id":"https:\/\/alamocostadelsol.com\/sv#organization"},"image":{"@id":"https:\/\/alamocostadelsol.com\/sv\/news\/de-basta-vattenparkerna-pa-costa-del-sol-for-familjen#primaryimage"},"thumbnailUrl":"https:\/\/alamocostadelsol.com\/wp-content\/uploads\/2025\/02\/shutterstock_2301582567-1-scaled.jpg","articleSection":["Natur och friluftsliv"],"inLanguage":"sv-SE"},{"@type":"WebPage","@id":"https:\/\/alamocostadelsol.com\/sv\/news\/de-basta-vattenparkerna-pa-costa-del-sol-for-familjen","url":"https:\/\/alamocostadelsol.com\/sv\/news\/de-basta-vattenparkerna-pa-costa-del-sol-for-familjen","name":"B\u00e4sta vattenparkerna i Costa del Sol f\u00f6r familjen\u00f6jen","isPartOf":{"@id":"https:\/\/alamocostadelsol.com\/sv#website"},"primaryImageOfPage":{"@id":"https:\/\/alamocostadelsol.com\/sv\/news\/de-basta-vattenparkerna-pa-costa-del-sol-for-familjen#primaryimage"},"image":{"@id":"https:\/\/alamocostadelsol.com\/sv\/news\/de-basta-vattenparkerna-pa-costa-del-sol-for-familjen#primaryimage"},"thumbnailUrl":"https:\/\/alamocostadelsol.com\/wp-content\/uploads\/2025\/02\/shutterstock_2301582567-1-scaled.jpg","datePublished":"2025-02-13T14:12:48+00:00","dateModified":"2026-01-13T13:50:32+00:00","description":"Uppt\u00e4ck Costa del Sols b\u00e4sta vattenparker f\u00f6r familjen\u00f6jen, fr\u00e5n Aqualand Torremolinos till AquaMijas. Toppattraktioner f\u00f6r b\u00e5de barn och vuxna.","breadcrumb":{"@id":"https:\/\/alamocostadelsol.com\/sv\/news\/de-basta-vattenparkerna-pa-costa-del-sol-for-familjen#breadcrumb"},"inLanguage":"sv-SE","potentialAction":[{"@type":"ReadAction","target":["https:\/\/alamocostadelsol.com\/sv\/news\/de-basta-vattenparkerna-pa-costa-del-sol-for-familjen"]}]},{"@type":"ImageObject","inLanguage":"sv-SE","@id":"https:\/\/alamocostadelsol.com\/sv\/news\/de-basta-vattenparkerna-pa-costa-del-sol-for-familjen#primaryimage","url":"https:\/\/alamocostadelsol.com\/wp-content\/uploads\/2025\/02\/shutterstock_2301582567-1-scaled.jpg","contentUrl":"https:\/\/alamocostadelsol.com\/wp-content\/uploads\/2025\/02\/shutterstock_2301582567-1-scaled.jpg","width":2560,"height":1708,"caption":"A child splashes into the pool at the end of a thrilling blue water slide, enjoying a fun day at a Costa del Sol water park."},{"@type":"BreadcrumbList","@id":"https:\/\/alamocostadelsol.com\/sv\/news\/de-basta-vattenparkerna-pa-costa-del-sol-for-familjen#breadcrumb","itemListElement":[{"@type":"ListItem","position":1,"name":"Home","item":"https:\/\/alamocostadelsol.com\/sv"},{"@type":"ListItem","position":2,"name":"De b\u00e4sta vattenparkerna p\u00e5 Costa del Sol f\u00f6r familjen"}]},{"@type":"WebSite","@id":"https:\/\/alamocostadelsol.com\/sv#website","url":"https:\/\/alamocostadelsol.com\/sv","name":"Alamo - makes your dream come true at costa del sol","description":"","publisher":{"@id":"https:\/\/alamocostadelsol.com\/sv#organization"},"potentialAction":[{"@type":"SearchAction","target":{"@type":"EntryPoint","urlTemplate":"https:\/\/alamocostadelsol.com\/sv?s={search_term_string}"},"query-input":{"@type":"PropertyValueSpecification","valueRequired":true,"valueName":"search_term_string"}}],"inLanguage":"sv-SE"},{"@type":"Organization","@id":"https:\/\/alamocostadelsol.com\/sv#organization","name":"Alamo - makes your dream come true at costa del sol","url":"https:\/\/alamocostadelsol.com\/sv","logo":{"@type":"ImageObject","inLanguage":"sv-SE","@id":"https:\/\/alamocostadelsol.com\/sv#\/schema\/logo\/image\/","url":"https:\/\/alamocostadelsol.com\/wp-content\/uploads\/2024\/05\/alamo-costa-del-sol-logotype.png","contentUrl":"https:\/\/alamocostadelsol.com\/wp-content\/uploads\/2024\/05\/alamo-costa-del-sol-logotype.png","width":773,"height":170,"caption":"Alamo - makes your dream come true at costa del sol"},"image":{"@id":"https:\/\/alamocostadelsol.com\/sv#\/schema\/logo\/image\/"},"sameAs":["https:\/\/www.facebook.com\/alamocostadelsol","https:\/\/www.instagram.com\/alamocostadelsol\/"]},{"@type":"Person","@id":"https:\/\/alamocostadelsol.com\/sv#\/schema\/person\/514c5d82ea0741b520c03d28d1ff1a7a","name":"Per Lindqvist","image":{"@type":"ImageObject","inLanguage":"sv-SE","@id":"https:\/\/alamocostadelsol.com\/sv#\/schema\/person\/image\/","url":"https:\/\/secure.gravatar.com\/avatar\/7c3165414ae570a298d212f36baf0d9ab74e0d0fae19acbc9eed18656ed49770?s=96&d=mm&r=g","contentUrl":"https:\/\/secure.gravatar.com\/avatar\/7c3165414ae570a298d212f36baf0d9ab74e0d0fae19acbc9eed18656ed49770?s=96&d=mm&r=g","caption":"Per Lindqvist"},"url":"https:\/\/alamocostadelsol.com\/sv\/news\/author\/peli"}]}},"_links":{"self":[{"href":"https:\/\/alamocostadelsol.com\/sv\/wp-json\/wp\/v2\/posts\/18810967","targetHints":{"allow":["GET"]}}],"collection":[{"href":"https:\/\/alamocostadelsol.com\/sv\/wp-json\/wp\/v2\/posts"}],"about":[{"href":"https:\/\/alamocostadelsol.com\/sv\/wp-json\/wp\/v2\/types\/post"}],"author":[{"embeddable":true,"href":"https:\/\/alamocostadelsol.com\/sv\/wp-json\/wp\/v2\/users\/3"}],"replies":[{"embeddable":true,"href":"https:\/\/alamocostadelsol.com\/sv\/wp-json\/wp\/v2\/comments?post=18810967"}],"version-history":[{"count":3,"href":"https:\/\/alamocostadelsol.com\/sv\/wp-json\/wp\/v2\/posts\/18810967\/revisions"}],"predecessor-version":[{"id":18815065,"href":"https:\/\/alamocostadelsol.com\/sv\/wp-json\/wp\/v2\/posts\/18810967\/revisions\/18815065"}],"wp:featuredmedia":[{"embeddable":true,"href":"https:\/\/alamocostadelsol.com\/sv\/wp-json\/wp\/v2\/media\/18811494"}],"wp:attachment":[{"href":"https:\/\/alamocostadelsol.com\/sv\/wp-json\/wp\/v2\/media?parent=18810967"}],"wp:term":[{"taxonomy":"category","embeddable":true,"href":"https:\/\/alamocostadelsol.com\/sv\/wp-json\/wp\/v2\/categories?post=18810967"},{"taxonomy":"post_tag","embeddable":true,"href":"https:\/\/alamocostadelsol.com\/sv\/wp-json\/wp\/v2\/tags?post=18810967"},{"taxonomy":"dipi_cpt_category","embeddable":true,"href":"https:\/\/alamocostadelsol.com\/sv\/wp-json\/wp\/v2\/dipi_cpt_category?post=18810967"}],"curies":[{"name":"wp","href":"https:\/\/api.w.org\/{rel}","templated":true}]}}