{"id":18813166,"date":"2025-07-14T12:47:54","date_gmt":"2025-07-14T10:47:54","guid":{"rendered":"https:\/\/alamocostadelsol.com\/news\/utforsk-de-hvite-landsbyene-pueblos-blancos-pa-costa-del-sol"},"modified":"2026-01-13T14:49:47","modified_gmt":"2026-01-13T13:49:47","slug":"utforsk-de-hvite-landsbyene-pueblos-blancos-pa-costa-del-sol","status":"publish","type":"post","link":"https:\/\/alamocostadelsol.com\/no\/news\/utforsk-de-hvite-landsbyene-pueblos-blancos-pa-costa-del-sol","title":{"rendered":"Utforsk de hvite landsbyene (Pueblos Blancos) p\u00e5 Costa del Sol"},"content":{"rendered":"\n<p><strong>Pueblos Blancos<\/strong> (hvite landsbyer) i Andaluc\u00eda er noen av Spanias mest pittoreske og historisk rike reisem\u00e5l. Gjemt i \u00e5sene og fjellene p\u00e5 <strong>Costa del Sol<\/strong>, tilbyr disse sjarmerende landsbyene, med sine <strong>hvitkalkede hus og brosteinsbelagte gater<\/strong>, en perfekt flukt inn i det tradisjonelle andalusiske livet. Hvis du planlegger en tur, vil denne guiden hjelpe deg med \u00e5 utforske de <strong>beste hvite landsbyene i n\u00e6rheten av M\u00e1laga<\/strong>, hvordan du bes\u00f8ker dem og hva du kan forvente. <\/p>\n\n<h2 class=\"wp-block-heading\"><strong>Hva er de hvite landsbyene i Andaluc\u00eda?<\/strong><\/h2>\n\n<p><strong>Pueblos Blancos<\/strong> er en samling landsbyer hovedsakelig i provinsene <strong>M\u00e1laga og C\u00e1diz<\/strong>. De er kjent for sine <strong>hvitmalte hus<\/strong>, som reflekterer sollys og holder interi\u00f8ret kj\u00f8lig i de varme somrene. Mange av disse landsbyene har <strong>maurisk opprinnelse<\/strong>, tydelig i deres <strong>smale, svingete gater, festninger p\u00e5 bakketopper og tradisjonelle andalusiske g\u00e5rdsplasser<\/strong>.  <\/p>\n\n<p>Tradisjonen med <strong>\u00e5 kalke hjem<\/strong> fortsetter i dag, og gir disse landsbyene en tidl\u00f8s sjarm som tiltrekker seg reisende fra hele verden.<\/p>\n\n<p>\ud83d\udd17 <strong>Relatert:<\/strong><a href=\"https:\/\/en.wikipedia.org\/wiki\/White_Towns_of_Andalusia\"> Historien til Pueblos Blancos i Andaluc\u00eda<\/a><\/p>\n\n<h2 class=\"wp-block-heading\"><strong>De beste hvite landsbyene \u00e5 bes\u00f8ke p\u00e5 Costa del Sol<\/strong><\/h2>\n\n<p>Hvis du bes\u00f8ker <strong>M\u00e1laga eller Costa del Sol<\/strong>, her er noen av de vakreste og mest tilgjengelige <strong>hvite landsbyene<\/strong> \u00e5 utforske.<\/p>\n\n<h3 class=\"wp-block-heading\"><strong>1. Mijas Pueblo \u2013 Den typiske hvite landsbyen<\/strong><\/h3>\n\n<figure class=\"wp-block-image size-large\"><img decoding=\"async\" width=\"1024\" height=\"640\" data-src=\"https:\/\/alamocostadelsol.com\/wp-content\/uploads\/2025\/07\/darren-tolley-jVR00QNOLto-unsplash-1024x640.jpg\" alt=\"Tradisjonell hvit landsbygate i Andalusia p&#xE5; Costa del Sol\" class=\"wp-image-18813056 lazyload\" data-srcset=\"https:\/\/alamocostadelsol.com\/wp-content\/uploads\/2025\/07\/darren-tolley-jVR00QNOLto-unsplash-980x613.jpg 980w, https:\/\/alamocostadelsol.com\/wp-content\/uploads\/2025\/07\/darren-tolley-jVR00QNOLto-unsplash-480x300.jpg 480w\" data-sizes=\"(min-width: 0px) and (max-width: 480px) 480px, (min-width: 481px) and (max-width: 980px) 980px, (min-width: 981px) 1024px, 100vw\" src=\"data:image\/svg+xml;base64,PHN2ZyB3aWR0aD0iMSIgaGVpZ2h0PSIxIiB4bWxucz0iaHR0cDovL3d3dy53My5vcmcvMjAwMC9zdmciPjwvc3ZnPg==\" style=\"--smush-placeholder-width: 1024px; --smush-placeholder-aspect-ratio: 1024\/640;\" \/><\/figure>\n\n<p><strong>Mijas Pueblo<\/strong> ligger bare <strong>30 minutter fra M\u00e1laga<\/strong>, og er et <strong>must \u00e5 bes\u00f8ke<\/strong>. Den ligger i fjellsiden og tilbyr <strong>fantastisk panoramautsikt over kysten<\/strong> og en blanding av <strong>andalusisk tradisjon og moderne turisme<\/strong>. <\/p>\n\n<p><strong>H\u00f8ydepunkter:<\/strong><\/p>\n\n<ul class=\"wp-block-list\">\n<li><strong>Plaza de Toros<\/strong>, en av Spanias mest unike tyrefekterarenaer.<\/li>\n\n\n\n<li>De ber\u00f8mte <strong>eseltaxiene<\/strong>, en finurlig, men ikonisk lokal attraksjon.<\/li>\n\n\n\n<li>Lokale h\u00e5ndverksbutikker som selger keramikk, l\u00e6rvarer og h\u00e5ndlagde suvenirer.<\/li>\n<\/ul>\n\n<p>\ud83d\udd17 <strong>L\u00e6r mer:<\/strong><a href=\"https:\/\/www.mijas.es\/\"> Mijas Pueblo offisiell turistguide<\/a><\/p>\n\n<h3 class=\"wp-block-heading\"><strong>2. Frigiliana \u2013 En av de vakreste landsbyene i Spania<\/strong><\/h3>\n\n<figure class=\"wp-block-image size-large\"><img decoding=\"async\" width=\"1024\" height=\"576\" data-src=\"https:\/\/alamocostadelsol.com\/wp-content\/uploads\/2025\/07\/lucas-albuquerque-aCCO1qIVoEg-unsplash-1024x576.jpg\" alt=\"Pueblos blancos landsby med hvite hus og trange gater i S&#xF8;r-Spania\" class=\"wp-image-18813063 lazyload\" data-srcset=\"https:\/\/alamocostadelsol.com\/wp-content\/uploads\/2025\/07\/lucas-albuquerque-aCCO1qIVoEg-unsplash-980x551.jpg 980w, https:\/\/alamocostadelsol.com\/wp-content\/uploads\/2025\/07\/lucas-albuquerque-aCCO1qIVoEg-unsplash-480x270.jpg 480w\" data-sizes=\"(min-width: 0px) and (max-width: 480px) 480px, (min-width: 481px) and (max-width: 980px) 980px, (min-width: 981px) 1024px, 100vw\" src=\"data:image\/svg+xml;base64,PHN2ZyB3aWR0aD0iMSIgaGVpZ2h0PSIxIiB4bWxucz0iaHR0cDovL3d3dy53My5vcmcvMjAwMC9zdmciPjwvc3ZnPg==\" style=\"--smush-placeholder-width: 1024px; --smush-placeholder-aspect-ratio: 1024\/576;\" \/><\/figure>\n\n<p><strong>Frigiliana<\/strong> ligger i \u00e5sene n\u00e6r <strong>Nerja<\/strong>, og blir ofte k\u00e5ret til en av Spanias vakreste landsbyer. Det er kjent for sin <strong>mauriske gamleby, bratte smug og fargerike blomsterpotter langs de hvitkalkede gatene<\/strong>. <\/p>\n\n<p><strong>H\u00f8ydepunkter:<\/strong><\/p>\n\n<ul class=\"wp-block-list\">\n<li><strong>Festivalen for tre kulturer<\/strong>, som feirer den kristne, j\u00f8diske og muslimske arven i regionen.<\/li>\n\n\n\n<li>Fantastisk utsikt over de omkringliggende fjellene og Middelhavet.<\/li>\n\n\n\n<li>Den lokale <strong>honningrommen (ron miel),<\/strong> en regional spesialitet du m\u00e5 pr\u00f8ve.<\/li>\n<\/ul>\n\n<p>\ud83d\udd17 <strong>Les mer:<\/strong><a href=\"https:\/\/www.andalucia.com\/frigiliana\/home.htm\"> Hvorfor Frigiliana er en av Spanias vakreste landsbyer<\/a><\/p>\n\n<h3 class=\"wp-block-heading\"><strong>3. Casares \u2013 Den perfekte Pueblo Blanco<\/strong><\/h3>\n\n<figure class=\"wp-block-image size-large\"><img decoding=\"async\" width=\"1024\" height=\"683\" data-src=\"https:\/\/alamocostadelsol.com\/wp-content\/uploads\/2025\/07\/borja-verbena-AYB3NosOARk-unsplash-1024x683.jpg\" alt=\"Den hvite landsbyen Costa del Sol som viser frem tradisjonell andalusisk arkitektur\" class=\"wp-image-18813070 lazyload\" data-srcset=\"https:\/\/alamocostadelsol.com\/wp-content\/uploads\/2025\/07\/borja-verbena-AYB3NosOARk-unsplash-980x653.jpg 980w, https:\/\/alamocostadelsol.com\/wp-content\/uploads\/2025\/07\/borja-verbena-AYB3NosOARk-unsplash-480x320.jpg 480w\" data-sizes=\"(min-width: 0px) and (max-width: 480px) 480px, (min-width: 481px) and (max-width: 980px) 980px, (min-width: 981px) 1024px, 100vw\" src=\"data:image\/svg+xml;base64,PHN2ZyB3aWR0aD0iMSIgaGVpZ2h0PSIxIiB4bWxucz0iaHR0cDovL3d3dy53My5vcmcvMjAwMC9zdmciPjwvc3ZnPg==\" style=\"--smush-placeholder-width: 1024px; --smush-placeholder-aspect-ratio: 1024\/683;\" \/><\/figure>\n\n<p><strong>Casares<\/strong> ligger vest for <strong>Marbella<\/strong>, og er en klassisk <strong>postkort-perfekt landsby<\/strong>, hvor hvite hus ser ut til \u00e5 ramle nedover \u00e5ssiden. Det er kjent for sine <strong>dramatiske omgivelser og rike historie<\/strong>. <\/p>\n\n<p><strong>H\u00f8ydepunkter:<\/strong><\/p>\n\n<ul class=\"wp-block-list\">\n<li><strong>Ruinene av Casares Castle<\/strong>, som tilbyr fantastisk utsikt.<\/li>\n\n\n\n<li>En perfekt balanse mellom kystn\u00e6rhet og landlig sjarm.<\/li>\n\n\n\n<li>Mindre turist enn Mijas eller Frigiliana, og tilbyr en mer autentisk opplevelse.<\/li>\n<\/ul>\n\n<p>\ud83d\udd17 <strong>Mer informasjon:<\/strong><a href=\"https:\/\/www.spain.info\/en\/destination\/casares\/\"> Casares reiseguide<\/a><\/p>\n\n<h3 class=\"wp-block-heading\"><strong>4. Ronda \u2013 Den mest dramatiske hvite landsbyen<\/strong><\/h3>\n\n<figure class=\"wp-block-image size-large\"><img decoding=\"async\" width=\"1024\" height=\"768\" data-src=\"https:\/\/alamocostadelsol.com\/wp-content\/uploads\/2025\/07\/william-fernandes-feuBi1-6o7g-unsplash-1024x768.jpg\" alt=\"Ronda\" class=\"wp-image-18813077 lazyload\" data-srcset=\"https:\/\/alamocostadelsol.com\/wp-content\/uploads\/2025\/07\/william-fernandes-feuBi1-6o7g-unsplash-980x735.jpg 980w, https:\/\/alamocostadelsol.com\/wp-content\/uploads\/2025\/07\/william-fernandes-feuBi1-6o7g-unsplash-480x360.jpg 480w\" data-sizes=\"(min-width: 0px) and (max-width: 480px) 480px, (min-width: 481px) and (max-width: 980px) 980px, (min-width: 981px) 1024px, 100vw\" src=\"data:image\/svg+xml;base64,PHN2ZyB3aWR0aD0iMSIgaGVpZ2h0PSIxIiB4bWxucz0iaHR0cDovL3d3dy53My5vcmcvMjAwMC9zdmciPjwvc3ZnPg==\" style=\"--smush-placeholder-width: 1024px; --smush-placeholder-aspect-ratio: 1024\/768;\" \/><\/figure>\n\n<p>Selv om det ligger litt lenger inn i landet, er <strong>Ronda<\/strong> en av Andalusias mest kjente <strong>Pueblos Blancos<\/strong>, kjent for sin <strong>spektakul\u00e6re kl\u00f8ft og Puente Nuevo-broen<\/strong>. Det er f\u00f8destedet til <strong>moderne tyrefekting<\/strong> og en kulturell skattekiste. <\/p>\n\n<p><strong>H\u00f8ydepunkter:<\/strong><\/p>\n\n<ul class=\"wp-block-list\">\n<li><strong>El Tajo-juvet<\/strong>, som tilbyr fantastisk utsikt.<\/li>\n\n\n\n<li>En av Spanias eldste tyrefekterarenaer, <strong>Plaza de Toros de Ronda<\/strong>.<\/li>\n\n\n\n<li>Historiske palasser, museer og rik andalusisk kultur.<\/li>\n<\/ul>\n\n<p>\ud83d\udd17 <strong>Planlegg bes\u00f8ket ditt:<\/strong><a href=\"https:\/\/www.andalucia.com\/ronda\/home.htm\"> Ting \u00e5 gj\u00f8re i Ronda<\/a><\/p>\n\n<h2 class=\"wp-block-heading\"><strong>Hvordan utforske de hvite landsbyene p\u00e5 Costa del Sol<\/strong><\/h2>\n\n<figure class=\"wp-block-image size-large\"><img decoding=\"async\" width=\"1024\" height=\"576\" data-src=\"https:\/\/alamocostadelsol.com\/wp-content\/uploads\/2025\/07\/lucas-albuquerque-0-yui2MTZeA-unsplash-1024x576.jpg\" alt=\"Den hvite landsbyen Costa del Sol som viser frem tradisjonell andalusisk arkitektur\" class=\"wp-image-18813084 lazyload\" data-srcset=\"https:\/\/alamocostadelsol.com\/wp-content\/uploads\/2025\/07\/lucas-albuquerque-0-yui2MTZeA-unsplash-980x551.jpg 980w, https:\/\/alamocostadelsol.com\/wp-content\/uploads\/2025\/07\/lucas-albuquerque-0-yui2MTZeA-unsplash-480x270.jpg 480w\" data-sizes=\"(min-width: 0px) and (max-width: 480px) 480px, (min-width: 481px) and (max-width: 980px) 980px, (min-width: 981px) 1024px, 100vw\" src=\"data:image\/svg+xml;base64,PHN2ZyB3aWR0aD0iMSIgaGVpZ2h0PSIxIiB4bWxucz0iaHR0cDovL3d3dy53My5vcmcvMjAwMC9zdmciPjwvc3ZnPg==\" style=\"--smush-placeholder-width: 1024px; --smush-placeholder-aspect-ratio: 1024\/576;\" \/><\/figure>\n\n<h3 class=\"wp-block-heading\"><strong>Beste m\u00e5ten \u00e5 bes\u00f8ke p\u00e5<\/strong><\/h3>\n\n<p>Den <strong>beste m\u00e5ten \u00e5 utforske White Villages p\u00e5<\/strong> er med <strong>bil<\/strong>. En biltur lar deg <strong>bes\u00f8ke flere landsbyer p\u00e5 en dag<\/strong> og nyte det naturskj\u00f8nne landskapet. <\/p>\n\n<p>For de uten bil er det <strong>guidede turer fra M\u00e1laga og Marbella<\/strong> som inkluderer stopp ved flere av disse landsbyene.<\/p>\n\n<p>\ud83d\udd17 <strong>Anbefalt tur:<\/strong><a href=\"https:\/\/www.getyourguide.com\/malaga-l402\/white-villages-day-trip-t389032\/\"> Guidet tur til hvite landsbyer fra M\u00e1laga<\/a><\/p>\n\n<h3 class=\"wp-block-heading\"><strong>Beste tid \u00e5 bes\u00f8ke<\/strong><\/h3>\n\n<p>Den ideelle tiden \u00e5 bes\u00f8ke er <strong>v\u00e5ren (april\u2013juni) og h\u00f8sten (september\u2013oktober),<\/strong> n\u00e5r v\u00e6ret er behagelig, og landsbyene er mindre overfylte.<\/p>\n\n<p>\ud83d\udd17 <strong>V\u00e6rguide:<\/strong><a href=\"https:\/\/www.thetimes.co.uk\/article\/best-time-visit-spain-mdpmhkjmh\"> Beste tid \u00e5 bes\u00f8ke Andaluc\u00eda<\/a><\/p>\n\n<h2 class=\"wp-block-heading\"><strong>Ofte Stilte Sp\u00f8rsm\u00e5l<\/strong><\/h2>\n\n<figure class=\"wp-block-image size-large\"><img decoding=\"async\" width=\"1024\" height=\"683\" data-src=\"https:\/\/alamocostadelsol.com\/wp-content\/uploads\/2025\/07\/victor-martin-m4D_b99_h-E-unsplash-1024x683.jpg\" alt=\"\" class=\"wp-image-18813091 lazyload\" data-srcset=\"https:\/\/alamocostadelsol.com\/wp-content\/uploads\/2025\/07\/victor-martin-m4D_b99_h-E-unsplash-980x653.jpg 980w, https:\/\/alamocostadelsol.com\/wp-content\/uploads\/2025\/07\/victor-martin-m4D_b99_h-E-unsplash-480x320.jpg 480w\" data-sizes=\"(min-width: 0px) and (max-width: 480px) 480px, (min-width: 481px) and (max-width: 980px) 980px, (min-width: 981px) 1024px, 100vw\" src=\"data:image\/svg+xml;base64,PHN2ZyB3aWR0aD0iMSIgaGVpZ2h0PSIxIiB4bWxucz0iaHR0cDovL3d3dy53My5vcmcvMjAwMC9zdmciPjwvc3ZnPg==\" style=\"--smush-placeholder-width: 1024px; --smush-placeholder-aspect-ratio: 1024\/683;\" \/><\/figure>\n\n<h3 class=\"wp-block-heading\"><strong>1. Hvorfor er landsbyene malt hvite?<\/strong><\/h3>\n\n<p>Hvitvaskingstradisjonen stammer fra <strong>maurisk tid<\/strong>, f\u00f8rst og fremst for \u00e5 <strong>reflektere sollys og holde interi\u00f8ret kj\u00f8lig<\/strong>. Det tjente ogs\u00e5 hygieniske form\u00e5l, da kalk bidro til \u00e5 avvise insekter og bakterier. <\/p>\n\n<h3 class=\"wp-block-heading\"><strong>2. Kan du bes\u00f8ke flere hvite landsbyer p\u00e5 en dag?<\/strong><\/h3>\n\n<p>Ja, hvis du har bil, kan du enkelt bes\u00f8ke <strong>to landsbyer p\u00e5 en dag<\/strong>.  <\/p>\n\n<h3 class=\"wp-block-heading\"><strong>3. Hva b\u00f8r jeg ha p\u00e5 meg n\u00e5r jeg bes\u00f8ker?<\/strong><\/h3>\n\n<ul class=\"wp-block-list\">\n<li><strong>Komfortable g\u00e5sko<\/strong> for brosteinsbelagte gater og kuperte stier.<\/li>\n\n\n\n<li><strong>Lette kl\u00e6r om sommeren<\/strong>, med solkrem og hatter.<\/li>\n\n\n\n<li><strong>Lagdelte antrekk om vinteren<\/strong>, da temperaturen kan synke om kvelden.<\/li>\n<\/ul>\n\n<h3 class=\"wp-block-heading\"><strong>4. Er det lokale festivaler verdt \u00e5 delta p\u00e5?<\/strong><\/h3>\n\n<p>Ja, noen h\u00f8ydepunkter inkluderer:<\/p>\n\n<ul class=\"wp-block-list\">\n<li><strong>Festival of Three Cultures (Frigiliana)<\/strong> \u2013 En kulturell begivenhet som feirer kristne, j\u00f8diske og muslimske tradisjoner.<\/li>\n\n\n\n<li><strong>Rondas Feria de Pedro Romero<\/strong> \u2013 En historisk festival med tyrefekting og flamenco.<\/li>\n\n\n\n<li><strong>Casares Feria<\/strong> \u2013 En tradisjonell andalusisk festival med musikk, mat og feiringer.<\/li>\n<\/ul>\n\n<p>\ud83d\udd17 <strong>Finn arrangementer:<\/strong><a href=\"https:\/\/www.spain.info\/en\/calendar\/\"> Andalusia Festival Kalender<\/a><\/p>\n\n<hr class=\"wp-block-separator has-alpha-channel-opacity\"\/>\n\n<h2 class=\"wp-block-heading\"><strong>Konklusjon: Hvorfor bes\u00f8ke Pueblos Blancos?<\/strong><\/h2>\n\n<p>\u00c5 utforske de <strong>hvite landsbyene p\u00e5 Costa del Sol<\/strong> er en reise inn i <strong>Spanias fortid og en sjanse til \u00e5 oppleve autentisk andalusisk kultur<\/strong>. Enten du vil ha <strong>fantastisk utsikt, historisk sjarm eller tradisjonell gastronomi<\/strong>, tilbyr disse landsbyene noe spesielt for enhver reisende. <\/p>\n\n<p>Hvis du bes\u00f8ker <strong>M\u00e1laga, Marbella eller Costa del Sol<\/strong>, er en tur til <strong>Pueblos Blancos<\/strong> en uforglemmelig opplevelse.<\/p>\n","protected":false},"excerpt":{"rendered":"<p>Pueblos Blancos (hvite landsbyer) i Andaluc\u00eda er noen av Spanias mest pittoreske og historisk rike reisem\u00e5l. Gjemt i \u00e5sene og fjellene p\u00e5 Costa del Sol, tilbyr disse sjarmerende landsbyene, med sine hvitkalkede hus og brosteinsbelagte gater, en perfekt flukt inn i det tradisjonelle andalusiske livet. Hvis du planlegger en tur, vil denne guiden hjelpe deg [&hellip;]<\/p>\n","protected":false},"author":3,"featured_media":18813101,"comment_status":"closed","ping_status":"open","sticky":false,"template":"","format":"standard","meta":{"_et_pb_use_builder":"off","_et_pb_old_content":"","_et_gb_content_width":"","footnotes":""},"categories":[107],"tags":[],"dipi_cpt_category":[],"class_list":["post-18813166","post","type-post","status-publish","format-standard","has-post-thumbnail","hentry","category-lokale-guider-og-reiser"],"yoast_head":"<!-- This site is optimized with the Yoast SEO plugin v25.8 - https:\/\/yoast.com\/wordpress\/plugins\/seo\/ -->\n<title>Hvite landsbyer p\u00e5 Costa del Sol | Pueblos Blancos-guide<\/title>\n<meta name=\"description\" content=\"Utforsk de hvite landsbyene p\u00e5 Costa del Sol, fra tradisjonelle andalusiske byer til naturskj\u00f8nne landsbyer p\u00e5 \u00e5sene. Kultur, historie og reisetips.\" \/>\n<meta name=\"robots\" content=\"index, follow, max-snippet:-1, max-image-preview:large, max-video-preview:-1\" \/>\n<link rel=\"canonical\" href=\"https:\/\/alamocostadelsol.com\/no\/news\/utforsk-de-hvite-landsbyene-pueblos-blancos-pa-costa-del-sol\" \/>\n<meta property=\"og:locale\" content=\"nb_NO\" \/>\n<meta property=\"og:type\" content=\"article\" \/>\n<meta property=\"og:title\" content=\"Hvite landsbyer p\u00e5 Costa del Sol | Pueblos Blancos-guide\" \/>\n<meta property=\"og:description\" content=\"Utforsk de hvite landsbyene p\u00e5 Costa del Sol, fra tradisjonelle andalusiske byer til naturskj\u00f8nne landsbyer p\u00e5 \u00e5sene. Kultur, historie og reisetips.\" \/>\n<meta property=\"og:url\" content=\"https:\/\/alamocostadelsol.com\/no\/news\/utforsk-de-hvite-landsbyene-pueblos-blancos-pa-costa-del-sol\" \/>\n<meta property=\"og:site_name\" content=\"Alamo - makes your dream come true at costa del sol\" \/>\n<meta property=\"article:publisher\" content=\"https:\/\/www.facebook.com\/alamocostadelsol\" \/>\n<meta property=\"article:published_time\" content=\"2025-07-14T10:47:54+00:00\" \/>\n<meta property=\"article:modified_time\" content=\"2026-01-13T13:49:47+00:00\" \/>\n<meta property=\"og:image\" content=\"https:\/\/alamocostadelsol.com\/wp-content\/uploads\/2025\/07\/christian-hergesell-Fn_WsWPmAMc-unsplash-scaled.jpg\" \/>\n\t<meta property=\"og:image:width\" content=\"2560\" \/>\n\t<meta property=\"og:image:height\" content=\"1704\" \/>\n\t<meta property=\"og:image:type\" content=\"image\/jpeg\" \/>\n<meta name=\"author\" content=\"Per Lindqvist\" \/>\n<meta name=\"twitter:card\" content=\"summary_large_image\" \/>\n<meta name=\"twitter:label1\" content=\"Skrevet av\" \/>\n\t<meta name=\"twitter:data1\" content=\"Per Lindqvist\" \/>\n\t<meta name=\"twitter:label2\" content=\"Ansl. lesetid\" \/>\n\t<meta name=\"twitter:data2\" content=\"4 minutter\" \/>\n<script type=\"application\/ld+json\" class=\"yoast-schema-graph\">{\"@context\":\"https:\/\/schema.org\",\"@graph\":[{\"@type\":\"Article\",\"@id\":\"https:\/\/alamocostadelsol.com\/no\/news\/utforsk-de-hvite-landsbyene-pueblos-blancos-pa-costa-del-sol#article\",\"isPartOf\":{\"@id\":\"https:\/\/alamocostadelsol.com\/no\/news\/utforsk-de-hvite-landsbyene-pueblos-blancos-pa-costa-del-sol\"},\"author\":{\"name\":\"Per Lindqvist\",\"@id\":\"https:\/\/alamocostadelsol.com\/no#\/schema\/person\/514c5d82ea0741b520c03d28d1ff1a7a\"},\"headline\":\"Utforsk de hvite landsbyene (Pueblos Blancos) p\u00e5 Costa del Sol\",\"datePublished\":\"2025-07-14T10:47:54+00:00\",\"dateModified\":\"2026-01-13T13:49:47+00:00\",\"mainEntityOfPage\":{\"@id\":\"https:\/\/alamocostadelsol.com\/no\/news\/utforsk-de-hvite-landsbyene-pueblos-blancos-pa-costa-del-sol\"},\"wordCount\":874,\"publisher\":{\"@id\":\"https:\/\/alamocostadelsol.com\/no#organization\"},\"image\":{\"@id\":\"https:\/\/alamocostadelsol.com\/no\/news\/utforsk-de-hvite-landsbyene-pueblos-blancos-pa-costa-del-sol#primaryimage\"},\"thumbnailUrl\":\"https:\/\/alamocostadelsol.com\/wp-content\/uploads\/2025\/07\/christian-hergesell-Fn_WsWPmAMc-unsplash-scaled.jpg\",\"articleSection\":[\"Lokale guider og reiser\"],\"inLanguage\":\"nb-NO\"},{\"@type\":\"WebPage\",\"@id\":\"https:\/\/alamocostadelsol.com\/no\/news\/utforsk-de-hvite-landsbyene-pueblos-blancos-pa-costa-del-sol\",\"url\":\"https:\/\/alamocostadelsol.com\/no\/news\/utforsk-de-hvite-landsbyene-pueblos-blancos-pa-costa-del-sol\",\"name\":\"Hvite landsbyer p\u00e5 Costa del Sol | Pueblos Blancos-guide\",\"isPartOf\":{\"@id\":\"https:\/\/alamocostadelsol.com\/no#website\"},\"primaryImageOfPage\":{\"@id\":\"https:\/\/alamocostadelsol.com\/no\/news\/utforsk-de-hvite-landsbyene-pueblos-blancos-pa-costa-del-sol#primaryimage\"},\"image\":{\"@id\":\"https:\/\/alamocostadelsol.com\/no\/news\/utforsk-de-hvite-landsbyene-pueblos-blancos-pa-costa-del-sol#primaryimage\"},\"thumbnailUrl\":\"https:\/\/alamocostadelsol.com\/wp-content\/uploads\/2025\/07\/christian-hergesell-Fn_WsWPmAMc-unsplash-scaled.jpg\",\"datePublished\":\"2025-07-14T10:47:54+00:00\",\"dateModified\":\"2026-01-13T13:49:47+00:00\",\"description\":\"Utforsk de hvite landsbyene p\u00e5 Costa del Sol, fra tradisjonelle andalusiske byer til naturskj\u00f8nne landsbyer p\u00e5 \u00e5sene. Kultur, historie og reisetips.\",\"breadcrumb\":{\"@id\":\"https:\/\/alamocostadelsol.com\/no\/news\/utforsk-de-hvite-landsbyene-pueblos-blancos-pa-costa-del-sol#breadcrumb\"},\"inLanguage\":\"nb-NO\",\"potentialAction\":[{\"@type\":\"ReadAction\",\"target\":[\"https:\/\/alamocostadelsol.com\/no\/news\/utforsk-de-hvite-landsbyene-pueblos-blancos-pa-costa-del-sol\"]}]},{\"@type\":\"ImageObject\",\"inLanguage\":\"nb-NO\",\"@id\":\"https:\/\/alamocostadelsol.com\/no\/news\/utforsk-de-hvite-landsbyene-pueblos-blancos-pa-costa-del-sol#primaryimage\",\"url\":\"https:\/\/alamocostadelsol.com\/wp-content\/uploads\/2025\/07\/christian-hergesell-Fn_WsWPmAMc-unsplash-scaled.jpg\",\"contentUrl\":\"https:\/\/alamocostadelsol.com\/wp-content\/uploads\/2025\/07\/christian-hergesell-Fn_WsWPmAMc-unsplash-scaled.jpg\",\"width\":2560,\"height\":1704,\"caption\":\"Mijas Pueblo Architecture\"},{\"@type\":\"BreadcrumbList\",\"@id\":\"https:\/\/alamocostadelsol.com\/no\/news\/utforsk-de-hvite-landsbyene-pueblos-blancos-pa-costa-del-sol#breadcrumb\",\"itemListElement\":[{\"@type\":\"ListItem\",\"position\":1,\"name\":\"Home\",\"item\":\"https:\/\/alamocostadelsol.com\/no\"},{\"@type\":\"ListItem\",\"position\":2,\"name\":\"Utforsk de hvite landsbyene (Pueblos Blancos) p\u00e5 Costa del Sol\"}]},{\"@type\":\"WebSite\",\"@id\":\"https:\/\/alamocostadelsol.com\/no#website\",\"url\":\"https:\/\/alamocostadelsol.com\/no\",\"name\":\"Alamo - makes your dream come true at costa del sol\",\"description\":\"\",\"publisher\":{\"@id\":\"https:\/\/alamocostadelsol.com\/no#organization\"},\"potentialAction\":[{\"@type\":\"SearchAction\",\"target\":{\"@type\":\"EntryPoint\",\"urlTemplate\":\"https:\/\/alamocostadelsol.com\/no?s={search_term_string}\"},\"query-input\":{\"@type\":\"PropertyValueSpecification\",\"valueRequired\":true,\"valueName\":\"search_term_string\"}}],\"inLanguage\":\"nb-NO\"},{\"@type\":\"Organization\",\"@id\":\"https:\/\/alamocostadelsol.com\/no#organization\",\"name\":\"Alamo - makes your dream come true at costa del sol\",\"url\":\"https:\/\/alamocostadelsol.com\/no\",\"logo\":{\"@type\":\"ImageObject\",\"inLanguage\":\"nb-NO\",\"@id\":\"https:\/\/alamocostadelsol.com\/no#\/schema\/logo\/image\/\",\"url\":\"https:\/\/alamocostadelsol.com\/wp-content\/uploads\/2024\/05\/alamo-costa-del-sol-logotype.png\",\"contentUrl\":\"https:\/\/alamocostadelsol.com\/wp-content\/uploads\/2024\/05\/alamo-costa-del-sol-logotype.png\",\"width\":773,\"height\":170,\"caption\":\"Alamo - makes your dream come true at costa del sol\"},\"image\":{\"@id\":\"https:\/\/alamocostadelsol.com\/no#\/schema\/logo\/image\/\"},\"sameAs\":[\"https:\/\/www.facebook.com\/alamocostadelsol\",\"https:\/\/www.instagram.com\/alamocostadelsol\/\"]},{\"@type\":\"Person\",\"@id\":\"https:\/\/alamocostadelsol.com\/no#\/schema\/person\/514c5d82ea0741b520c03d28d1ff1a7a\",\"name\":\"Per Lindqvist\",\"image\":{\"@type\":\"ImageObject\",\"inLanguage\":\"nb-NO\",\"@id\":\"https:\/\/alamocostadelsol.com\/no#\/schema\/person\/image\/\",\"url\":\"https:\/\/secure.gravatar.com\/avatar\/7c3165414ae570a298d212f36baf0d9ab74e0d0fae19acbc9eed18656ed49770?s=96&d=mm&r=g\",\"contentUrl\":\"https:\/\/secure.gravatar.com\/avatar\/7c3165414ae570a298d212f36baf0d9ab74e0d0fae19acbc9eed18656ed49770?s=96&d=mm&r=g\",\"caption\":\"Per Lindqvist\"},\"url\":\"https:\/\/alamocostadelsol.com\/no\/news\/author\/peli\"}]}<\/script>\n<!-- \/ Yoast SEO plugin. -->","yoast_head_json":{"title":"Hvite landsbyer p\u00e5 Costa del Sol | Pueblos Blancos-guide","description":"Utforsk de hvite landsbyene p\u00e5 Costa del Sol, fra tradisjonelle andalusiske byer til naturskj\u00f8nne landsbyer p\u00e5 \u00e5sene. Kultur, historie og reisetips.","robots":{"index":"index","follow":"follow","max-snippet":"max-snippet:-1","max-image-preview":"max-image-preview:large","max-video-preview":"max-video-preview:-1"},"canonical":"https:\/\/alamocostadelsol.com\/no\/news\/utforsk-de-hvite-landsbyene-pueblos-blancos-pa-costa-del-sol","og_locale":"nb_NO","og_type":"article","og_title":"Hvite landsbyer p\u00e5 Costa del Sol | Pueblos Blancos-guide","og_description":"Utforsk de hvite landsbyene p\u00e5 Costa del Sol, fra tradisjonelle andalusiske byer til naturskj\u00f8nne landsbyer p\u00e5 \u00e5sene. Kultur, historie og reisetips.","og_url":"https:\/\/alamocostadelsol.com\/no\/news\/utforsk-de-hvite-landsbyene-pueblos-blancos-pa-costa-del-sol","og_site_name":"Alamo - makes your dream come true at costa del sol","article_publisher":"https:\/\/www.facebook.com\/alamocostadelsol","article_published_time":"2025-07-14T10:47:54+00:00","article_modified_time":"2026-01-13T13:49:47+00:00","og_image":[{"width":2560,"height":1704,"url":"https:\/\/alamocostadelsol.com\/wp-content\/uploads\/2025\/07\/christian-hergesell-Fn_WsWPmAMc-unsplash-scaled.jpg","type":"image\/jpeg"}],"author":"Per Lindqvist","twitter_card":"summary_large_image","twitter_misc":{"Skrevet av":"Per Lindqvist","Ansl. lesetid":"4 minutter"},"schema":{"@context":"https:\/\/schema.org","@graph":[{"@type":"Article","@id":"https:\/\/alamocostadelsol.com\/no\/news\/utforsk-de-hvite-landsbyene-pueblos-blancos-pa-costa-del-sol#article","isPartOf":{"@id":"https:\/\/alamocostadelsol.com\/no\/news\/utforsk-de-hvite-landsbyene-pueblos-blancos-pa-costa-del-sol"},"author":{"name":"Per Lindqvist","@id":"https:\/\/alamocostadelsol.com\/no#\/schema\/person\/514c5d82ea0741b520c03d28d1ff1a7a"},"headline":"Utforsk de hvite landsbyene (Pueblos Blancos) p\u00e5 Costa del Sol","datePublished":"2025-07-14T10:47:54+00:00","dateModified":"2026-01-13T13:49:47+00:00","mainEntityOfPage":{"@id":"https:\/\/alamocostadelsol.com\/no\/news\/utforsk-de-hvite-landsbyene-pueblos-blancos-pa-costa-del-sol"},"wordCount":874,"publisher":{"@id":"https:\/\/alamocostadelsol.com\/no#organization"},"image":{"@id":"https:\/\/alamocostadelsol.com\/no\/news\/utforsk-de-hvite-landsbyene-pueblos-blancos-pa-costa-del-sol#primaryimage"},"thumbnailUrl":"https:\/\/alamocostadelsol.com\/wp-content\/uploads\/2025\/07\/christian-hergesell-Fn_WsWPmAMc-unsplash-scaled.jpg","articleSection":["Lokale guider og reiser"],"inLanguage":"nb-NO"},{"@type":"WebPage","@id":"https:\/\/alamocostadelsol.com\/no\/news\/utforsk-de-hvite-landsbyene-pueblos-blancos-pa-costa-del-sol","url":"https:\/\/alamocostadelsol.com\/no\/news\/utforsk-de-hvite-landsbyene-pueblos-blancos-pa-costa-del-sol","name":"Hvite landsbyer p\u00e5 Costa del Sol | Pueblos Blancos-guide","isPartOf":{"@id":"https:\/\/alamocostadelsol.com\/no#website"},"primaryImageOfPage":{"@id":"https:\/\/alamocostadelsol.com\/no\/news\/utforsk-de-hvite-landsbyene-pueblos-blancos-pa-costa-del-sol#primaryimage"},"image":{"@id":"https:\/\/alamocostadelsol.com\/no\/news\/utforsk-de-hvite-landsbyene-pueblos-blancos-pa-costa-del-sol#primaryimage"},"thumbnailUrl":"https:\/\/alamocostadelsol.com\/wp-content\/uploads\/2025\/07\/christian-hergesell-Fn_WsWPmAMc-unsplash-scaled.jpg","datePublished":"2025-07-14T10:47:54+00:00","dateModified":"2026-01-13T13:49:47+00:00","description":"Utforsk de hvite landsbyene p\u00e5 Costa del Sol, fra tradisjonelle andalusiske byer til naturskj\u00f8nne landsbyer p\u00e5 \u00e5sene. Kultur, historie og reisetips.","breadcrumb":{"@id":"https:\/\/alamocostadelsol.com\/no\/news\/utforsk-de-hvite-landsbyene-pueblos-blancos-pa-costa-del-sol#breadcrumb"},"inLanguage":"nb-NO","potentialAction":[{"@type":"ReadAction","target":["https:\/\/alamocostadelsol.com\/no\/news\/utforsk-de-hvite-landsbyene-pueblos-blancos-pa-costa-del-sol"]}]},{"@type":"ImageObject","inLanguage":"nb-NO","@id":"https:\/\/alamocostadelsol.com\/no\/news\/utforsk-de-hvite-landsbyene-pueblos-blancos-pa-costa-del-sol#primaryimage","url":"https:\/\/alamocostadelsol.com\/wp-content\/uploads\/2025\/07\/christian-hergesell-Fn_WsWPmAMc-unsplash-scaled.jpg","contentUrl":"https:\/\/alamocostadelsol.com\/wp-content\/uploads\/2025\/07\/christian-hergesell-Fn_WsWPmAMc-unsplash-scaled.jpg","width":2560,"height":1704,"caption":"Mijas Pueblo Architecture"},{"@type":"BreadcrumbList","@id":"https:\/\/alamocostadelsol.com\/no\/news\/utforsk-de-hvite-landsbyene-pueblos-blancos-pa-costa-del-sol#breadcrumb","itemListElement":[{"@type":"ListItem","position":1,"name":"Home","item":"https:\/\/alamocostadelsol.com\/no"},{"@type":"ListItem","position":2,"name":"Utforsk de hvite landsbyene (Pueblos Blancos) p\u00e5 Costa del Sol"}]},{"@type":"WebSite","@id":"https:\/\/alamocostadelsol.com\/no#website","url":"https:\/\/alamocostadelsol.com\/no","name":"Alamo - makes your dream come true at costa del sol","description":"","publisher":{"@id":"https:\/\/alamocostadelsol.com\/no#organization"},"potentialAction":[{"@type":"SearchAction","target":{"@type":"EntryPoint","urlTemplate":"https:\/\/alamocostadelsol.com\/no?s={search_term_string}"},"query-input":{"@type":"PropertyValueSpecification","valueRequired":true,"valueName":"search_term_string"}}],"inLanguage":"nb-NO"},{"@type":"Organization","@id":"https:\/\/alamocostadelsol.com\/no#organization","name":"Alamo - makes your dream come true at costa del sol","url":"https:\/\/alamocostadelsol.com\/no","logo":{"@type":"ImageObject","inLanguage":"nb-NO","@id":"https:\/\/alamocostadelsol.com\/no#\/schema\/logo\/image\/","url":"https:\/\/alamocostadelsol.com\/wp-content\/uploads\/2024\/05\/alamo-costa-del-sol-logotype.png","contentUrl":"https:\/\/alamocostadelsol.com\/wp-content\/uploads\/2024\/05\/alamo-costa-del-sol-logotype.png","width":773,"height":170,"caption":"Alamo - makes your dream come true at costa del sol"},"image":{"@id":"https:\/\/alamocostadelsol.com\/no#\/schema\/logo\/image\/"},"sameAs":["https:\/\/www.facebook.com\/alamocostadelsol","https:\/\/www.instagram.com\/alamocostadelsol\/"]},{"@type":"Person","@id":"https:\/\/alamocostadelsol.com\/no#\/schema\/person\/514c5d82ea0741b520c03d28d1ff1a7a","name":"Per Lindqvist","image":{"@type":"ImageObject","inLanguage":"nb-NO","@id":"https:\/\/alamocostadelsol.com\/no#\/schema\/person\/image\/","url":"https:\/\/secure.gravatar.com\/avatar\/7c3165414ae570a298d212f36baf0d9ab74e0d0fae19acbc9eed18656ed49770?s=96&d=mm&r=g","contentUrl":"https:\/\/secure.gravatar.com\/avatar\/7c3165414ae570a298d212f36baf0d9ab74e0d0fae19acbc9eed18656ed49770?s=96&d=mm&r=g","caption":"Per Lindqvist"},"url":"https:\/\/alamocostadelsol.com\/no\/news\/author\/peli"}]}},"_links":{"self":[{"href":"https:\/\/alamocostadelsol.com\/no\/wp-json\/wp\/v2\/posts\/18813166","targetHints":{"allow":["GET"]}}],"collection":[{"href":"https:\/\/alamocostadelsol.com\/no\/wp-json\/wp\/v2\/posts"}],"about":[{"href":"https:\/\/alamocostadelsol.com\/no\/wp-json\/wp\/v2\/types\/post"}],"author":[{"embeddable":true,"href":"https:\/\/alamocostadelsol.com\/no\/wp-json\/wp\/v2\/users\/3"}],"replies":[{"embeddable":true,"href":"https:\/\/alamocostadelsol.com\/no\/wp-json\/wp\/v2\/comments?post=18813166"}],"version-history":[{"count":2,"href":"https:\/\/alamocostadelsol.com\/no\/wp-json\/wp\/v2\/posts\/18813166\/revisions"}],"predecessor-version":[{"id":18815015,"href":"https:\/\/alamocostadelsol.com\/no\/wp-json\/wp\/v2\/posts\/18813166\/revisions\/18815015"}],"wp:featuredmedia":[{"embeddable":true,"href":"https:\/\/alamocostadelsol.com\/no\/wp-json\/wp\/v2\/media\/18813101"}],"wp:attachment":[{"href":"https:\/\/alamocostadelsol.com\/no\/wp-json\/wp\/v2\/media?parent=18813166"}],"wp:term":[{"taxonomy":"category","embeddable":true,"href":"https:\/\/alamocostadelsol.com\/no\/wp-json\/wp\/v2\/categories?post=18813166"},{"taxonomy":"post_tag","embeddable":true,"href":"https:\/\/alamocostadelsol.com\/no\/wp-json\/wp\/v2\/tags?post=18813166"},{"taxonomy":"dipi_cpt_category","embeddable":true,"href":"https:\/\/alamocostadelsol.com\/no\/wp-json\/wp\/v2\/dipi_cpt_category?post=18813166"}],"curies":[{"name":"wp","href":"https:\/\/api.w.org\/{rel}","templated":true}]}}