{"id":18811978,"date":"2025-06-16T12:00:00","date_gmt":"2025-06-16T10:00:00","guid":{"rendered":"https:\/\/alamocostadelsol.com\/?p=18811978"},"modified":"2026-01-13T14:50:59","modified_gmt":"2026-01-13T13:50:59","slug":"beste-turstier-pa-costa-del-sol-utforsk-natur-og-historie","status":"publish","type":"post","link":"https:\/\/alamocostadelsol.com\/no\/news\/beste-turstier-pa-costa-del-sol-utforsk-natur-og-historie","title":{"rendered":"Beste turstier p\u00e5 Costa del Sol: Utforsk natur og historie"},"content":{"rendered":"<p>[et_pb_section admin_label=&raquo;section&raquo;]<br \/>\n\t\t\t[et_pb_row admin_label=&raquo;Rad&raquo;]<br \/>\n\t\t\t\t[et_pb_column type=&raquo;4_4&#8243;][et_pb_text admin_label=&raquo;Text&raquo;]<!-- divi:paragraph --><\/p>\n<p>Costa del Sol er kjent for sine strender og livlige byer, men den huser ogs\u00e5 noen av <strong>Spanias mest fantastiske turstier<\/strong>. Fra kystvandringer med fantastisk havutsikt til fjellstier fulle av historiske landemerker, tilbyr denne regionen noe for enhver turg\u00e5er. Enten du er ute etter en utfordrende tur eller en avslappende naturvandring, vil disse turrutene hjelpe deg \u00e5 utforske skj\u00f8nnheten og historien til S\u00f8r-Spania.  <\/p>\n<p><!-- \/divi:paragraph --><\/p>\n<p><!-- divi:heading --><\/p>\n<h2 class=\"wp-block-heading\"><strong>Hvorfor g\u00e5 tur p\u00e5 Costa del Sol?<\/strong><\/h2>\n<p><!-- \/divi:heading --><\/p>\n<p><!-- divi:paragraph --><\/p>\n<p>Fotturer p\u00e5 Costa del Sol handler om mer enn bare trening. Regionen tilbyr: <\/p>\n<p><!-- \/divi:paragraph --><\/p>\n<p><!-- divi:list --><\/p>\n<ul class=\"wp-block-list\"><!-- divi:list-item --><\/p>\n<li><strong>Varierte landskap<\/strong> \u2013 Fra r\u00f8ffe fjell til naturskj\u00f8nne kyststier.<\/li>\n<p><!-- \/divi:list-item --><\/p>\n<p><!-- divi:list-item --><\/p>\n<li><strong>Rik historie<\/strong> \u2013 Mange stier g\u00e5r gjennom gamle landsbyer, ruiner og historiske steder.<\/li>\n<p><!-- \/divi:list-item --><\/p>\n<p><!-- divi:list-item --><\/p>\n<li><strong>Ideelt v\u00e6r<\/strong> \u2013 Med 300+ solskinnsdager i \u00e5ret er det mulig \u00e5 g\u00e5 fottur hele \u00e5ret.<\/li>\n<p><!-- \/divi:list-item --><\/p>\n<p><!-- divi:list-item --><\/p>\n<li><strong>Varierte vanskelighetsgrader<\/strong> \u2013 Enten du er nybegynner eller erfaren turg\u00e5er, finnes det en sti for deg.<\/li>\n<p><!-- \/divi:list-item --><\/ul>\n<p><!-- \/divi:list --><\/p>\n<p><!-- divi:paragraph --><\/p>\n<p>La oss ta en titt p\u00e5 de <strong>beste turstiene p\u00e5 Costa del Sol<\/strong>, inkludert <strong>enkle turer, historiske ruter og naturstier du m\u00e5 bes\u00f8ke<\/strong>.<\/p>\n<p><!-- \/divi:paragraph --><\/p>\n<p><!-- divi:heading --><\/p>\n<h2 class=\"wp-block-heading\"><strong>1.<\/strong><a href=\"https:\/\/reservas.caminitodelrey.info\/\"><strong>  Caminito del Rey \u2013 Den mest kjente stien<\/strong><\/a><\/h2>\n<p><!-- \/divi:heading --><\/p>\n<p><!-- divi:image {\"id\":18811940,\"width\":\"auto\",\"height\":\"350px\",\"sizeSlug\":\"large\",\"linkDestination\":\"none\"} --><\/p>\n<figure class=\"wp-block-image size-large is-resized\"><img decoding=\"async\" width=\"1024\" height=\"683\" data-src=\"https:\/\/alamocostadelsol.com\/wp-content\/uploads\/2025\/06\/valeriano-g-lfYV8QeTryc-unsplash-1024x683.jpg\" alt=\"\" class=\"wp-image-18811940 lazyload\" style=\"--smush-placeholder-width: 1024px; --smush-placeholder-aspect-ratio: 1024\/683;width:auto;height:350px\" data-srcset=\"https:\/\/alamocostadelsol.com\/wp-content\/uploads\/2025\/06\/valeriano-g-lfYV8QeTryc-unsplash-980x653.jpg 980w, https:\/\/alamocostadelsol.com\/wp-content\/uploads\/2025\/06\/valeriano-g-lfYV8QeTryc-unsplash-480x320.jpg 480w\" data-sizes=\"(min-width: 0px) and (max-width: 480px) 480px, (min-width: 481px) and (max-width: 980px) 980px, (min-width: 981px) 1024px, 100vw\" src=\"data:image\/svg+xml;base64,PHN2ZyB3aWR0aD0iMSIgaGVpZ2h0PSIxIiB4bWxucz0iaHR0cDovL3d3dy53My5vcmcvMjAwMC9zdmciPjwvc3ZnPg==\" \/><\/figure>\n<p><!-- \/divi:image --><\/p>\n<p><!-- divi:list --><\/p>\n<ul class=\"wp-block-list\"><!-- divi:list-item --><\/p>\n<li><strong>Vanskelighetsgrad<\/strong>: Moderat<\/li>\n<p><!-- \/divi:list-item --><\/p>\n<p><!-- divi:list-item --><\/p>\n<li><strong>Distanse<\/strong>: 7,7 km<\/li>\n<p><!-- \/divi:list-item --><\/p>\n<p><!-- divi:list-item --><\/p>\n<li><strong>Ansl\u00e5tt tid<\/strong>: 3-4 timer<\/li>\n<p><!-- \/divi:list-item --><\/p>\n<p><!-- divi:list-item --><\/p>\n<li><strong>Best for<\/strong>: Eventyrs\u00f8kere og historieelskere<\/li>\n<p><!-- \/divi:list-item --><\/ul>\n<p><!-- \/divi:list --><\/p>\n<p><!-- divi:paragraph --><\/p>\n<p><strong>Caminito del Rey<\/strong> er en av de mest ikoniske turstiene i Spania. Denne <strong>spennende klippevandringen<\/strong> g\u00e5r gjennom <strong>El Chorro-kl\u00f8ften<\/strong> og byr p\u00e5 dramatisk utsikt over canyonen og elven nedenfor. Opprinnelig bygget for arbeidere i 1905, ble stien restaurert de siste \u00e5rene og er n\u00e5 en <strong>trygg, men spennende<\/strong> opplevelse. <strong>Tips:<\/strong> Forh\u00e5ndsbestilling er p\u00e5krevd. Sikre deg plassen din p\u00e5 den<a href=\"https:\/\/reservas.caminitodelrey.info\/\"> offisielle Caminito del Rey-nettsiden<\/a>.   <\/p>\n<p><!-- \/divi:paragraph --><\/p>\n<p><!-- divi:heading --><\/p>\n<h2 class=\"wp-block-heading\"><strong>2.<\/strong><a href=\"https:\/\/www.andalucia.org\/en\/nature\/routes\/el-torcal-antequera\"><strong>  El Torcal de Antequera \u2013 Unike steinformasjoner<\/strong><\/a><\/h2>\n<p><!-- \/divi:heading --><\/p>\n<p><!-- divi:image {\"id\":18811950,\"width\":\"auto\",\"height\":\"350px\",\"sizeSlug\":\"large\",\"linkDestination\":\"none\"} --><\/p>\n<figure class=\"wp-block-image size-large is-resized\"><img decoding=\"async\" width=\"1024\" height=\"768\" data-src=\"https:\/\/alamocostadelsol.com\/wp-content\/uploads\/2025\/06\/enric-domas-iF57rbXG7BA-unsplash-1024x768.jpg\" alt=\"\" class=\"wp-image-18811950 lazyload\" style=\"--smush-placeholder-width: 1024px; --smush-placeholder-aspect-ratio: 1024\/768;width:auto;height:350px\" data-srcset=\"https:\/\/alamocostadelsol.com\/wp-content\/uploads\/2025\/06\/enric-domas-iF57rbXG7BA-unsplash-980x735.jpg 980w, https:\/\/alamocostadelsol.com\/wp-content\/uploads\/2025\/06\/enric-domas-iF57rbXG7BA-unsplash-480x360.jpg 480w\" data-sizes=\"(min-width: 0px) and (max-width: 480px) 480px, (min-width: 481px) and (max-width: 980px) 980px, (min-width: 981px) 1024px, 100vw\" src=\"data:image\/svg+xml;base64,PHN2ZyB3aWR0aD0iMSIgaGVpZ2h0PSIxIiB4bWxucz0iaHR0cDovL3d3dy53My5vcmcvMjAwMC9zdmciPjwvc3ZnPg==\" \/><\/figure>\n<p><!-- \/divi:image --><\/p>\n<p><!-- divi:list --><\/p>\n<ul class=\"wp-block-list\"><!-- divi:list-item --><\/p>\n<li><strong>Vanskelighetsgrad<\/strong>: Moderat<\/li>\n<p><!-- \/divi:list-item --><\/p>\n<p><!-- divi:list-item --><\/p>\n<li><strong>Avstand<\/strong>: 3-6 km (ulike ruter)<\/li>\n<p><!-- \/divi:list-item --><\/p>\n<p><!-- divi:list-item --><\/p>\n<li><strong>Estimert tid<\/strong>: 1,5\u20133 timer<\/li>\n<p><!-- \/divi:list-item --><\/p>\n<p><!-- divi:list-item --><\/p>\n<li><strong>Best for<\/strong>: Geologientusiaster og familier<\/li>\n<p><!-- \/divi:list-item --><\/ul>\n<p><!-- \/divi:list --><\/p>\n<p><!-- divi:paragraph --><\/p>\n<p>Ligger n\u00e6r <strong>Antequera<\/strong>, er denne <strong>UNESCO-verneverdige naturparken<\/strong> kjent for sine <strong>utenomjordiske kalksteinsformasjoner<\/strong>. Parken tilbyr flere stier hvor du kan se fossiler, naturlige fjellskulpturer og fantastiske panoramautsikter over landskapet. <strong>Tips:<\/strong> Bes\u00f8k tidlig om morgenen eller sent p\u00e5 ettermiddagen for \u00e5 unng\u00e5 folkemengdene og oppleve det beste lyset for fotografering. <\/p>\n<p><!-- \/divi:paragraph --><\/p>\n<p><!-- divi:heading --><\/p>\n<h2 class=\"wp-block-heading\"><strong>3.<\/strong><a href=\"https:\/\/www.juntadeandalucia.es\/medioambiente\/sierradelasnieves\"><strong>  Sierra de las Nieves nasjonalpark \u2013 Fjelleventyr<\/strong><\/a><\/h2>\n<p><!-- \/divi:heading --><\/p>\n<p><!-- divi:image {\"id\":18811960,\"width\":\"auto\",\"height\":\"350px\",\"sizeSlug\":\"large\",\"linkDestination\":\"none\"} --><\/p>\n<figure class=\"wp-block-image size-large is-resized\"><img decoding=\"async\" width=\"2560\" height=\"1440\" data-src=\"https:\/\/alamocostadelsol.com\/wp-content\/uploads\/2025\/06\/luis-coronel-CZOfycrS-q8-unsplash-edited-scaled.jpg\" alt=\"\" class=\"wp-image-18811960 lazyload\" style=\"--smush-placeholder-width: 2560px; --smush-placeholder-aspect-ratio: 2560\/1440;width:auto;height:350px\" data-srcset=\"https:\/\/alamocostadelsol.com\/wp-content\/uploads\/2025\/06\/luis-coronel-CZOfycrS-q8-unsplash-edited-scaled.jpg 2560w, https:\/\/alamocostadelsol.com\/wp-content\/uploads\/2025\/06\/luis-coronel-CZOfycrS-q8-unsplash-edited-1280x720.jpg 1280w, https:\/\/alamocostadelsol.com\/wp-content\/uploads\/2025\/06\/luis-coronel-CZOfycrS-q8-unsplash-edited-980x551.jpg 980w, https:\/\/alamocostadelsol.com\/wp-content\/uploads\/2025\/06\/luis-coronel-CZOfycrS-q8-unsplash-edited-480x270.jpg 480w\" data-sizes=\"(min-width: 0px) and (max-width: 480px) 480px, (min-width: 481px) and (max-width: 980px) 980px, (min-width: 981px) and (max-width: 1280px) 1280px, (min-width: 1281px) 2560px, 100vw\" src=\"data:image\/svg+xml;base64,PHN2ZyB3aWR0aD0iMSIgaGVpZ2h0PSIxIiB4bWxucz0iaHR0cDovL3d3dy53My5vcmcvMjAwMC9zdmciPjwvc3ZnPg==\" \/><\/figure>\n<p><!-- \/divi:image --><\/p>\n<p><!-- divi:list --><\/p>\n<ul class=\"wp-block-list\"><!-- divi:list-item --><\/p>\n<li><strong>Vanskelighetsgrad<\/strong>: Varierer (lett til utfordrende)<\/li>\n<p><!-- \/divi:list-item --><\/p>\n<p><!-- divi:list-item --><\/p>\n<li><strong>Avstand<\/strong>: 5-20 km (ulike ruter)<\/li>\n<p><!-- \/divi:list-item --><\/p>\n<p><!-- divi:list-item --><\/p>\n<li><strong>Estimert tid<\/strong>: 2-8 timer<\/li>\n<p><!-- \/divi:list-item --><\/p>\n<p><!-- divi:list-item --><\/p>\n<li><strong>Best for<\/strong>: Fjellelskere og erfarne turg\u00e5ere<\/li>\n<p><!-- \/divi:list-item --><\/ul>\n<p><!-- \/divi:list --><\/p>\n<p><!-- divi:paragraph --><\/p>\n<p><strong>Sierra de las Nieves<\/strong> er en enorm nasjonalpark n\u00e6r <strong>Ronda<\/strong>, hjem til <strong>Spanias sjeldneste grantr\u00e6r og mangfoldig dyreliv<\/strong>. Stiene varierer fra rolige skogsstier til den utfordrende klatringen <strong>opp La Torrecilla (1 919 m),<\/strong> som byr p\u00e5 et av <strong>de beste utsiktspunktene i regionen<\/strong>. <\/p>\n<p><!-- \/divi:paragraph --><\/p>\n<p><!-- divi:paragraph --><\/p>\n<p><strong>Tips:<\/strong> Hvis du elsker dyreliv, b\u00f8r du holde \u00f8ye med <strong>spansk steinbukk og konge\u00f8rn<\/strong>.<\/p>\n<p><!-- \/divi:paragraph --><\/p>\n<p><!-- divi:heading --><\/p>\n<h2 class=\"wp-block-heading\"><strong>4.<\/strong><a href=\"https:\/\/www.malaga.es\/en\/turismo\/naturaleza\"><strong>  Montes de M\u00e1laga naturpark \u2013 like utenfor byen<\/strong><\/a><\/h2>\n<p><!-- \/divi:heading --><\/p>\n<p><!-- divi:paragraph --><\/p>\n<p><!-- \/divi:paragraph --><\/p>\n<p><!-- divi:list --><\/p>\n<ul class=\"wp-block-list\"><!-- divi:list-item --><\/p>\n<li><strong>Vanskelighetsgrad<\/strong>: Lett til middels<\/li>\n<p><!-- \/divi:list-item --><\/p>\n<p><!-- divi:list-item --><\/p>\n<li><strong>Distanse<\/strong>: 5-15 km (ulike stier)<\/li>\n<p><!-- \/divi:list-item --><\/p>\n<p><!-- divi:list-item --><\/p>\n<li><strong>Estimert tid<\/strong>: 1,5\u20135 timer<\/li>\n<p><!-- \/divi:list-item --><\/p>\n<p><!-- divi:list-item --><\/p>\n<li><strong>Best for<\/strong>: Naturelskere og de som bor i M\u00e1laga<\/li>\n<p><!-- \/divi:list-item --><\/ul>\n<p><!-- \/divi:list --><\/p>\n<p><!-- divi:paragraph --><\/p>\n<p>Parken, som ligger <strong>bare 20 minutter fra M\u00e1laga by<\/strong>, tilbyr <strong>skogsstier med elvekryssinger, fosser og fredelige piknikplasser<\/strong>. Det er den perfekte tilflukten for dem som \u00f8nsker en pause fra den travle byen. <strong>Tips:<\/strong> Pakk en piknik og nyt <strong>miradorene (utsiktspunktene)<\/strong> med utsikt over M\u00e1lagas kystlinje. <\/p>\n<p><!-- \/divi:paragraph --><\/p>\n<p><!-- divi:heading --><\/p>\n<h2 class=\"wp-block-heading\"><strong>5.<\/strong><a href=\"https:\/\/www.andalucia.org\/en\/nature\/routes\/rio-chillar-nerja\"><strong>  Rio Chillar \u2013 En forfriskende elvevandring<\/strong><\/a><\/h2>\n<p><!-- \/divi:heading --><\/p>\n<p><!-- divi:list --><\/p>\n<ul class=\"wp-block-list\"><!-- divi:list-item --><\/p>\n<li><strong>Vanskelighetsgrad: Lett<\/strong><\/li>\n<p><!-- \/divi:list-item --><\/p>\n<p><!-- divi:list-item --><\/p>\n<li><strong>Distanse<\/strong>: 8 km<\/li>\n<p><!-- \/divi:list-item --><\/p>\n<p><!-- divi:list-item --><\/p>\n<li><strong>Ansl\u00e5tt tid<\/strong>: 3-4 timer<\/li>\n<p><!-- \/divi:list-item --><\/p>\n<p><!-- divi:list-item --><\/p>\n<li><strong>Best for<\/strong>: Familier og sommerturg\u00e5ere<\/li>\n<p><!-- \/divi:list-item --><\/ul>\n<p><!-- \/divi:list --><\/p>\n<p><!-- divi:paragraph --><\/p>\n<p>Denne <strong>unike stien<\/strong> i <strong>Nerja<\/strong> tar deg gjennom en <strong>grunn elv<\/strong>, noe som gj\u00f8r det <strong>til den perfekte sommerturen<\/strong>. G\u00e5 gjennom <strong>kj\u00f8lig vann, frodig gr\u00f8nt og steinbassenger<\/strong>, og nyt en forfriskende pause p\u00e5 naturlige badeplasser underveis. <strong>Tips:<\/strong> Bruk vannsko, for du skal g\u00e5 gjennom elven mesteparten av stien. <\/p>\n<p><!-- \/divi:paragraph --><\/p>\n<p><!-- divi:heading --><\/p>\n<h2 class=\"wp-block-heading\"><strong>6.<\/strong><a href=\"https:\/\/www.andalucia.org\/en\/nature\/routes\/sendero-acantilados\"><strong>  Sendero de los Acantilados \u2013 Naturskj\u00f8nn kysttur<\/strong><\/a><\/h2>\n<p><!-- \/divi:heading --><\/p>\n<p><!-- divi:list --><\/p>\n<ul class=\"wp-block-list\"><!-- divi:list-item --><\/p>\n<li><strong>Vanskelighetsgrad<\/strong>: Moderat<\/li>\n<p><!-- \/divi:list-item --><\/p>\n<p><!-- divi:list-item --><\/p>\n<li><strong>Distanse<\/strong>: 6 km<\/li>\n<p><!-- \/divi:list-item --><\/p>\n<p><!-- divi:list-item --><\/p>\n<li><strong>Estimert tid<\/strong>: 2 timer<\/li>\n<p><!-- \/divi:list-item --><\/p>\n<p><!-- divi:list-item --><\/p>\n<li><strong>Best for<\/strong>: Havutsikt og fotoelskere<\/li>\n<p><!-- \/divi:list-item --><\/ul>\n<p><!-- \/divi:list --><\/p>\n<p><!-- divi:paragraph --><\/p>\n<p>Denne kyststien n\u00e6r <strong>Marbella<\/strong> byr p\u00e5 <strong>fantastisk utsikt over Middelhavet<\/strong>. Du vil g\u00e5 langs klipper, strender og skjulte viker, noe som gj\u00f8r det til en av de <strong>mest naturskj\u00f8nne turene p\u00e5 Costa del Sol<\/strong>. <strong>Tips:<\/strong> Ta med et kamera \u2013 denne stien har noen av de beste <strong>solnedgangsutsiktene<\/strong> i regionen. <\/p>\n<p><!-- \/divi:paragraph --><\/p>\n<p><!-- divi:heading --><\/p>\n<h2 class=\"wp-block-heading\"><strong>Beste tid \u00e5 g\u00e5 tur p\u00e5 Costa del Sol<\/strong><\/h2>\n<p><!-- \/divi:heading --><\/p>\n<p><!-- divi:list --><\/p>\n<ul class=\"wp-block-list\"><!-- divi:list-item --><\/p>\n<li><strong>V\u00e5r (mars\u2013mai)<\/strong> \u2013 Den beste tiden for markblomster og behagelige temperaturer.<\/li>\n<p><!-- \/divi:list-item --><\/p>\n<p><!-- divi:list-item --><\/p>\n<li><strong>H\u00f8st (september-november)<\/strong> \u2013 Flott v\u00e6r og f\u00e6rre turister.<\/li>\n<p><!-- \/divi:list-item --><\/p>\n<p><!-- divi:list-item --><\/p>\n<li><strong>Vinter (desember\u2013februar)<\/strong> \u2013 Perfekt for fjellturer, med klar himmel og kj\u00f8lige temperaturer.<\/li>\n<p><!-- \/divi:list-item --><\/p>\n<p><!-- divi:list-item --><\/p>\n<li><strong>Sommer (juni\u2013august)<\/strong> \u2013 Kyst- og elveturer er best for \u00e5 holde seg kj\u00f8lig. Unng\u00e5 middagssol. <\/li>\n<p><!-- \/divi:list-item --><\/ul>\n<p><!-- \/divi:list --><\/p>\n<p><!-- divi:separator --><\/p>\n<hr class=\"wp-block-separator has-alpha-channel-opacity\">\n<!-- \/divi:separator --><\/p>\n<p><!-- divi:heading --><\/p>\n<h2 class=\"wp-block-heading\"><strong>Viktige fotturtips<\/strong><\/h2>\n<p><!-- \/divi:heading --><\/p>\n<p><!-- divi:list --><\/p>\n<ul class=\"wp-block-list\"><!-- divi:list-item --><\/p>\n<li><strong>Bruk riktig fott\u00f8y<\/strong> \u2013 Noen stier er steinete og bratte.<\/li>\n<p><!-- \/divi:list-item --><\/p>\n<p><!-- divi:list-item --><\/p>\n<li><strong>Sjekk v\u00e6ret<\/strong> \u2013 Sommeren kan v\u00e6re veldig varm, s\u00e5 unng\u00e5 fotturer midt p\u00e5 dagen.<\/li>\n<p><!-- \/divi:list-item --><\/p>\n<p><!-- divi:list-item --><\/p>\n<li><strong>Ta med nok vann<\/strong> \u2013 spesielt for lengre stier som La Concha.<\/li>\n<p><!-- \/divi:list-item --><\/p>\n<p><!-- divi:list-item --><\/p>\n<li><strong>Respekter naturen<\/strong> \u2013 Hold deg til de merkede stiene og unng\u00e5 fors\u00f8pling.<\/li>\n<p><!-- \/divi:list-item --><\/ul>\n<p><!-- \/divi:list --><\/p>\n<p><!-- divi:separator --><\/p>\n<hr class=\"wp-block-separator has-alpha-channel-opacity\">\n<!-- \/divi:separator --><\/p>\n<p><!-- divi:heading --><\/p>\n<h2 class=\"wp-block-heading\"><strong>Avsluttende tanker<\/strong><\/h2>\n<p><!-- \/divi:heading --><\/p>\n<p><!-- divi:paragraph --><\/p>\n<p>Fotturer p\u00e5 Costa del Sol er en utrolig m\u00e5te \u00e5 utforske <strong>Spanias naturlige skj\u00f8nnhet og historie<\/strong> p\u00e5. Enten du g\u00e5r gjennom dramatiske juv, klatrer p\u00e5 naturskj\u00f8nne topper eller oppdager skjulte strender, <strong>finnes det en sti for alle<\/strong>. <\/p>\n<p><!-- \/divi:paragraph -->[\/et_pb_text][\/et_pb_column]<br \/>\n\t\t\t[\/et_pb_row]<br \/>\n\t\t[\/et_pb_section]<\/p>\n","protected":false},"excerpt":{"rendered":"<p>Costa del Sol er kjent for sine strender og livlige byer, men den huser ogs\u00e5 noen av Spanias mest fantastiske turstier. Fra kystvandringer med fantastisk havutsikt til fjellstier fulle av historiske landemerker, tilbyr denne regionen noe for enhver turg\u00e5er. Enten du er ute etter en utfordrende tur eller en avslappende naturvandring, vil disse turrutene hjelpe [&hellip;]<\/p>\n","protected":false},"author":3,"featured_media":18811967,"comment_status":"closed","ping_status":"open","sticky":false,"template":"","format":"standard","meta":{"_et_pb_use_builder":"on","_et_pb_old_content":"","_et_gb_content_width":"","footnotes":""},"categories":[158],"tags":[],"dipi_cpt_category":[],"class_list":["post-18811978","post","type-post","status-publish","format-standard","has-post-thumbnail","hentry","category-natur-og-friluftsliv"],"yoast_head":"<!-- This site is optimized with the Yoast SEO plugin v25.8 - https:\/\/yoast.com\/wordpress\/plugins\/seo\/ -->\n<title>Beste turstier p\u00e5 Costa del Sol | Natur og historie<\/title>\n<meta name=\"description\" content=\"Utforsk de beste turstiene p\u00e5 Costa del Sol, fra kyststier til historiske innlandsruter. Natur, utsikt og utend\u00f8rsopplevelser.\" \/>\n<meta name=\"robots\" content=\"index, follow, max-snippet:-1, max-image-preview:large, max-video-preview:-1\" \/>\n<link rel=\"canonical\" href=\"https:\/\/alamocostadelsol.com\/no\/news\/beste-turstier-pa-costa-del-sol-utforsk-natur-og-historie\" \/>\n<meta property=\"og:locale\" content=\"nb_NO\" \/>\n<meta property=\"og:type\" content=\"article\" \/>\n<meta property=\"og:title\" content=\"Beste turstier p\u00e5 Costa del Sol | Natur og historie\" \/>\n<meta property=\"og:description\" content=\"Utforsk de beste turstiene p\u00e5 Costa del Sol, fra kyststier til historiske innlandsruter. Natur, utsikt og utend\u00f8rsopplevelser.\" \/>\n<meta property=\"og:url\" content=\"https:\/\/alamocostadelsol.com\/no\/news\/beste-turstier-pa-costa-del-sol-utforsk-natur-og-historie\" \/>\n<meta property=\"og:site_name\" content=\"Alamo - makes your dream come true at costa del sol\" \/>\n<meta property=\"article:publisher\" content=\"https:\/\/www.facebook.com\/alamocostadelsol\" \/>\n<meta property=\"article:published_time\" content=\"2025-06-16T10:00:00+00:00\" \/>\n<meta property=\"article:modified_time\" content=\"2026-01-13T13:50:59+00:00\" \/>\n<meta property=\"og:image\" content=\"https:\/\/alamocostadelsol.com\/wp-content\/uploads\/2025\/06\/pexels-hans-verhulst-525083593-19245378-scaled.jpg\" \/>\n\t<meta property=\"og:image:width\" content=\"2560\" \/>\n\t<meta property=\"og:image:height\" content=\"1706\" \/>\n\t<meta property=\"og:image:type\" content=\"image\/jpeg\" \/>\n<meta name=\"author\" content=\"Per Lindqvist\" \/>\n<meta name=\"twitter:card\" content=\"summary_large_image\" \/>\n<meta name=\"twitter:label1\" content=\"Skrevet av\" \/>\n\t<meta name=\"twitter:data1\" content=\"Per Lindqvist\" \/>\n\t<meta name=\"twitter:label2\" content=\"Ansl. lesetid\" \/>\n\t<meta name=\"twitter:data2\" content=\"4 minutter\" \/>\n<script type=\"application\/ld+json\" class=\"yoast-schema-graph\">{\"@context\":\"https:\/\/schema.org\",\"@graph\":[{\"@type\":\"Article\",\"@id\":\"https:\/\/alamocostadelsol.com\/no\/news\/beste-turstier-pa-costa-del-sol-utforsk-natur-og-historie#article\",\"isPartOf\":{\"@id\":\"https:\/\/alamocostadelsol.com\/no\/news\/beste-turstier-pa-costa-del-sol-utforsk-natur-og-historie\"},\"author\":{\"name\":\"Per Lindqvist\",\"@id\":\"https:\/\/alamocostadelsol.com\/no#\/schema\/person\/514c5d82ea0741b520c03d28d1ff1a7a\"},\"headline\":\"Beste turstier p\u00e5 Costa del Sol: Utforsk natur og historie\",\"datePublished\":\"2025-06-16T10:00:00+00:00\",\"dateModified\":\"2026-01-13T13:50:59+00:00\",\"mainEntityOfPage\":{\"@id\":\"https:\/\/alamocostadelsol.com\/no\/news\/beste-turstier-pa-costa-del-sol-utforsk-natur-og-historie\"},\"wordCount\":818,\"publisher\":{\"@id\":\"https:\/\/alamocostadelsol.com\/no#organization\"},\"image\":{\"@id\":\"https:\/\/alamocostadelsol.com\/no\/news\/beste-turstier-pa-costa-del-sol-utforsk-natur-og-historie#primaryimage\"},\"thumbnailUrl\":\"https:\/\/alamocostadelsol.com\/wp-content\/uploads\/2025\/06\/pexels-hans-verhulst-525083593-19245378-scaled.jpg\",\"articleSection\":[\"Natur og friluftsliv\"],\"inLanguage\":\"nb-NO\"},{\"@type\":\"WebPage\",\"@id\":\"https:\/\/alamocostadelsol.com\/no\/news\/beste-turstier-pa-costa-del-sol-utforsk-natur-og-historie\",\"url\":\"https:\/\/alamocostadelsol.com\/no\/news\/beste-turstier-pa-costa-del-sol-utforsk-natur-og-historie\",\"name\":\"Beste turstier p\u00e5 Costa del Sol | Natur og historie\",\"isPartOf\":{\"@id\":\"https:\/\/alamocostadelsol.com\/no#website\"},\"primaryImageOfPage\":{\"@id\":\"https:\/\/alamocostadelsol.com\/no\/news\/beste-turstier-pa-costa-del-sol-utforsk-natur-og-historie#primaryimage\"},\"image\":{\"@id\":\"https:\/\/alamocostadelsol.com\/no\/news\/beste-turstier-pa-costa-del-sol-utforsk-natur-og-historie#primaryimage\"},\"thumbnailUrl\":\"https:\/\/alamocostadelsol.com\/wp-content\/uploads\/2025\/06\/pexels-hans-verhulst-525083593-19245378-scaled.jpg\",\"datePublished\":\"2025-06-16T10:00:00+00:00\",\"dateModified\":\"2026-01-13T13:50:59+00:00\",\"description\":\"Utforsk de beste turstiene p\u00e5 Costa del Sol, fra kyststier til historiske innlandsruter. Natur, utsikt og utend\u00f8rsopplevelser.\",\"breadcrumb\":{\"@id\":\"https:\/\/alamocostadelsol.com\/no\/news\/beste-turstier-pa-costa-del-sol-utforsk-natur-og-historie#breadcrumb\"},\"inLanguage\":\"nb-NO\",\"potentialAction\":[{\"@type\":\"ReadAction\",\"target\":[\"https:\/\/alamocostadelsol.com\/no\/news\/beste-turstier-pa-costa-del-sol-utforsk-natur-og-historie\"]}]},{\"@type\":\"ImageObject\",\"inLanguage\":\"nb-NO\",\"@id\":\"https:\/\/alamocostadelsol.com\/no\/news\/beste-turstier-pa-costa-del-sol-utforsk-natur-og-historie#primaryimage\",\"url\":\"https:\/\/alamocostadelsol.com\/wp-content\/uploads\/2025\/06\/pexels-hans-verhulst-525083593-19245378-scaled.jpg\",\"contentUrl\":\"https:\/\/alamocostadelsol.com\/wp-content\/uploads\/2025\/06\/pexels-hans-verhulst-525083593-19245378-scaled.jpg\",\"width\":2560,\"height\":1706,\"caption\":\"A narrow walkway clinging to the steep rock face of a deep gorge, with hikers walking along the wooden path suspended high above the river below, surrounded by dramatic cliffs and rugged mountain scenery.\"},{\"@type\":\"BreadcrumbList\",\"@id\":\"https:\/\/alamocostadelsol.com\/no\/news\/beste-turstier-pa-costa-del-sol-utforsk-natur-og-historie#breadcrumb\",\"itemListElement\":[{\"@type\":\"ListItem\",\"position\":1,\"name\":\"Home\",\"item\":\"https:\/\/alamocostadelsol.com\/no\"},{\"@type\":\"ListItem\",\"position\":2,\"name\":\"Beste turstier p\u00e5 Costa del Sol: Utforsk natur og historie\"}]},{\"@type\":\"WebSite\",\"@id\":\"https:\/\/alamocostadelsol.com\/no#website\",\"url\":\"https:\/\/alamocostadelsol.com\/no\",\"name\":\"Alamo - makes your dream come true at costa del sol\",\"description\":\"\",\"publisher\":{\"@id\":\"https:\/\/alamocostadelsol.com\/no#organization\"},\"potentialAction\":[{\"@type\":\"SearchAction\",\"target\":{\"@type\":\"EntryPoint\",\"urlTemplate\":\"https:\/\/alamocostadelsol.com\/no?s={search_term_string}\"},\"query-input\":{\"@type\":\"PropertyValueSpecification\",\"valueRequired\":true,\"valueName\":\"search_term_string\"}}],\"inLanguage\":\"nb-NO\"},{\"@type\":\"Organization\",\"@id\":\"https:\/\/alamocostadelsol.com\/no#organization\",\"name\":\"Alamo - makes your dream come true at costa del sol\",\"url\":\"https:\/\/alamocostadelsol.com\/no\",\"logo\":{\"@type\":\"ImageObject\",\"inLanguage\":\"nb-NO\",\"@id\":\"https:\/\/alamocostadelsol.com\/no#\/schema\/logo\/image\/\",\"url\":\"https:\/\/alamocostadelsol.com\/wp-content\/uploads\/2024\/05\/alamo-costa-del-sol-logotype.png\",\"contentUrl\":\"https:\/\/alamocostadelsol.com\/wp-content\/uploads\/2024\/05\/alamo-costa-del-sol-logotype.png\",\"width\":773,\"height\":170,\"caption\":\"Alamo - makes your dream come true at costa del sol\"},\"image\":{\"@id\":\"https:\/\/alamocostadelsol.com\/no#\/schema\/logo\/image\/\"},\"sameAs\":[\"https:\/\/www.facebook.com\/alamocostadelsol\",\"https:\/\/www.instagram.com\/alamocostadelsol\/\"]},{\"@type\":\"Person\",\"@id\":\"https:\/\/alamocostadelsol.com\/no#\/schema\/person\/514c5d82ea0741b520c03d28d1ff1a7a\",\"name\":\"Per Lindqvist\",\"image\":{\"@type\":\"ImageObject\",\"inLanguage\":\"nb-NO\",\"@id\":\"https:\/\/alamocostadelsol.com\/no#\/schema\/person\/image\/\",\"url\":\"https:\/\/secure.gravatar.com\/avatar\/7c3165414ae570a298d212f36baf0d9ab74e0d0fae19acbc9eed18656ed49770?s=96&d=mm&r=g\",\"contentUrl\":\"https:\/\/secure.gravatar.com\/avatar\/7c3165414ae570a298d212f36baf0d9ab74e0d0fae19acbc9eed18656ed49770?s=96&d=mm&r=g\",\"caption\":\"Per Lindqvist\"},\"url\":\"https:\/\/alamocostadelsol.com\/no\/news\/author\/peli\"}]}<\/script>\n<!-- \/ Yoast SEO plugin. -->","yoast_head_json":{"title":"Beste turstier p\u00e5 Costa del Sol | Natur og historie","description":"Utforsk de beste turstiene p\u00e5 Costa del Sol, fra kyststier til historiske innlandsruter. Natur, utsikt og utend\u00f8rsopplevelser.","robots":{"index":"index","follow":"follow","max-snippet":"max-snippet:-1","max-image-preview":"max-image-preview:large","max-video-preview":"max-video-preview:-1"},"canonical":"https:\/\/alamocostadelsol.com\/no\/news\/beste-turstier-pa-costa-del-sol-utforsk-natur-og-historie","og_locale":"nb_NO","og_type":"article","og_title":"Beste turstier p\u00e5 Costa del Sol | Natur og historie","og_description":"Utforsk de beste turstiene p\u00e5 Costa del Sol, fra kyststier til historiske innlandsruter. Natur, utsikt og utend\u00f8rsopplevelser.","og_url":"https:\/\/alamocostadelsol.com\/no\/news\/beste-turstier-pa-costa-del-sol-utforsk-natur-og-historie","og_site_name":"Alamo - makes your dream come true at costa del sol","article_publisher":"https:\/\/www.facebook.com\/alamocostadelsol","article_published_time":"2025-06-16T10:00:00+00:00","article_modified_time":"2026-01-13T13:50:59+00:00","og_image":[{"width":2560,"height":1706,"url":"https:\/\/alamocostadelsol.com\/wp-content\/uploads\/2025\/06\/pexels-hans-verhulst-525083593-19245378-scaled.jpg","type":"image\/jpeg"}],"author":"Per Lindqvist","twitter_card":"summary_large_image","twitter_misc":{"Skrevet av":"Per Lindqvist","Ansl. lesetid":"4 minutter"},"schema":{"@context":"https:\/\/schema.org","@graph":[{"@type":"Article","@id":"https:\/\/alamocostadelsol.com\/no\/news\/beste-turstier-pa-costa-del-sol-utforsk-natur-og-historie#article","isPartOf":{"@id":"https:\/\/alamocostadelsol.com\/no\/news\/beste-turstier-pa-costa-del-sol-utforsk-natur-og-historie"},"author":{"name":"Per Lindqvist","@id":"https:\/\/alamocostadelsol.com\/no#\/schema\/person\/514c5d82ea0741b520c03d28d1ff1a7a"},"headline":"Beste turstier p\u00e5 Costa del Sol: Utforsk natur og historie","datePublished":"2025-06-16T10:00:00+00:00","dateModified":"2026-01-13T13:50:59+00:00","mainEntityOfPage":{"@id":"https:\/\/alamocostadelsol.com\/no\/news\/beste-turstier-pa-costa-del-sol-utforsk-natur-og-historie"},"wordCount":818,"publisher":{"@id":"https:\/\/alamocostadelsol.com\/no#organization"},"image":{"@id":"https:\/\/alamocostadelsol.com\/no\/news\/beste-turstier-pa-costa-del-sol-utforsk-natur-og-historie#primaryimage"},"thumbnailUrl":"https:\/\/alamocostadelsol.com\/wp-content\/uploads\/2025\/06\/pexels-hans-verhulst-525083593-19245378-scaled.jpg","articleSection":["Natur og friluftsliv"],"inLanguage":"nb-NO"},{"@type":"WebPage","@id":"https:\/\/alamocostadelsol.com\/no\/news\/beste-turstier-pa-costa-del-sol-utforsk-natur-og-historie","url":"https:\/\/alamocostadelsol.com\/no\/news\/beste-turstier-pa-costa-del-sol-utforsk-natur-og-historie","name":"Beste turstier p\u00e5 Costa del Sol | Natur og historie","isPartOf":{"@id":"https:\/\/alamocostadelsol.com\/no#website"},"primaryImageOfPage":{"@id":"https:\/\/alamocostadelsol.com\/no\/news\/beste-turstier-pa-costa-del-sol-utforsk-natur-og-historie#primaryimage"},"image":{"@id":"https:\/\/alamocostadelsol.com\/no\/news\/beste-turstier-pa-costa-del-sol-utforsk-natur-og-historie#primaryimage"},"thumbnailUrl":"https:\/\/alamocostadelsol.com\/wp-content\/uploads\/2025\/06\/pexels-hans-verhulst-525083593-19245378-scaled.jpg","datePublished":"2025-06-16T10:00:00+00:00","dateModified":"2026-01-13T13:50:59+00:00","description":"Utforsk de beste turstiene p\u00e5 Costa del Sol, fra kyststier til historiske innlandsruter. Natur, utsikt og utend\u00f8rsopplevelser.","breadcrumb":{"@id":"https:\/\/alamocostadelsol.com\/no\/news\/beste-turstier-pa-costa-del-sol-utforsk-natur-og-historie#breadcrumb"},"inLanguage":"nb-NO","potentialAction":[{"@type":"ReadAction","target":["https:\/\/alamocostadelsol.com\/no\/news\/beste-turstier-pa-costa-del-sol-utforsk-natur-og-historie"]}]},{"@type":"ImageObject","inLanguage":"nb-NO","@id":"https:\/\/alamocostadelsol.com\/no\/news\/beste-turstier-pa-costa-del-sol-utforsk-natur-og-historie#primaryimage","url":"https:\/\/alamocostadelsol.com\/wp-content\/uploads\/2025\/06\/pexels-hans-verhulst-525083593-19245378-scaled.jpg","contentUrl":"https:\/\/alamocostadelsol.com\/wp-content\/uploads\/2025\/06\/pexels-hans-verhulst-525083593-19245378-scaled.jpg","width":2560,"height":1706,"caption":"A narrow walkway clinging to the steep rock face of a deep gorge, with hikers walking along the wooden path suspended high above the river below, surrounded by dramatic cliffs and rugged mountain scenery."},{"@type":"BreadcrumbList","@id":"https:\/\/alamocostadelsol.com\/no\/news\/beste-turstier-pa-costa-del-sol-utforsk-natur-og-historie#breadcrumb","itemListElement":[{"@type":"ListItem","position":1,"name":"Home","item":"https:\/\/alamocostadelsol.com\/no"},{"@type":"ListItem","position":2,"name":"Beste turstier p\u00e5 Costa del Sol: Utforsk natur og historie"}]},{"@type":"WebSite","@id":"https:\/\/alamocostadelsol.com\/no#website","url":"https:\/\/alamocostadelsol.com\/no","name":"Alamo - makes your dream come true at costa del sol","description":"","publisher":{"@id":"https:\/\/alamocostadelsol.com\/no#organization"},"potentialAction":[{"@type":"SearchAction","target":{"@type":"EntryPoint","urlTemplate":"https:\/\/alamocostadelsol.com\/no?s={search_term_string}"},"query-input":{"@type":"PropertyValueSpecification","valueRequired":true,"valueName":"search_term_string"}}],"inLanguage":"nb-NO"},{"@type":"Organization","@id":"https:\/\/alamocostadelsol.com\/no#organization","name":"Alamo - makes your dream come true at costa del sol","url":"https:\/\/alamocostadelsol.com\/no","logo":{"@type":"ImageObject","inLanguage":"nb-NO","@id":"https:\/\/alamocostadelsol.com\/no#\/schema\/logo\/image\/","url":"https:\/\/alamocostadelsol.com\/wp-content\/uploads\/2024\/05\/alamo-costa-del-sol-logotype.png","contentUrl":"https:\/\/alamocostadelsol.com\/wp-content\/uploads\/2024\/05\/alamo-costa-del-sol-logotype.png","width":773,"height":170,"caption":"Alamo - makes your dream come true at costa del sol"},"image":{"@id":"https:\/\/alamocostadelsol.com\/no#\/schema\/logo\/image\/"},"sameAs":["https:\/\/www.facebook.com\/alamocostadelsol","https:\/\/www.instagram.com\/alamocostadelsol\/"]},{"@type":"Person","@id":"https:\/\/alamocostadelsol.com\/no#\/schema\/person\/514c5d82ea0741b520c03d28d1ff1a7a","name":"Per Lindqvist","image":{"@type":"ImageObject","inLanguage":"nb-NO","@id":"https:\/\/alamocostadelsol.com\/no#\/schema\/person\/image\/","url":"https:\/\/secure.gravatar.com\/avatar\/7c3165414ae570a298d212f36baf0d9ab74e0d0fae19acbc9eed18656ed49770?s=96&d=mm&r=g","contentUrl":"https:\/\/secure.gravatar.com\/avatar\/7c3165414ae570a298d212f36baf0d9ab74e0d0fae19acbc9eed18656ed49770?s=96&d=mm&r=g","caption":"Per Lindqvist"},"url":"https:\/\/alamocostadelsol.com\/no\/news\/author\/peli"}]}},"_links":{"self":[{"href":"https:\/\/alamocostadelsol.com\/no\/wp-json\/wp\/v2\/posts\/18811978","targetHints":{"allow":["GET"]}}],"collection":[{"href":"https:\/\/alamocostadelsol.com\/no\/wp-json\/wp\/v2\/posts"}],"about":[{"href":"https:\/\/alamocostadelsol.com\/no\/wp-json\/wp\/v2\/types\/post"}],"author":[{"embeddable":true,"href":"https:\/\/alamocostadelsol.com\/no\/wp-json\/wp\/v2\/users\/3"}],"replies":[{"embeddable":true,"href":"https:\/\/alamocostadelsol.com\/no\/wp-json\/wp\/v2\/comments?post=18811978"}],"version-history":[{"count":5,"href":"https:\/\/alamocostadelsol.com\/no\/wp-json\/wp\/v2\/posts\/18811978\/revisions"}],"predecessor-version":[{"id":18815149,"href":"https:\/\/alamocostadelsol.com\/no\/wp-json\/wp\/v2\/posts\/18811978\/revisions\/18815149"}],"wp:featuredmedia":[{"embeddable":true,"href":"https:\/\/alamocostadelsol.com\/no\/wp-json\/wp\/v2\/media\/18811967"}],"wp:attachment":[{"href":"https:\/\/alamocostadelsol.com\/no\/wp-json\/wp\/v2\/media?parent=18811978"}],"wp:term":[{"taxonomy":"category","embeddable":true,"href":"https:\/\/alamocostadelsol.com\/no\/wp-json\/wp\/v2\/categories?post=18811978"},{"taxonomy":"post_tag","embeddable":true,"href":"https:\/\/alamocostadelsol.com\/no\/wp-json\/wp\/v2\/tags?post=18811978"},{"taxonomy":"dipi_cpt_category","embeddable":true,"href":"https:\/\/alamocostadelsol.com\/no\/wp-json\/wp\/v2\/dipi_cpt_category?post=18811978"}],"curies":[{"name":"wp","href":"https:\/\/api.w.org\/{rel}","templated":true}]}}