{"id":18816525,"date":"2025-07-14T12:47:54","date_gmt":"2025-07-14T10:47:54","guid":{"rendered":"https:\/\/alamocostadelsol.com\/news\/exploration-des-villages-blancs-pueblos-blancos-de-la-costa-del-sol"},"modified":"2026-01-29T15:38:00","modified_gmt":"2026-01-29T14:38:00","slug":"exploration-des-villages-blancs-pueblos-blancos-de-la-costa-del-sol","status":"publish","type":"post","link":"https:\/\/alamocostadelsol.com\/fr\/news\/exploration-des-villages-blancs-pueblos-blancos-de-la-costa-del-sol","title":{"rendered":"Exploration des villages blancs (Pueblos Blancos) de la Costa del Sol"},"content":{"rendered":"\n<p>Les <strong>Pueblos Blancos<\/strong> (Villages Blancs) d\u2019Andalousie sont parmi les destinations les plus pittoresques et historiquement riches d\u2019Espagne. Nich\u00e9s dans les collines et montagnes de la <strong>Costa del Sol<\/strong>, ces charmants villages, avec leurs <strong>maisons blanchies \u00e0 la chaux et leurs rues pav\u00e9es<\/strong>, offrent une \u00e9chappatoire parfaite dans la vie andalouse traditionnelle. Si vous pr\u00e9voyez un voyage, ce guide vous aidera \u00e0 d\u00e9couvrir les <strong>meilleurs villages blancs pr\u00e8s de M\u00e1laga<\/strong>, comment les visiter et \u00e0 quoi vous attendre. <\/p>\n\n<h2 class=\"wp-block-heading\"><strong>Quels sont les villages blancs d\u2019Andalousie ?<\/strong><\/h2>\n\n<p>Les <strong>Pueblos Blancos<\/strong> sont un ensemble de villages principalement situ\u00e9s dans les provinces de <strong>M\u00e1laga et Cadix<\/strong>. Ils sont connus pour leurs <strong>maisons peintes en blanc, qui r\u00e9fl\u00e9chissent<\/strong> la lumi\u00e8re du soleil et gardent l\u2019int\u00e9rieur frais pendant les \u00e9t\u00e9s chauds. Beaucoup de ces villages ont <strong>des origines mauresques<\/strong>, comme en t\u00e9moignent leurs <strong>rues \u00e9troites et sinueuses, leurs forteresses au sommet des collines et leurs cours andalouses traditionnelles<\/strong>.  <\/p>\n\n<p>La tradition de <strong>la chaux des maisons<\/strong> se poursuit aujourd\u2019hui, conf\u00e9rant \u00e0 ces villages un charme intemporel qui attire des voyageurs du monde entier.<\/p>\n\n<p>\ud83d\udd17 <strong>\u00c0 lire aussi :<\/strong><a href=\"https:\/\/en.wikipedia.org\/wiki\/White_Towns_of_Andalusia\"> Histoire des Pueblos Blancos en Andalousie<\/a><\/p>\n\n<h2 class=\"wp-block-heading\"><strong>Les meilleurs villages blancs \u00e0 visiter sur la Costa del Sol<\/strong><\/h2>\n\n<p>Si vous visitez <strong>M\u00e1laga ou la Costa del Sol<\/strong>, voici quelques-uns des <strong>villages blancs<\/strong> les plus beaux et accessibles \u00e0 explorer.<\/p>\n\n<h3 class=\"wp-block-heading\"><strong>1. Pueblo de Mijas \u2013 Le village blanc par excellence<\/strong><\/h3>\n\n<figure class=\"wp-block-image size-large\"><img decoding=\"async\" width=\"1024\" height=\"640\" data-src=\"https:\/\/alamocostadelsol.com\/wp-content\/uploads\/2025\/07\/darren-tolley-jVR00QNOLto-unsplash-1024x640.jpg\" alt=\"Rue traditionnelle du village blanc en Andalousie sur la Costa del Sol\" class=\"wp-image-18813056 lazyload\" data-srcset=\"https:\/\/alamocostadelsol.com\/wp-content\/uploads\/2025\/07\/darren-tolley-jVR00QNOLto-unsplash-980x613.jpg 980w, https:\/\/alamocostadelsol.com\/wp-content\/uploads\/2025\/07\/darren-tolley-jVR00QNOLto-unsplash-480x300.jpg 480w\" data-sizes=\"(min-width: 0px) and (max-width: 480px) 480px, (min-width: 481px) and (max-width: 980px) 980px, (min-width: 981px) 1024px, 100vw\" src=\"data:image\/svg+xml;base64,PHN2ZyB3aWR0aD0iMSIgaGVpZ2h0PSIxIiB4bWxucz0iaHR0cDovL3d3dy53My5vcmcvMjAwMC9zdmciPjwvc3ZnPg==\" style=\"--smush-placeholder-width: 1024px; --smush-placeholder-aspect-ratio: 1024\/640;\" \/><\/figure>\n\n<p>Situ\u00e9 \u00e0 <strong>seulement 30 minutes de M\u00e1laga<\/strong>, <strong>Mijas Pueblo<\/strong> est un <strong>incontournable<\/strong>. Situ\u00e9 sur le flanc de la montagne, il offre <strong>une vue panoramique \u00e9poustouflante sur le littoral<\/strong> et un m\u00e9lange de <strong>tradition andalouse et de tourisme moderne<\/strong>. <\/p>\n\n<p><strong>Points forts :<\/strong><\/p>\n\n<ul class=\"wp-block-list\">\n<li>La <strong>Plaza de Toros<\/strong>, l\u2019une des ar\u00e8nes de taureaux les plus uniques d\u2019Espagne.<\/li>\n\n\n\n<li>Les <strong>c\u00e9l\u00e8bres taxis d\u2019\u00e2ne<\/strong>, une attraction locale originale mais embl\u00e9matique.<\/li>\n\n\n\n<li>Des boutiques artisanales locales vendent des c\u00e9ramiques, des articles en cuir et des souvenirs faits main.<\/li>\n<\/ul>\n\n<p>\ud83d\udd17 <strong>En savoir plus :<\/strong><a href=\"https:\/\/www.mijas.es\/\"> Guide officiel du tourisme de Mijas Pueblo<\/a><\/p>\n\n<h3 class=\"wp-block-heading\"><strong>2. Frigiliana \u2013 L\u2019un des plus beaux villages d\u2019Espagne<\/strong><\/h3>\n\n<figure class=\"wp-block-image size-large\"><img decoding=\"async\" width=\"1024\" height=\"576\" data-src=\"https:\/\/alamocostadelsol.com\/wp-content\/uploads\/2025\/07\/lucas-albuquerque-aCCO1qIVoEg-unsplash-1024x576.jpg\" alt=\"Pueblo blancos village avec des maisons blanches et des rues &#xE9;troites dans le sud de l&#x2019;Espagne\" class=\"wp-image-18813063 lazyload\" data-srcset=\"https:\/\/alamocostadelsol.com\/wp-content\/uploads\/2025\/07\/lucas-albuquerque-aCCO1qIVoEg-unsplash-980x551.jpg 980w, https:\/\/alamocostadelsol.com\/wp-content\/uploads\/2025\/07\/lucas-albuquerque-aCCO1qIVoEg-unsplash-480x270.jpg 480w\" data-sizes=\"(min-width: 0px) and (max-width: 480px) 480px, (min-width: 481px) and (max-width: 980px) 980px, (min-width: 981px) 1024px, 100vw\" src=\"data:image\/svg+xml;base64,PHN2ZyB3aWR0aD0iMSIgaGVpZ2h0PSIxIiB4bWxucz0iaHR0cDovL3d3dy53My5vcmcvMjAwMC9zdmciPjwvc3ZnPg==\" style=\"--smush-placeholder-width: 1024px; --smush-placeholder-aspect-ratio: 1024\/576;\" \/><\/figure>\n\n<p>Nich\u00e9e dans les collines pr\u00e8s <strong>de Nerja<\/strong>, <strong>Frigiliana<\/strong> est souvent \u00e9lue parmi les plus beaux villages d\u2019Espagne. Elle est connue pour sa <strong>vieille ville mauresque, ses ruelles escarp\u00e9es et ses pots de fleurs color\u00e9s qui bordent les rues blanchies \u00e0 la chaux<\/strong>. <\/p>\n\n<p><strong>Points forts :<\/strong><\/p>\n\n<ul class=\"wp-block-list\">\n<li>Le <strong>Festival des Trois Cultures<\/strong>, c\u00e9l\u00e9brant l\u2019h\u00e9ritage chr\u00e9tien, juif et musulman de la r\u00e9gion.<\/li>\n\n\n\n<li>Des vues \u00e0 couper le souffle sur les montagnes environnantes et la mer M\u00e9diterran\u00e9e.<\/li>\n\n\n\n<li>Le <strong>rhum local au miel (ron miel),<\/strong> une sp\u00e9cialit\u00e9 r\u00e9gionale incontournable.<\/li>\n<\/ul>\n\n<p>\ud83d\udd17 <strong>Lire la suite :<\/strong><a href=\"https:\/\/www.andalucia.com\/frigiliana\/home.htm\"> Pourquoi Frigiliana est l\u2019un des plus beaux villages d\u2019Espagne<\/a><\/p>\n\n<h3 class=\"wp-block-heading\"><strong>3. Casares \u2013 Le Pueblo Blanco Parfait<\/strong><\/h3>\n\n<figure class=\"wp-block-image size-large\"><img decoding=\"async\" width=\"1024\" height=\"683\" data-src=\"https:\/\/alamocostadelsol.com\/wp-content\/uploads\/2025\/07\/borja-verbena-AYB3NosOARk-unsplash-1024x683.jpg\" alt=\"Village blanc de la Costa del Sol mettant en valeur l&#x2019;architecture traditionnelle andalouse\" class=\"wp-image-18813070 lazyload\" data-srcset=\"https:\/\/alamocostadelsol.com\/wp-content\/uploads\/2025\/07\/borja-verbena-AYB3NosOARk-unsplash-980x653.jpg 980w, https:\/\/alamocostadelsol.com\/wp-content\/uploads\/2025\/07\/borja-verbena-AYB3NosOARk-unsplash-480x320.jpg 480w\" data-sizes=\"(min-width: 0px) and (max-width: 480px) 480px, (min-width: 481px) and (max-width: 980px) 980px, (min-width: 981px) 1024px, 100vw\" src=\"data:image\/svg+xml;base64,PHN2ZyB3aWR0aD0iMSIgaGVpZ2h0PSIxIiB4bWxucz0iaHR0cDovL3d3dy53My5vcmcvMjAwMC9zdmciPjwvc3ZnPg==\" style=\"--smush-placeholder-width: 1024px; --smush-placeholder-aspect-ratio: 1024\/683;\" \/><\/figure>\n\n<p>Situ\u00e9 \u00e0 l\u2019ouest de <strong>Marbella<\/strong>, <strong>Casares<\/strong> est un <strong>village classique parfait pour une carte<\/strong> postale, o\u00f9 les maisons blanches semblent d\u00e9valer la colline. Elle est connue pour son <strong>cadre dramatique et sa riche histoire<\/strong>. <\/p>\n\n<p><strong>Points forts :<\/strong><\/p>\n\n<ul class=\"wp-block-list\">\n<li>Les <strong>ruines du ch\u00e2teau de Casares<\/strong>, offrant des vues \u00e0 couper le souffle.<\/li>\n\n\n\n<li>Un \u00e9quilibre parfait entre proximit\u00e9 c\u00f4ti\u00e8re et charme rural.<\/li>\n\n\n\n<li>Moins touristique que Mijas ou Frigiliana, offrant une exp\u00e9rience plus authentique.<\/li>\n<\/ul>\n\n<p>\ud83d\udd17 <strong>Plus d\u2019informations :<\/strong><a href=\"https:\/\/www.spain.info\/en\/destination\/casares\/\"> Guide de voyage Casares<\/a><\/p>\n\n<h3 class=\"wp-block-heading\"><strong>4. Ronda \u2013 Le village blanc le plus spectaculaire<\/strong><\/h3>\n\n<figure class=\"wp-block-image size-large\"><img decoding=\"async\" width=\"1024\" height=\"768\" data-src=\"https:\/\/alamocostadelsol.com\/wp-content\/uploads\/2025\/07\/william-fernandes-feuBi1-6o7g-unsplash-1024x768.jpg\" alt=\"Ronda\" class=\"wp-image-18813077 lazyload\" data-srcset=\"https:\/\/alamocostadelsol.com\/wp-content\/uploads\/2025\/07\/william-fernandes-feuBi1-6o7g-unsplash-980x735.jpg 980w, https:\/\/alamocostadelsol.com\/wp-content\/uploads\/2025\/07\/william-fernandes-feuBi1-6o7g-unsplash-480x360.jpg 480w\" data-sizes=\"(min-width: 0px) and (max-width: 480px) 480px, (min-width: 481px) and (max-width: 980px) 980px, (min-width: 981px) 1024px, 100vw\" src=\"data:image\/svg+xml;base64,PHN2ZyB3aWR0aD0iMSIgaGVpZ2h0PSIxIiB4bWxucz0iaHR0cDovL3d3dy53My5vcmcvMjAwMC9zdmciPjwvc3ZnPg==\" style=\"--smush-placeholder-width: 1024px; --smush-placeholder-aspect-ratio: 1024\/768;\" \/><\/figure>\n\n<p>Bien qu\u2019un peu plus \u00e0 l\u2019int\u00e9rieur des terres, <strong>Ronda<\/strong> est l\u2019un des <strong>Pueblos Blancos<\/strong> les plus c\u00e9l\u00e8bres d\u2019Andalousie, connu pour sa <strong>gorge spectaculaire et son pont Puente Nuevo<\/strong>. C\u2019est le berceau de la <strong>tauromachie moderne<\/strong> et un tr\u00e9sor culturel. <\/p>\n\n<p><strong>Points forts :<\/strong><\/p>\n\n<ul class=\"wp-block-list\">\n<li>La <strong>gorge d\u2019El Tajo<\/strong>, offrant des vues \u00e0 couper le souffle.<\/li>\n\n\n\n<li>L\u2019une des plus anciennes ar\u00e8nes de taureaux d\u2019Espagne, la <strong>Plaza de Toros de Ronda<\/strong>.<\/li>\n\n\n\n<li>Palais historiques, mus\u00e9es et riche culture andalouse.<\/li>\n<\/ul>\n\n<p>\ud83d\udd17 <strong>Planifiez votre visite :<\/strong><a href=\"https:\/\/www.andalucia.com\/ronda\/home.htm\"> Activit\u00e9s \u00e0 Ronda<\/a><\/p>\n\n<h2 class=\"wp-block-heading\"><strong>Comment explorer les villages blancs de la Costa del Sol<\/strong><\/h2>\n\n<figure class=\"wp-block-image size-large\"><img decoding=\"async\" width=\"1024\" height=\"576\" data-src=\"https:\/\/alamocostadelsol.com\/wp-content\/uploads\/2025\/07\/lucas-albuquerque-0-yui2MTZeA-unsplash-1024x576.jpg\" alt=\"Village blanc de la Costa del Sol mettant en valeur l&#x2019;architecture traditionnelle andalouse\" class=\"wp-image-18813084 lazyload\" data-srcset=\"https:\/\/alamocostadelsol.com\/wp-content\/uploads\/2025\/07\/lucas-albuquerque-0-yui2MTZeA-unsplash-980x551.jpg 980w, https:\/\/alamocostadelsol.com\/wp-content\/uploads\/2025\/07\/lucas-albuquerque-0-yui2MTZeA-unsplash-480x270.jpg 480w\" data-sizes=\"(min-width: 0px) and (max-width: 480px) 480px, (min-width: 481px) and (max-width: 980px) 980px, (min-width: 981px) 1024px, 100vw\" src=\"data:image\/svg+xml;base64,PHN2ZyB3aWR0aD0iMSIgaGVpZ2h0PSIxIiB4bWxucz0iaHR0cDovL3d3dy53My5vcmcvMjAwMC9zdmciPjwvc3ZnPg==\" style=\"--smush-placeholder-width: 1024px; --smush-placeholder-aspect-ratio: 1024\/576;\" \/><\/figure>\n\n<h3 class=\"wp-block-heading\"><strong>Meilleure fa\u00e7on de visiter<\/strong><\/h3>\n\n<p>La <strong>meilleure fa\u00e7on d\u2019explorer les Villages Blancs<\/strong> est de <strong>prendre la voiture<\/strong>. Un road trip vous permet <strong>de visiter plusieurs villages en une seule journ\u00e9e<\/strong> et de profiter de la campagne pittoresque. <\/p>\n\n<p>Pour ceux qui n\u2019ont pas de voiture, des <strong>visites guid\u00e9es depuis M\u00e1laga et Marbella<\/strong> incluent des arr\u00eats dans plusieurs de ces villages.<\/p>\n\n<p>\ud83d\udd17 <strong>Visite recommand\u00e9e :<\/strong><a href=\"https:\/\/www.getyourguide.com\/malaga-l402\/white-villages-day-trip-t389032\/\"> Visite guid\u00e9e des villages blancs depuis M\u00e1laga<\/a><\/p>\n\n<h3 class=\"wp-block-heading\"><strong>Meilleure p\u00e9riode pour visiter<\/strong><\/h3>\n\n<p>La p\u00e9riode id\u00e9ale pour visiter est le <strong>printemps (avril\u2013juin) et l\u2019automne (septembre\u2013octobre),<\/strong> lorsque le temps est agr\u00e9able et que les villages sont moins peupl\u00e9s.<\/p>\n\n<p>\ud83d\udd17 <strong>Guide m\u00e9t\u00e9o :<\/strong><a href=\"https:\/\/www.thetimes.co.uk\/article\/best-time-visit-spain-mdpmhkjmh\"> Meilleure p\u00e9riode pour visiter l\u2019Andalousie<\/a><\/p>\n\n<h2 class=\"wp-block-heading\"><strong>Questions fr\u00e9quemment pos\u00e9es<\/strong><\/h2>\n\n<figure class=\"wp-block-image size-large\"><img decoding=\"async\" width=\"1024\" height=\"683\" data-src=\"https:\/\/alamocostadelsol.com\/wp-content\/uploads\/2025\/07\/victor-martin-m4D_b99_h-E-unsplash-1024x683.jpg\" alt=\"\" class=\"wp-image-18813091 lazyload\" data-srcset=\"https:\/\/alamocostadelsol.com\/wp-content\/uploads\/2025\/07\/victor-martin-m4D_b99_h-E-unsplash-980x653.jpg 980w, https:\/\/alamocostadelsol.com\/wp-content\/uploads\/2025\/07\/victor-martin-m4D_b99_h-E-unsplash-480x320.jpg 480w\" data-sizes=\"(min-width: 0px) and (max-width: 480px) 480px, (min-width: 481px) and (max-width: 980px) 980px, (min-width: 981px) 1024px, 100vw\" src=\"data:image\/svg+xml;base64,PHN2ZyB3aWR0aD0iMSIgaGVpZ2h0PSIxIiB4bWxucz0iaHR0cDovL3d3dy53My5vcmcvMjAwMC9zdmciPjwvc3ZnPg==\" style=\"--smush-placeholder-width: 1024px; --smush-placeholder-aspect-ratio: 1024\/683;\" \/><\/figure>\n\n<h3 class=\"wp-block-heading\"><strong>1. Pourquoi les villages sont-ils peints en blanc ?<\/strong><\/h3>\n\n<p>La tradition du blanchiment de la laveur remonte \u00e0 <strong>l\u2019\u00e9poque maure<\/strong>, principalement pour <strong>r\u00e9fl\u00e9chir la lumi\u00e8re du soleil et garder l\u2019int\u00e9rieur frais<\/strong>. Il servait aussi \u00e0 des fins hygi\u00e9niques, car la chaux aidait \u00e0 repousser les insectes et les bact\u00e9ries. <\/p>\n\n<h3 class=\"wp-block-heading\"><strong>2. Peut-on visiter plusieurs villages blancs en une journ\u00e9e ?<\/strong><\/h3>\n\n<p>Oui, si vous avez une voiture, vous pouvez facilement <strong>visiter deux villages en une journ\u00e9e<\/strong>.  <\/p>\n\n<h3 class=\"wp-block-heading\"><strong>3. Que devrais-je porter lors de mes visites ?<\/strong><\/h3>\n\n<ul class=\"wp-block-list\">\n<li><strong>Chaussures de marche confortables<\/strong> pour les rues pav\u00e9es et les sentiers vallonn\u00e9s.<\/li>\n\n\n\n<li><strong>Des v\u00eatements l\u00e9gers en \u00e9t\u00e9<\/strong>, avec de la cr\u00e8me solaire et des chapeaux.<\/li>\n\n\n\n<li><strong>Tenues superpos\u00e9es en hiver<\/strong>, car les temp\u00e9ratures peuvent chuter le soir.<\/li>\n<\/ul>\n\n<h3 class=\"wp-block-heading\"><strong>4. Y a-t-il des festivals locaux qui valent le d\u00e9tour,<\/strong><\/h3>\n\n<p>Oui, quelques points forts incluent :<\/p>\n\n<ul class=\"wp-block-list\">\n<li><strong>Festival des Trois Cultures (Frigiliana)<\/strong> \u2013 Un \u00e9v\u00e9nement culturel c\u00e9l\u00e9brant les traditions chr\u00e9tiennes, juives et musulmanes.<\/li>\n\n\n\n<li><strong>La Feria de Pedro Romero de Ronda<\/strong> \u2013 Un festival historique mettant en vedette la corrida et le flamenco.<\/li>\n\n\n\n<li><strong>Casares Feria<\/strong> \u2013 Un festival andalou traditionnel avec musique, gastronomie et c\u00e9l\u00e9brations.<\/li>\n<\/ul>\n\n<p>\ud83d\udd17 <strong>Trouver les \u00e9v\u00e9nements :<\/strong><a href=\"https:\/\/www.spain.info\/en\/calendar\/\"> Calendrier des festivals d\u2019Andalousie<\/a><\/p>\n\n<hr class=\"wp-block-separator has-alpha-channel-opacity\"\/>\n\n<h2 class=\"wp-block-heading\"><strong>Conclusion : Pourquoi visiter les Pueblos Blancos ?<\/strong><\/h2>\n\n<p>Explorer les <strong>villages blancs de la Costa del Sol<\/strong> est un voyage dans <strong>le pass\u00e9 espagnol et une occasion de d\u00e9couvrir la culture authentique andalouse<\/strong>. Que vous recherchiez <strong>des vues \u00e0 couper le souffle, un charme historique ou une gastronomie traditionnelle<\/strong>, ces villages offrent quelque chose de sp\u00e9cial \u00e0 chaque voyageur. <\/p>\n\n<p>Si vous visitez <strong>M\u00e1laga, Marbella ou la Costa del Sol<\/strong>, un voyage aux <strong>Pueblos Blancos<\/strong> est une exp\u00e9rience inoubliable.<\/p>\n","protected":false},"excerpt":{"rendered":"<p>Les Pueblos Blancos (Villages Blancs) d\u2019Andalousie sont parmi les destinations les plus pittoresques et historiquement riches d\u2019Espagne. Nich\u00e9s dans les collines et montagnes de la Costa del Sol, ces charmants villages, avec leurs maisons blanchies \u00e0 la chaux et leurs rues pav\u00e9es, offrent une \u00e9chappatoire parfaite dans la vie andalouse traditionnelle. Si vous pr\u00e9voyez un [&hellip;]<\/p>\n","protected":false},"author":3,"featured_media":18816532,"comment_status":"closed","ping_status":"open","sticky":false,"template":"","format":"standard","meta":{"_et_pb_use_builder":"off","_et_pb_old_content":"","_et_gb_content_width":"","footnotes":""},"categories":[222],"tags":[],"dipi_cpt_category":[],"class_list":["post-18816525","post","type-post","status-publish","format-standard","has-post-thumbnail","hentry","category-guides-locaux-et-voyages"],"yoast_head":"<!-- This site is optimized with the Yoast SEO plugin v25.8 - https:\/\/yoast.com\/wordpress\/plugins\/seo\/ -->\n<title>Villages blancs de la Costa del Sol | Pueblos Blancos Guide<\/title>\n<meta name=\"description\" content=\"Explorez les villages blancs de la Costa del Sol, des villes andalouses traditionnelles aux villages pittoresques perch\u00e9s sur des collines. Des conseils sur la culture, l\u2019histoire et le voyage.\" \/>\n<meta name=\"robots\" content=\"index, follow, max-snippet:-1, max-image-preview:large, max-video-preview:-1\" \/>\n<link rel=\"canonical\" href=\"https:\/\/alamocostadelsol.com\/fr\/news\/exploration-des-villages-blancs-pueblos-blancos-de-la-costa-del-sol\" \/>\n<meta property=\"og:locale\" content=\"fr_FR\" \/>\n<meta property=\"og:type\" content=\"article\" \/>\n<meta property=\"og:title\" content=\"Villages blancs de la Costa del Sol | Pueblos Blancos Guide\" \/>\n<meta property=\"og:description\" content=\"Explorez les villages blancs de la Costa del Sol, des villes andalouses traditionnelles aux villages pittoresques perch\u00e9s sur des collines. Des conseils sur la culture, l\u2019histoire et le voyage.\" \/>\n<meta property=\"og:url\" content=\"https:\/\/alamocostadelsol.com\/fr\/news\/exploration-des-villages-blancs-pueblos-blancos-de-la-costa-del-sol\" \/>\n<meta property=\"og:site_name\" content=\"Alamo - makes your dream come true at costa del sol\" \/>\n<meta property=\"article:publisher\" content=\"https:\/\/www.facebook.com\/alamocostadelsol\" \/>\n<meta property=\"article:published_time\" content=\"2025-07-14T10:47:54+00:00\" \/>\n<meta property=\"article:modified_time\" content=\"2026-01-29T14:38:00+00:00\" \/>\n<meta property=\"og:image\" content=\"https:\/\/alamocostadelsol.com\/wp-content\/uploads\/2025\/07\/christian-hergesell-Fn_WsWPmAMc-unsplash-scaled.jpg\" \/>\n\t<meta property=\"og:image:width\" content=\"2560\" \/>\n\t<meta property=\"og:image:height\" content=\"1704\" \/>\n\t<meta property=\"og:image:type\" content=\"image\/jpeg\" \/>\n<meta name=\"author\" content=\"Per Lindqvist\" \/>\n<meta name=\"twitter:card\" content=\"summary_large_image\" \/>\n<meta name=\"twitter:label1\" content=\"\u00c9crit par\" \/>\n\t<meta name=\"twitter:data1\" content=\"Per Lindqvist\" \/>\n\t<meta name=\"twitter:label2\" content=\"Dur\u00e9e de lecture estim\u00e9e\" \/>\n\t<meta name=\"twitter:data2\" content=\"5 minutes\" \/>\n<script type=\"application\/ld+json\" class=\"yoast-schema-graph\">{\"@context\":\"https:\/\/schema.org\",\"@graph\":[{\"@type\":\"Article\",\"@id\":\"https:\/\/alamocostadelsol.com\/fr\/news\/exploration-des-villages-blancs-pueblos-blancos-de-la-costa-del-sol#article\",\"isPartOf\":{\"@id\":\"https:\/\/alamocostadelsol.com\/fr\/news\/exploration-des-villages-blancs-pueblos-blancos-de-la-costa-del-sol\"},\"author\":{\"name\":\"Per Lindqvist\",\"@id\":\"https:\/\/alamocostadelsol.com\/fr#\/schema\/person\/514c5d82ea0741b520c03d28d1ff1a7a\"},\"headline\":\"Exploration des villages blancs (Pueblos Blancos) de la Costa del Sol\",\"datePublished\":\"2025-07-14T10:47:54+00:00\",\"dateModified\":\"2026-01-29T14:38:00+00:00\",\"mainEntityOfPage\":{\"@id\":\"https:\/\/alamocostadelsol.com\/fr\/news\/exploration-des-villages-blancs-pueblos-blancos-de-la-costa-del-sol\"},\"wordCount\":1066,\"publisher\":{\"@id\":\"https:\/\/alamocostadelsol.com\/fr#organization\"},\"image\":{\"@id\":\"https:\/\/alamocostadelsol.com\/fr\/news\/exploration-des-villages-blancs-pueblos-blancos-de-la-costa-del-sol#primaryimage\"},\"thumbnailUrl\":\"https:\/\/alamocostadelsol.com\/wp-content\/uploads\/2025\/07\/christian-hergesell-Fn_WsWPmAMc-unsplash-scaled.jpg\",\"articleSection\":[\"Guides locaux et voyages\"],\"inLanguage\":\"fr-FR\"},{\"@type\":\"WebPage\",\"@id\":\"https:\/\/alamocostadelsol.com\/fr\/news\/exploration-des-villages-blancs-pueblos-blancos-de-la-costa-del-sol\",\"url\":\"https:\/\/alamocostadelsol.com\/fr\/news\/exploration-des-villages-blancs-pueblos-blancos-de-la-costa-del-sol\",\"name\":\"Villages blancs de la Costa del Sol | Pueblos Blancos Guide\",\"isPartOf\":{\"@id\":\"https:\/\/alamocostadelsol.com\/fr#website\"},\"primaryImageOfPage\":{\"@id\":\"https:\/\/alamocostadelsol.com\/fr\/news\/exploration-des-villages-blancs-pueblos-blancos-de-la-costa-del-sol#primaryimage\"},\"image\":{\"@id\":\"https:\/\/alamocostadelsol.com\/fr\/news\/exploration-des-villages-blancs-pueblos-blancos-de-la-costa-del-sol#primaryimage\"},\"thumbnailUrl\":\"https:\/\/alamocostadelsol.com\/wp-content\/uploads\/2025\/07\/christian-hergesell-Fn_WsWPmAMc-unsplash-scaled.jpg\",\"datePublished\":\"2025-07-14T10:47:54+00:00\",\"dateModified\":\"2026-01-29T14:38:00+00:00\",\"description\":\"Explorez les villages blancs de la Costa del Sol, des villes andalouses traditionnelles aux villages pittoresques perch\u00e9s sur des collines. Des conseils sur la culture, l\u2019histoire et le voyage.\",\"breadcrumb\":{\"@id\":\"https:\/\/alamocostadelsol.com\/fr\/news\/exploration-des-villages-blancs-pueblos-blancos-de-la-costa-del-sol#breadcrumb\"},\"inLanguage\":\"fr-FR\",\"potentialAction\":[{\"@type\":\"ReadAction\",\"target\":[\"https:\/\/alamocostadelsol.com\/fr\/news\/exploration-des-villages-blancs-pueblos-blancos-de-la-costa-del-sol\"]}]},{\"@type\":\"ImageObject\",\"inLanguage\":\"fr-FR\",\"@id\":\"https:\/\/alamocostadelsol.com\/fr\/news\/exploration-des-villages-blancs-pueblos-blancos-de-la-costa-del-sol#primaryimage\",\"url\":\"https:\/\/alamocostadelsol.com\/wp-content\/uploads\/2025\/07\/christian-hergesell-Fn_WsWPmAMc-unsplash-scaled.jpg\",\"contentUrl\":\"https:\/\/alamocostadelsol.com\/wp-content\/uploads\/2025\/07\/christian-hergesell-Fn_WsWPmAMc-unsplash-scaled.jpg\",\"width\":2560,\"height\":1704,\"caption\":\"Mijas Pueblo Architecture\"},{\"@type\":\"BreadcrumbList\",\"@id\":\"https:\/\/alamocostadelsol.com\/fr\/news\/exploration-des-villages-blancs-pueblos-blancos-de-la-costa-del-sol#breadcrumb\",\"itemListElement\":[{\"@type\":\"ListItem\",\"position\":1,\"name\":\"Home\",\"item\":\"https:\/\/alamocostadelsol.com\/fr\"},{\"@type\":\"ListItem\",\"position\":2,\"name\":\"Exploration des villages blancs (Pueblos Blancos) de la Costa del Sol\"}]},{\"@type\":\"WebSite\",\"@id\":\"https:\/\/alamocostadelsol.com\/fr#website\",\"url\":\"https:\/\/alamocostadelsol.com\/fr\",\"name\":\"Alamo - makes your dream come true at costa del sol\",\"description\":\"\",\"publisher\":{\"@id\":\"https:\/\/alamocostadelsol.com\/fr#organization\"},\"potentialAction\":[{\"@type\":\"SearchAction\",\"target\":{\"@type\":\"EntryPoint\",\"urlTemplate\":\"https:\/\/alamocostadelsol.com\/fr?s={search_term_string}\"},\"query-input\":{\"@type\":\"PropertyValueSpecification\",\"valueRequired\":true,\"valueName\":\"search_term_string\"}}],\"inLanguage\":\"fr-FR\"},{\"@type\":\"Organization\",\"@id\":\"https:\/\/alamocostadelsol.com\/fr#organization\",\"name\":\"Alamo - makes your dream come true at costa del sol\",\"url\":\"https:\/\/alamocostadelsol.com\/fr\",\"logo\":{\"@type\":\"ImageObject\",\"inLanguage\":\"fr-FR\",\"@id\":\"https:\/\/alamocostadelsol.com\/fr#\/schema\/logo\/image\/\",\"url\":\"https:\/\/alamocostadelsol.com\/wp-content\/uploads\/2024\/05\/alamo-costa-del-sol-logotype.png\",\"contentUrl\":\"https:\/\/alamocostadelsol.com\/wp-content\/uploads\/2024\/05\/alamo-costa-del-sol-logotype.png\",\"width\":773,\"height\":170,\"caption\":\"Alamo - makes your dream come true at costa del sol\"},\"image\":{\"@id\":\"https:\/\/alamocostadelsol.com\/fr#\/schema\/logo\/image\/\"},\"sameAs\":[\"https:\/\/www.facebook.com\/alamocostadelsol\",\"https:\/\/www.instagram.com\/alamocostadelsol\/\"]},{\"@type\":\"Person\",\"@id\":\"https:\/\/alamocostadelsol.com\/fr#\/schema\/person\/514c5d82ea0741b520c03d28d1ff1a7a\",\"name\":\"Per Lindqvist\",\"image\":{\"@type\":\"ImageObject\",\"inLanguage\":\"fr-FR\",\"@id\":\"https:\/\/alamocostadelsol.com\/fr#\/schema\/person\/image\/\",\"url\":\"https:\/\/secure.gravatar.com\/avatar\/7c3165414ae570a298d212f36baf0d9ab74e0d0fae19acbc9eed18656ed49770?s=96&d=mm&r=g\",\"contentUrl\":\"https:\/\/secure.gravatar.com\/avatar\/7c3165414ae570a298d212f36baf0d9ab74e0d0fae19acbc9eed18656ed49770?s=96&d=mm&r=g\",\"caption\":\"Per Lindqvist\"},\"url\":\"https:\/\/alamocostadelsol.com\/fr\/news\/author\/peli\"}]}<\/script>\n<!-- \/ Yoast SEO plugin. -->","yoast_head_json":{"title":"Villages blancs de la Costa del Sol | Pueblos Blancos Guide","description":"Explorez les villages blancs de la Costa del Sol, des villes andalouses traditionnelles aux villages pittoresques perch\u00e9s sur des collines. Des conseils sur la culture, l\u2019histoire et le voyage.","robots":{"index":"index","follow":"follow","max-snippet":"max-snippet:-1","max-image-preview":"max-image-preview:large","max-video-preview":"max-video-preview:-1"},"canonical":"https:\/\/alamocostadelsol.com\/fr\/news\/exploration-des-villages-blancs-pueblos-blancos-de-la-costa-del-sol","og_locale":"fr_FR","og_type":"article","og_title":"Villages blancs de la Costa del Sol | Pueblos Blancos Guide","og_description":"Explorez les villages blancs de la Costa del Sol, des villes andalouses traditionnelles aux villages pittoresques perch\u00e9s sur des collines. Des conseils sur la culture, l\u2019histoire et le voyage.","og_url":"https:\/\/alamocostadelsol.com\/fr\/news\/exploration-des-villages-blancs-pueblos-blancos-de-la-costa-del-sol","og_site_name":"Alamo - makes your dream come true at costa del sol","article_publisher":"https:\/\/www.facebook.com\/alamocostadelsol","article_published_time":"2025-07-14T10:47:54+00:00","article_modified_time":"2026-01-29T14:38:00+00:00","og_image":[{"width":2560,"height":1704,"url":"https:\/\/alamocostadelsol.com\/wp-content\/uploads\/2025\/07\/christian-hergesell-Fn_WsWPmAMc-unsplash-scaled.jpg","type":"image\/jpeg"}],"author":"Per Lindqvist","twitter_card":"summary_large_image","twitter_misc":{"\u00c9crit par":"Per Lindqvist","Dur\u00e9e de lecture estim\u00e9e":"5 minutes"},"schema":{"@context":"https:\/\/schema.org","@graph":[{"@type":"Article","@id":"https:\/\/alamocostadelsol.com\/fr\/news\/exploration-des-villages-blancs-pueblos-blancos-de-la-costa-del-sol#article","isPartOf":{"@id":"https:\/\/alamocostadelsol.com\/fr\/news\/exploration-des-villages-blancs-pueblos-blancos-de-la-costa-del-sol"},"author":{"name":"Per Lindqvist","@id":"https:\/\/alamocostadelsol.com\/fr#\/schema\/person\/514c5d82ea0741b520c03d28d1ff1a7a"},"headline":"Exploration des villages blancs (Pueblos Blancos) de la Costa del Sol","datePublished":"2025-07-14T10:47:54+00:00","dateModified":"2026-01-29T14:38:00+00:00","mainEntityOfPage":{"@id":"https:\/\/alamocostadelsol.com\/fr\/news\/exploration-des-villages-blancs-pueblos-blancos-de-la-costa-del-sol"},"wordCount":1066,"publisher":{"@id":"https:\/\/alamocostadelsol.com\/fr#organization"},"image":{"@id":"https:\/\/alamocostadelsol.com\/fr\/news\/exploration-des-villages-blancs-pueblos-blancos-de-la-costa-del-sol#primaryimage"},"thumbnailUrl":"https:\/\/alamocostadelsol.com\/wp-content\/uploads\/2025\/07\/christian-hergesell-Fn_WsWPmAMc-unsplash-scaled.jpg","articleSection":["Guides locaux et voyages"],"inLanguage":"fr-FR"},{"@type":"WebPage","@id":"https:\/\/alamocostadelsol.com\/fr\/news\/exploration-des-villages-blancs-pueblos-blancos-de-la-costa-del-sol","url":"https:\/\/alamocostadelsol.com\/fr\/news\/exploration-des-villages-blancs-pueblos-blancos-de-la-costa-del-sol","name":"Villages blancs de la Costa del Sol | Pueblos Blancos Guide","isPartOf":{"@id":"https:\/\/alamocostadelsol.com\/fr#website"},"primaryImageOfPage":{"@id":"https:\/\/alamocostadelsol.com\/fr\/news\/exploration-des-villages-blancs-pueblos-blancos-de-la-costa-del-sol#primaryimage"},"image":{"@id":"https:\/\/alamocostadelsol.com\/fr\/news\/exploration-des-villages-blancs-pueblos-blancos-de-la-costa-del-sol#primaryimage"},"thumbnailUrl":"https:\/\/alamocostadelsol.com\/wp-content\/uploads\/2025\/07\/christian-hergesell-Fn_WsWPmAMc-unsplash-scaled.jpg","datePublished":"2025-07-14T10:47:54+00:00","dateModified":"2026-01-29T14:38:00+00:00","description":"Explorez les villages blancs de la Costa del Sol, des villes andalouses traditionnelles aux villages pittoresques perch\u00e9s sur des collines. Des conseils sur la culture, l\u2019histoire et le voyage.","breadcrumb":{"@id":"https:\/\/alamocostadelsol.com\/fr\/news\/exploration-des-villages-blancs-pueblos-blancos-de-la-costa-del-sol#breadcrumb"},"inLanguage":"fr-FR","potentialAction":[{"@type":"ReadAction","target":["https:\/\/alamocostadelsol.com\/fr\/news\/exploration-des-villages-blancs-pueblos-blancos-de-la-costa-del-sol"]}]},{"@type":"ImageObject","inLanguage":"fr-FR","@id":"https:\/\/alamocostadelsol.com\/fr\/news\/exploration-des-villages-blancs-pueblos-blancos-de-la-costa-del-sol#primaryimage","url":"https:\/\/alamocostadelsol.com\/wp-content\/uploads\/2025\/07\/christian-hergesell-Fn_WsWPmAMc-unsplash-scaled.jpg","contentUrl":"https:\/\/alamocostadelsol.com\/wp-content\/uploads\/2025\/07\/christian-hergesell-Fn_WsWPmAMc-unsplash-scaled.jpg","width":2560,"height":1704,"caption":"Mijas Pueblo Architecture"},{"@type":"BreadcrumbList","@id":"https:\/\/alamocostadelsol.com\/fr\/news\/exploration-des-villages-blancs-pueblos-blancos-de-la-costa-del-sol#breadcrumb","itemListElement":[{"@type":"ListItem","position":1,"name":"Home","item":"https:\/\/alamocostadelsol.com\/fr"},{"@type":"ListItem","position":2,"name":"Exploration des villages blancs (Pueblos Blancos) de la Costa del Sol"}]},{"@type":"WebSite","@id":"https:\/\/alamocostadelsol.com\/fr#website","url":"https:\/\/alamocostadelsol.com\/fr","name":"Alamo - makes your dream come true at costa del sol","description":"","publisher":{"@id":"https:\/\/alamocostadelsol.com\/fr#organization"},"potentialAction":[{"@type":"SearchAction","target":{"@type":"EntryPoint","urlTemplate":"https:\/\/alamocostadelsol.com\/fr?s={search_term_string}"},"query-input":{"@type":"PropertyValueSpecification","valueRequired":true,"valueName":"search_term_string"}}],"inLanguage":"fr-FR"},{"@type":"Organization","@id":"https:\/\/alamocostadelsol.com\/fr#organization","name":"Alamo - makes your dream come true at costa del sol","url":"https:\/\/alamocostadelsol.com\/fr","logo":{"@type":"ImageObject","inLanguage":"fr-FR","@id":"https:\/\/alamocostadelsol.com\/fr#\/schema\/logo\/image\/","url":"https:\/\/alamocostadelsol.com\/wp-content\/uploads\/2024\/05\/alamo-costa-del-sol-logotype.png","contentUrl":"https:\/\/alamocostadelsol.com\/wp-content\/uploads\/2024\/05\/alamo-costa-del-sol-logotype.png","width":773,"height":170,"caption":"Alamo - makes your dream come true at costa del sol"},"image":{"@id":"https:\/\/alamocostadelsol.com\/fr#\/schema\/logo\/image\/"},"sameAs":["https:\/\/www.facebook.com\/alamocostadelsol","https:\/\/www.instagram.com\/alamocostadelsol\/"]},{"@type":"Person","@id":"https:\/\/alamocostadelsol.com\/fr#\/schema\/person\/514c5d82ea0741b520c03d28d1ff1a7a","name":"Per Lindqvist","image":{"@type":"ImageObject","inLanguage":"fr-FR","@id":"https:\/\/alamocostadelsol.com\/fr#\/schema\/person\/image\/","url":"https:\/\/secure.gravatar.com\/avatar\/7c3165414ae570a298d212f36baf0d9ab74e0d0fae19acbc9eed18656ed49770?s=96&d=mm&r=g","contentUrl":"https:\/\/secure.gravatar.com\/avatar\/7c3165414ae570a298d212f36baf0d9ab74e0d0fae19acbc9eed18656ed49770?s=96&d=mm&r=g","caption":"Per Lindqvist"},"url":"https:\/\/alamocostadelsol.com\/fr\/news\/author\/peli"}]}},"_links":{"self":[{"href":"https:\/\/alamocostadelsol.com\/fr\/wp-json\/wp\/v2\/posts\/18816525","targetHints":{"allow":["GET"]}}],"collection":[{"href":"https:\/\/alamocostadelsol.com\/fr\/wp-json\/wp\/v2\/posts"}],"about":[{"href":"https:\/\/alamocostadelsol.com\/fr\/wp-json\/wp\/v2\/types\/post"}],"author":[{"embeddable":true,"href":"https:\/\/alamocostadelsol.com\/fr\/wp-json\/wp\/v2\/users\/3"}],"replies":[{"embeddable":true,"href":"https:\/\/alamocostadelsol.com\/fr\/wp-json\/wp\/v2\/comments?post=18816525"}],"version-history":[{"count":1,"href":"https:\/\/alamocostadelsol.com\/fr\/wp-json\/wp\/v2\/posts\/18816525\/revisions"}],"predecessor-version":[{"id":18816533,"href":"https:\/\/alamocostadelsol.com\/fr\/wp-json\/wp\/v2\/posts\/18816525\/revisions\/18816533"}],"wp:featuredmedia":[{"embeddable":true,"href":"https:\/\/alamocostadelsol.com\/fr\/wp-json\/wp\/v2\/media\/18816532"}],"wp:attachment":[{"href":"https:\/\/alamocostadelsol.com\/fr\/wp-json\/wp\/v2\/media?parent=18816525"}],"wp:term":[{"taxonomy":"category","embeddable":true,"href":"https:\/\/alamocostadelsol.com\/fr\/wp-json\/wp\/v2\/categories?post=18816525"},{"taxonomy":"post_tag","embeddable":true,"href":"https:\/\/alamocostadelsol.com\/fr\/wp-json\/wp\/v2\/tags?post=18816525"},{"taxonomy":"dipi_cpt_category","embeddable":true,"href":"https:\/\/alamocostadelsol.com\/fr\/wp-json\/wp\/v2\/dipi_cpt_category?post=18816525"}],"curies":[{"name":"wp","href":"https:\/\/api.w.org\/{rel}","templated":true}]}}