{"id":2706,"date":"2024-12-19T12:20:50","date_gmt":"2024-12-19T11:20:50","guid":{"rendered":"https:\/\/alamocostadelsol.com\/news\/miten-espanjalaiset-juhlivat-joulua"},"modified":"2026-01-13T14:50:32","modified_gmt":"2026-01-13T13:50:32","slug":"miten-espanjalaiset-juhlivat-joulua","status":"publish","type":"post","link":"https:\/\/alamocostadelsol.com\/fi\/news\/miten-espanjalaiset-juhlivat-joulua","title":{"rendered":"Miten espanjalaiset juhlivat joulua?"},"content":{"rendered":"<p>[et_pb_section admin_label=&#8221;section&#8221;]<br \/>\n\t\t\t[et_pb_row admin_label=&#8221;Rivi&#8221;]<br \/>\n\t\t\t\t[et_pb_column type=&#8221;4_4&#8243;][et_pb_text admin_label=&#8221;Text&#8221;]<!-- divi:paragraph --><\/p>\n<p>Meill\u00e4 kaikilla on omat perinteemme siit\u00e4, miten <strong>joulua<\/strong> vietet\u00e4\u00e4n. Joissakin maissa lahjat avataan 24. p\u00e4iv\u00e4n iltana. <sup> <\/sup>Joulukuussa, kun taas toiset perheet kokoontuvat kuusen ymp\u00e4rille 25. p\u00e4iv\u00e4n aamuna<sup>. <\/sup>Joissakin maissa sy\u00f6d\u00e4\u00e4n silli\u00e4, kun taas toisissa valmistetaan kalkkunaa. Perinteen m\u00e4\u00e4ritelm\u00e4 on ihmisryhm\u00e4n tai yhteiskunnan sis\u00e4ll\u00e4 periytyv\u00e4 uskomusten tai k\u00e4ytt\u00e4ytymisen j\u00e4rjestelm\u00e4, jolla on symbolinen merkitys tai erityinen merkitys ja jonka juuret ovat menneisyydess\u00e4. N\u00e4in ollen ne voivat olla niin vanhoja kuin muistimme ulottuu sukupolvien p\u00e4\u00e4h\u00e4n. Jos olet utelias, miten perinteet ja juhlat toimivat Espanjassa, jatka lukemista.     <\/p>\n<p><!-- \/divi:paragraph --><\/p>\n<p><!-- divi:image {\"id\":2682,\"sizeSlug\":\"large\",\"linkDestination\":\"none\"} --><\/p>\n<figure class=\"wp-block-image size-large\"><img decoding=\"async\" width=\"1024\" height=\"683\" data-src=\"https:\/\/alamocostadelsol.com\/wp-content\/uploads\/2024\/12\/shutterstock_2089175341-1024x683.jpg\" alt=\"joulu Espanja talot markkinat\" class=\"wp-image-2682 lazyload\" data-srcset=\"https:\/\/alamocostadelsol.com\/wp-content\/uploads\/2024\/12\/shutterstock_2089175341-980x654.jpg 980w, https:\/\/alamocostadelsol.com\/wp-content\/uploads\/2024\/12\/shutterstock_2089175341-480x320.jpg 480w\" data-sizes=\"(min-width: 0px) and (max-width: 480px) 480px, (min-width: 481px) and (max-width: 980px) 980px, (min-width: 981px) 1024px, 100vw\" src=\"data:image\/svg+xml;base64,PHN2ZyB3aWR0aD0iMSIgaGVpZ2h0PSIxIiB4bWxucz0iaHR0cDovL3d3dy53My5vcmcvMjAwMC9zdmciPjwvc3ZnPg==\" style=\"--smush-placeholder-width: 1024px; --smush-placeholder-aspect-ratio: 1024\/683;\" \/><figcaption class=\"wp-element-caption\">Joulumarkkinat Espanjassa<\/figcaption><\/figure>\n<p><!-- \/divi:image --><\/p>\n<p><!-- divi:heading --><\/p>\n<h2 class=\"wp-block-heading\"><strong>Joulun valmistelu<\/strong>&nbsp;<\/h2>\n<p><!-- \/divi:heading --><\/p>\n<p><!-- divi:list --><\/p>\n<ul class=\"wp-block-list\"><!-- divi:list-item --><\/p>\n<li><strong>Kunniamerkit<\/strong>: <br \/>Kodit, kadut ja yritykset on koristeltu jouluvaloilla, seppeleill\u00e4, seppeleill\u00e4 ja joulukuuksilla. Perinteisesti kaikki valmistelut tehd\u00e4\u00e4n <strong>kansallisen juhlap\u00e4iv\u00e4n pitk\u00e4n viikonlopun aikana 6.\u2013<\/strong> 8. joulukuuta. Espanjalaiset kodit ovat aina korostaneet Jeesuksen syntym\u00e4n (Port\u00e1l de Bel\u00e9n Espanjassa) ja kolmen viisauden hahmojen esitt\u00e4mist\u00e4. Kuitenkin joulupukki on ollut hyvin asennettuna jokaiseen kotiin viime vuosikymmenin\u00e4.     <\/li>\n<p><!-- \/divi:list-item --><\/ul>\n<p><!-- \/divi:list --><\/p>\n<p><!-- divi:list --><\/p>\n<ul class=\"wp-block-list\"><!-- divi:list-item --><\/p>\n<li><strong>Ostokset ja lahjapaketointi<\/strong>:&nbsp;<br \/>Ihmiset ostavat lahjoja yst\u00e4ville ja perheelle, usein k\u00e4\u00e4rien ne juhlapaperiin. Vanhoina aikoina vaatimattomat ty\u00f6ntekij\u00e4t saivat yritykselt\u00e4\u00e4n korin, jossa oli herkkuja, viini\u00e4 ja ruokaa, joka nyky\u00e4\u00e4n on kehittynyt &#8221;<strong>Cesta de Navidadiksi&#8221;<\/strong>, laatikoksi, jossa on perinteisi\u00e4 juomia ja v\u00e4lipaloja. &nbsp;<\/li>\n<p><!-- \/divi:list-item --><\/ul>\n<p><!-- \/divi:list --><\/p>\n<p><!-- divi:list --><\/p>\n<ul class=\"wp-block-list\"><!-- divi:list-item --><\/p>\n<li><strong>Adventti ja kalenterit<\/strong>:&nbsp;<br \/>Monet perheet merkitsev\u00e4t joulua edelt\u00e4v\u00e4t p\u00e4iv\u00e4t adventtikalentereilla, kynttil\u00f6ill\u00e4 tai seppeleill\u00e4. Ja koko joulukuun aikana on paljon joululounaita tai illallisia yst\u00e4vien, ty\u00f6kavereiden jne. kanssa. &nbsp;<\/li>\n<p><!-- \/divi:list-item --><\/ul>\n<p><!-- \/divi:list --><\/p>\n<p><!-- divi:heading --><\/p>\n<h2 class=\"wp-block-heading\"><strong>Jouluaatto (24. joulukuuta)<\/strong>&nbsp;<\/h2>\n<p><!-- \/divi:heading --><\/p>\n<p><!-- divi:list --><\/p>\n<ul class=\"wp-block-list\"><!-- divi:list-item --><\/p>\n<li><strong>Perhejuhlat<\/strong>:&nbsp;<br \/>Perheet kokoontuvat usein illalla ison aterian \u00e4\u00e4relle.&nbsp;<br \/>Espanjassa ja muissa Euroopan maissa t\u00e4m\u00e4 on p\u00e4\u00e4asiallinen joulup\u00e4iv\u00e4, jossa on erityinen illallinen. On perinteist\u00e4, ett\u00e4 kaikki <strong>j\u00e4senet laulavat<\/strong> <strong>joululauluja (Villancicos) <\/strong>ja valvovat my\u00f6h\u00e4\u00e4n asti, joskus he vierailevat l\u00e4hell\u00e4 olevien perheenj\u00e4senten luona jatkamassa laulamista ja juhlimista. Ennen vanhaan, t\u00e4m\u00e4n suuren aterian j\u00e4lkeen, kaikki meniv\u00e4t kirkkoon keskiy\u00f6ll\u00e4 erityiseen messuun.  &nbsp;<\/li>\n<p><!-- \/divi:list-item --><\/ul>\n<p><!-- \/divi:list --><\/p>\n<p><!-- divi:list --><\/p>\n<ul class=\"wp-block-list\"><!-- divi:list-item --><\/p>\n<li><strong>Ruokalista<\/strong>: Espanjalaisille perheille perinteinen jouluaaton illallinen sis\u00e4lsi varmasti alkuruokia, kuten merenel\u00e4vi\u00e4, suolattua kinkkua, suolattuja juustoja ja kroketteja. P\u00e4\u00e4ruokina on <strong>tulinen kasviskeitto (Sopa de picadillo) <\/strong>sek\u00e4 joko lammas, paahdettu porsas tai muu raskas liha. Tyypillisi\u00e4 makeisia ovat nougat ja kinuski- tai suklaatabletit (Turr\u00f3n), <strong>viinifriteeratut renkaat (Rosquillos)<\/strong> ja kuivatut hedelm\u00e4t, kaikki yhdistettyn\u00e4 vahvaan lik\u00f6\u00f6riin nimelt\u00e4 An\u00eds, l\u00e4mmitt\u00e4m\u00e4\u00e4n pitk\u00e4\u00e4 kylm\u00e4\u00e4 y\u00f6t\u00e4!  &nbsp;<\/li>\n<p><!-- \/divi:list-item --><\/p>\n<p><!-- divi:list-item --><\/p>\n<li><strong>Kirkon jumalanpalvelukset<\/strong>: <br \/>Keskiy\u00f6n messu tai muut kirkolliset jumalanpalvelukset ovat yleisi\u00e4 uskonnollisille perheille.&nbsp;<\/li>\n<p><!-- \/divi:list-item --><\/ul>\n<p><!-- \/divi:list --><\/p>\n<p><!-- divi:list --><\/p>\n<ul class=\"wp-block-list\"><!-- divi:list-item --><\/p>\n<li><strong>Lahjat<\/strong>: <br \/>Tammikuun 6. p\u00e4iv\u00e4n\u00e4, Kolmen viisaan kuninkaan p\u00e4iv\u00e4n\u00e4, on Espanjassa aina vaihdettu lahjoja. Koska joulupukki on kuitenkin yleistynyt t\u00e4ll\u00e4 alueella, erityisesti lapset saavat lahjan my\u00f6s jouluaattona tai joulup\u00e4iv\u00e4n\u00e4.   <\/li>\n<p><!-- \/divi:list-item --><\/ul>\n<p><!-- \/divi:list --><\/p>\n<p><!-- divi:image {\"id\":2677,\"sizeSlug\":\"large\",\"linkDestination\":\"none\"} --><\/p>\n<figure class=\"wp-block-image size-large\"><img decoding=\"async\" width=\"1024\" height=\"683\" data-src=\"https:\/\/alamocostadelsol.com\/wp-content\/uploads\/2024\/12\/shutterstock_2235805585-1024x683.jpg\" alt=\"Rosca De Reyes\" class=\"wp-image-2677 lazyload\" data-srcset=\"https:\/\/alamocostadelsol.com\/wp-content\/uploads\/2024\/12\/shutterstock_2235805585-980x653.jpg 980w, https:\/\/alamocostadelsol.com\/wp-content\/uploads\/2024\/12\/shutterstock_2235805585-480x320.jpg 480w\" data-sizes=\"(min-width: 0px) and (max-width: 480px) 480px, (min-width: 481px) and (max-width: 980px) 980px, (min-width: 981px) 1024px, 100vw\" src=\"data:image\/svg+xml;base64,PHN2ZyB3aWR0aD0iMSIgaGVpZ2h0PSIxIiB4bWxucz0iaHR0cDovL3d3dy53My5vcmcvMjAwMC9zdmciPjwvc3ZnPg==\" style=\"--smush-placeholder-width: 1024px; --smush-placeholder-aspect-ratio: 1024\/683;\" \/><figcaption class=\"wp-element-caption\">Rosca De Reyes. Perinteinen leip\u00e4. <\/figcaption><\/figure>\n<p><!-- \/divi:image --><\/p>\n<p><!-- divi:heading --><\/p>\n<h2 class=\"wp-block-heading\"><strong>Joulup\u00e4iv\u00e4 (25. joulukuuta)<\/strong>&nbsp;<\/h2>\n<p><!-- \/divi:heading --><\/p>\n<p><!-- divi:list --><\/p>\n<ul class=\"wp-block-list\"><!-- divi:list-item --><\/p>\n<li><strong>Aamun perinteet<\/strong>: <br \/>Lapset her\u00e4\u00e4v\u00e4t aikaisin avaamaan joulupukin (tai Joulupukin) j\u00e4tt\u00e4mi\u00e4 lahjoja kuusen alle <br \/>Jotkut perheet pit\u00e4v\u00e4t suuren aamiaisen, jossa on usein leivonnaisia tai juhlaherkkuja.&nbsp;<\/li>\n<p><!-- \/divi:list-item --><\/ul>\n<p><!-- \/divi:list --><\/p>\n<p><!-- divi:list --><\/p>\n<ul class=\"wp-block-list\"><!-- divi:list-item --><\/p>\n<li><strong>Juhla<\/strong>:&nbsp;<br \/>Joulun my\u00f6h\u00e4inen lounas on p\u00e4iv\u00e4n keskipiste. Jotkut valmistavat p\u00f6yd\u00e4n t\u00e4hteist\u00e4 (espanjalaiset perheet valmistavat yleens\u00e4 paljon ruokaa), ja toiset viett\u00e4v\u00e4t p\u00e4iv\u00e4n vieraillen muiden perheenj\u00e4senten luona, jotta lapset voivat ker\u00e4t\u00e4 lahjansa tai kokoontua sy\u00f6m\u00e4\u00e4n ulkona ja jatkamaan juhlimista. &nbsp;&nbsp;<\/li>\n<p><!-- \/divi:list-item --><\/ul>\n<p><!-- \/divi:list --><\/p>\n<p><!-- divi:list --><\/p>\n<ul class=\"wp-block-list\"><!-- divi:list-item --><\/p>\n<li><strong>Rentoutuminen ja yhdess\u00e4olo<\/strong>: <br \/>Perheet pelaavat usein lautapelej\u00e4, katsovat jouluelokuvia tai yksinkertaisesti nauttivat yhteisest\u00e4 ajasta.&nbsp;<\/li>\n<p><!-- \/divi:list-item --><\/ul>\n<p><!-- \/divi:list --><\/p>\n<p><!-- divi:heading --><\/p>\n<h2 class=\"wp-block-heading\"><strong>Uudenvuodenaatto (31. joulukuuta)<\/strong>&nbsp;<\/h2>\n<p><!-- \/divi:heading --><\/p>\n<p><!-- divi:heading {\"level\":3} --><\/p>\n<h3 class=\"wp-block-heading\"><strong>Illallinen ja juhlat<\/strong><\/h3>\n<p><!-- \/divi:heading --><\/p>\n<p><!-- divi:paragraph --><\/p>\n<p>Perheet kokoontuvat j\u00e4lleen suurelle illalliselle, joka muistuttaa jouluaattoa. J\u00e4senet olivat heid\u00e4n tyylikk\u00e4imm\u00e4t vaatteet ja kimaltelevat hassut hatut ja kimallukset. Espanjassa uudenvuodenaatto on t\u00e4ynn\u00e4 ainutlaatuisia perinteit\u00e4, jotka ovat t\u00e4ynn\u00e4 symboliikkaa, jotka houkuttelevat onnea, rakkautta ja vaurautta tulevalle vuodelle. T\u00e4ss\u00e4 on joitakin suosituimpia:   &nbsp;<\/p>\n<p><!-- \/divi:paragraph --><\/p>\n<p><!-- divi:paragraph --><\/p>\n<p><strong>12 viiniryp\u00e4lett\u00e4&nbsp;<\/strong><\/p>\n<p><!-- \/divi:paragraph --><\/p>\n<p><!-- divi:paragraph --><\/p>\n<p>Luultavasti kuuluisin perinne. Kun keskiy\u00f6n 12 kelloa soi, espanjalaiset sy\u00f6v\u00e4t yhden ryp\u00e4leen jokaisen kellon yhteydess\u00e4. Perinteen mukaan, jos onnistut sy\u00f6m\u00e4\u00e4n kaikki ajoissa, sinulla on 12 kuukautta hyv\u00e4\u00e4 onnea. Se on hetki t\u00e4ynn\u00e4 naurua, kiihke\u00e4\u00e4 pureskelua ja vitsej\u00e4, koska joku j\u00e4\u00e4 aina j\u00e4lkeen, varsinkin kun sinun pit\u00e4isi seist\u00e4 vain vasemmalla jalalla, kirjaimellisesti astua uuteen vuoteen astuen oikealle jalalla.   &nbsp;<\/p>\n<p><!-- \/divi:paragraph --><\/p>\n<p><!-- divi:paragraph --><\/p>\n<p><strong>Maljan malja Cavan tai samppanjan kanssa&nbsp;<\/strong><\/p>\n<p><!-- \/divi:paragraph --><\/p>\n<p><!-- divi:paragraph --><\/p>\n<p>Ryp\u00e4leiden j\u00e4lkeen kohotetaan malja lasillisella cavaa (tai samppanjaa) toivottaakseen menestyksek\u00e4st\u00e4 uutta vuotta, unohtamatta laittaa kultasormusta lasiin houkutellakseen vaurautta ja onnea!&nbsp;<\/p>\n<p><!-- \/divi:paragraph --><\/p>\n<p><!-- divi:paragraph --><\/p>\n<p><strong>Punaiset alusvaatteet&nbsp;<\/strong><\/p>\n<p><!-- \/divi:paragraph --><\/p>\n<p><!-- divi:paragraph --><\/p>\n<p>On perinne k\u00e4ytt\u00e4\u00e4 punaisia alusvaatteita sin\u00e4 iltana, sill\u00e4 niiden uskotaan tuovan onnea ja rakkautta uuteen vuoteen. Yleens\u00e4 se on lahja l\u00e4heiselt\u00e4, mik\u00e4 tuo perinteeseen erityisen lis\u00e4n. &nbsp;<\/p>\n<p><!-- \/divi:paragraph --><\/p>\n<p><!-- divi:paragraph --><\/p>\n<p><strong>Ilotulitukset ja juhlat&nbsp;<\/strong><\/p>\n<p><!-- \/divi:paragraph --><\/p>\n<p><!-- divi:paragraph --><\/p>\n<p>Monissa kaupungeissa ja taajamissa keskiy\u00f6n j\u00e4lkeen j\u00e4rjestet\u00e4\u00e4n ilotulitusn\u00e4yt\u00f6ksi\u00e4, jotka toivottavat uuden vuoden ilolla tervetulleeksi. On my\u00f6s tavallista osallistua suuriin juhliin ja &#8221;cotillones&#8221;-tilaisuuksiin, joissa on musiikkia, pukuja ja hauskaa aamunkoittoon asti. &nbsp;<\/p>\n<p><!-- \/divi:paragraph --><\/p>\n<p><!-- divi:paragraph --><\/p>\n<p><strong>Linssien sy\u00f6minen 1. tammikuuta&nbsp;<\/strong><\/p>\n<p><!-- \/divi:paragraph --><\/p>\n<p><!-- divi:paragraph --><\/p>\n<p>Vaikka se ei ole varsinaisesti uudenvuodenaaton perinne, 1. tammikuuta on joillakin alueilla tavallista sy\u00f6d\u00e4 linssiannos. Niiden sanotaan tuovan vaurautta ja ylt\u00e4kyll\u00e4isyytt\u00e4 uudelle vuodelle, sill\u00e4 linssit symboloivat kolikoita. &nbsp;<\/p>\n<p><!-- \/divi:paragraph --><\/p>\n<p><!-- divi:paragraph --><\/p>\n<p>N\u00e4m\u00e4 perinteet yhdist\u00e4v\u00e4t taikauskon, huumorin ja hauskuuden, luoden taianomaisen ilmapiirin vuoden aloittamiseksi positiivisella energialla.&nbsp;<\/p>\n<p><!-- \/divi:paragraph --><\/p>\n<p><!-- divi:image {\"id\":2672,\"sizeSlug\":\"large\",\"linkDestination\":\"none\"} --><\/p>\n<figure class=\"wp-block-image size-large\"><img decoding=\"async\" width=\"1024\" height=\"683\" data-src=\"https:\/\/alamocostadelsol.com\/wp-content\/uploads\/2024\/12\/shutterstock_1867901623-1024x683.jpg\" alt=\"Onnekkaat viiniryp\u00e4leet\" class=\"wp-image-2672 lazyload\" data-srcset=\"https:\/\/alamocostadelsol.com\/wp-content\/uploads\/2024\/12\/shutterstock_1867901623-980x653.jpg 980w, https:\/\/alamocostadelsol.com\/wp-content\/uploads\/2024\/12\/shutterstock_1867901623-480x320.jpg 480w\" data-sizes=\"(min-width: 0px) and (max-width: 480px) 480px, (min-width: 481px) and (max-width: 980px) 980px, (min-width: 981px) 1024px, 100vw\" src=\"data:image\/svg+xml;base64,PHN2ZyB3aWR0aD0iMSIgaGVpZ2h0PSIxIiB4bWxucz0iaHR0cDovL3d3dy53My5vcmcvMjAwMC9zdmciPjwvc3ZnPg==\" style=\"--smush-placeholder-width: 1024px; --smush-placeholder-aspect-ratio: 1024\/683;\" \/><figcaption class=\"wp-element-caption\">Onnekkaat viiniryp\u00e4leet. Perinteinen tapa juhlistaa vuoden viimeist\u00e4 y\u00f6t\u00e4. <\/figcaption><\/figure>\n<p><!-- \/divi:image --><\/p>\n<p><!-- divi:heading --><\/p>\n<h2 class=\"wp-block-heading\"><strong>Kolme kuningasta&nbsp;<\/strong><\/h2>\n<p><!-- \/divi:heading --><\/p>\n<p><!-- divi:paragraph --><\/p>\n<p>Espanjassa<strong>Three Wise Kings Day (6. tammikuuta) on yksi rakastetuimmista perinteist\u00e4<\/strong>, erityisesti lasten keskuudessa. Se kunnioittaa p\u00e4iv\u00e4\u00e4, jolloin Kolme viisasta miest\u00e4 (Melchior, Gaspar ja Balthazar) saapuivat Betlehemiin tuomaan lahjoja vauva-Jeesukselle. Nyky\u00e4\u00e4n monet lapset saavat joululahjansa. N\u00e4in sit\u00e4 juhlitaan:   &nbsp;<\/p>\n<p><!-- \/divi:paragraph --><\/p>\n<p><!-- divi:paragraph --><\/p>\n<p><strong>Kirje kolmelle kuninkaalle&nbsp;<\/strong><\/p>\n<p><!-- \/divi:paragraph --><\/p>\n<p><!-- divi:paragraph --><\/p>\n<p>Viikkoja ennen 6. tammikuuta lapset kirjoittavat kirjeen Kolmelle Kuninkaalle, kertoen, ovatko he olleet hyvi\u00e4 vuoden aikana ja listaavat lahjat, joita haluaisivat saada. N\u00e4m\u00e4 kirjeet joko sijoitetaan erityisiin postilaatikoihin tai annetaan suoraan &#8221;kuninkaallisille sivumiehille&#8221;, kuninkaiden avustajille. &nbsp;<\/p>\n<p><!-- \/divi:paragraph --><\/p>\n<p><!-- divi:paragraph --><\/p>\n<p><strong>Kolmen kuninkaan paraati (5. tammikuuta)&nbsp;<\/strong><\/p>\n<p><!-- \/divi:paragraph --><\/p>\n<p><!-- divi:paragraph --><\/p>\n<p>5. tammikuuta illalla j\u00e4rjestet\u00e4\u00e4n kuuluisa Kolmen kuninkaan paraati. T\u00e4t\u00e4 taianomaista ja v\u00e4rik\u00e4st\u00e4 paraatia vietet\u00e4\u00e4n kaupungeissa ymp\u00e4ri Espanjaa, joissa Kolme Kuningasta kulkevat katuja pitkin kauniisti koristelluilla kulkueajoneuvoilla. &nbsp;<\/p>\n<p><!-- \/divi:paragraph --><\/p>\n<p><!-- divi:paragraph --><\/p>\n<p>The Kingsin seurana on sivuhahmoja, el\u00e4imi\u00e4 ja suosittuja sarjakuvahahmoja.&nbsp;<\/p>\n<p><!-- \/divi:paragraph --><\/p>\n<p><!-- divi:paragraph --><\/p>\n<p>Paraatin aikana he heitt\u00e4v\u00e4t karkkeja v\u00e4kijoukolle, ja lapset ker\u00e4\u00e4v\u00e4t ne innokkaasti.&nbsp;<\/p>\n<p><!-- \/divi:paragraph --><\/p>\n<p><!-- divi:paragraph --><\/p>\n<p>Se on h\u00e4ik\u00e4isev\u00e4 tapahtuma, t\u00e4ynn\u00e4 valoja, musiikkia ja iloa, merkiten vuoden taianomaisimman y\u00f6n alkua.&nbsp;<\/p>\n<p><!-- \/divi:paragraph --><\/p>\n<p><!-- divi:paragraph --><\/p>\n<p><strong>Valmistelut kotona (5. tammikuuta y\u00f6)&nbsp;<\/strong><\/p>\n<p><!-- \/divi:paragraph --><\/p>\n<p><!-- divi:paragraph --><\/p>\n<p>Sin\u00e4 y\u00f6n\u00e4 lapset j\u00e4tt\u00e4v\u00e4t kenk\u00e4ns\u00e4 n\u00e4kyv\u00e4\u00e4n paikkaan kotona, esimerkiksi takan alle, joulukuusen alle tai ikkunan viereen, jotta kuninkaat tiet\u00e4v\u00e4t, mihin j\u00e4tt\u00e4\u00e4 lahjansa.&nbsp;<\/p>\n<p><!-- \/divi:paragraph --><\/p>\n<p><!-- divi:paragraph --><\/p>\n<p>He valmistavat my\u00f6s v\u00e4lipaloja, maitoa ja keksej\u00e4 kuninkaille, vett\u00e4 ja ruokaa (kuten porkkanoita) kameleilleen.&nbsp;<\/p>\n<p><!-- \/divi:paragraph --><\/p>\n<p><!-- divi:paragraph --><\/p>\n<p><strong>Kolmen viisaan kuninkaan p\u00e4iv\u00e4 (6. tammikuuta)&nbsp;<\/strong><\/p>\n<p><!-- \/divi:paragraph --><\/p>\n<p><!-- divi:paragraph --><\/p>\n<p>Tammikuun 6. aamuna lapset her\u00e4\u00e4v\u00e4t innoissaan ja n\u00e4kev\u00e4t lahjat, jotka kuninkaat ovat j\u00e4tt\u00e4neet kenkiens\u00e4 vierest\u00e4. Jos he ovat olleet tuhmia, perinteen mukaan he saattavat saada hiilikarkkia (makea herkku, joka n\u00e4ytt\u00e4\u00e4 hiilelt\u00e4). &nbsp;<\/p>\n<p><!-- \/divi:paragraph --><\/p>\n<p><!-- divi:paragraph --><\/p>\n<p>P\u00e4iv\u00e4 on t\u00e4ynn\u00e4 perhejuhlia ja iloa, kun kaikki nauttivat lahjoista yhdess\u00e4. <strong>T\u00e4rkein ateria on &#8221;Rosc\u00f3n de Reyes&#8221; (Kuninkaan kakku),<\/strong> rengasmuotoinen kakku, joka on koristeltu sokeroiduilla hedelmill\u00e4 ja symboloivat kuninkaiden kruunujen jalokivi\u00e4. Kakun sis\u00e4ll\u00e4 on kaksi yll\u00e4tysasia: pieni kuninkaan figuuri ja kuivattu papu. Kuka tahansa l\u00f6yt\u00e4\u00e4 figuurin, kruunataan p\u00e4iv\u00e4n &#8221;kuninkaaksi&#8221; ja se, joka l\u00f6yt\u00e4\u00e4 pavun, joutuu maksamaan kakusta ensi vuonna.  &nbsp;<\/p>\n<p><!-- \/divi:paragraph --><\/p>\n<p><!-- divi:paragraph --><\/p>\n<p><strong>Perhe- ja kulttuuriperinne&nbsp;<\/strong><\/p>\n<p><!-- \/divi:paragraph --><\/p>\n<p><!-- divi:paragraph --><\/p>\n<p>Vaikka joulupukki on viime vuosikymmenin\u00e4 kasvattanut suosiotaan Espanjassa, Kolme viisasta kuningasta ovat monien perheiden joulun p\u00e4\u00e4henkil\u00f6it\u00e4. Lapsille se on p\u00e4iv\u00e4 t\u00e4ynn\u00e4 taikuutta, ja aikuisille se on hetki jakaa ja s\u00e4ilytt\u00e4\u00e4 arvokkaita perinteit\u00e4, mik\u00e4 merkitsee joulukauden p\u00e4\u00e4ttymist\u00e4. &nbsp;<\/p>\n<p><!-- \/divi:paragraph -->[\/et_pb_text][\/et_pb_column]<br \/>\n\t\t\t[\/et_pb_row]<br \/>\n\t\t[\/et_pb_section]<\/p>\n","protected":false},"excerpt":{"rendered":"<p>Meill\u00e4 kaikilla on omat perinteemme siit\u00e4, miten joulua vietet\u00e4\u00e4n. Joissakin maissa lahjat avataan 24. p\u00e4iv\u00e4n iltana. Joulukuussa, kun taas toiset perheet kokoontuvat kuusen ymp\u00e4rille 25. p\u00e4iv\u00e4n aamuna. Joissakin maissa sy\u00f6d\u00e4\u00e4n silli\u00e4, kun taas toisissa valmistetaan kalkkunaa. Perinteen m\u00e4\u00e4ritelm\u00e4 on ihmisryhm\u00e4n tai yhteiskunnan sis\u00e4ll\u00e4 periytyv\u00e4 uskomusten tai k\u00e4ytt\u00e4ytymisen j\u00e4rjestelm\u00e4, jolla on symbolinen merkitys tai erityinen merkitys [&hellip;]<\/p>\n","protected":false},"author":3,"featured_media":2688,"comment_status":"closed","ping_status":"open","sticky":false,"template":"","format":"standard","meta":{"_et_pb_use_builder":"on","_et_pb_old_content":"","_et_gb_content_width":"","footnotes":""},"categories":[213],"tags":[],"dipi_cpt_category":[],"class_list":["post-2706","post","type-post","status-publish","format-standard","has-post-thumbnail","hentry","category-elamantapa-ja-kulttuuri"],"yoast_head":"<!-- This site is optimized with the Yoast SEO plugin v25.8 - https:\/\/yoast.com\/wordpress\/plugins\/seo\/ -->\n<title>Espanjalaiset jouluperinteet | Kuinka joulua vietet\u00e4\u00e4n Espanjassa<\/title>\n<meta name=\"description\" content=\"Tutustu espanjalaisiin jouluperinteisiin, perheillallisista ja juhlaruokaan aina ainutlaatuisiin tapoihin kuten El Gordo ja Kolmen kuninkaan p\u00e4iv\u00e4.\" \/>\n<meta name=\"robots\" content=\"index, follow, max-snippet:-1, max-image-preview:large, max-video-preview:-1\" \/>\n<link rel=\"canonical\" href=\"https:\/\/alamocostadelsol.com\/fi\/news\/miten-espanjalaiset-juhlivat-joulua\" \/>\n<meta property=\"og:locale\" content=\"fi_FI\" \/>\n<meta property=\"og:type\" content=\"article\" \/>\n<meta property=\"og:title\" content=\"Espanjalaiset jouluperinteet | Kuinka joulua vietet\u00e4\u00e4n Espanjassa\" \/>\n<meta property=\"og:description\" content=\"Tutustu espanjalaisiin jouluperinteisiin, perheillallisista ja juhlaruokaan aina ainutlaatuisiin tapoihin kuten El Gordo ja Kolmen kuninkaan p\u00e4iv\u00e4.\" \/>\n<meta property=\"og:url\" content=\"https:\/\/alamocostadelsol.com\/fi\/news\/miten-espanjalaiset-juhlivat-joulua\" \/>\n<meta property=\"og:site_name\" content=\"Alamo - makes your dream come true at costa del sol\" \/>\n<meta property=\"article:publisher\" content=\"https:\/\/www.facebook.com\/alamocostadelsol\" \/>\n<meta property=\"article:published_time\" content=\"2024-12-19T11:20:50+00:00\" \/>\n<meta property=\"article:modified_time\" content=\"2026-01-13T13:50:32+00:00\" \/>\n<meta property=\"og:image\" content=\"https:\/\/alamocostadelsol.com\/wp-content\/uploads\/2024\/12\/shutterstock_1423966694-scaled.jpg\" \/>\n\t<meta property=\"og:image:width\" content=\"2560\" \/>\n\t<meta property=\"og:image:height\" content=\"1440\" \/>\n\t<meta property=\"og:image:type\" content=\"image\/jpeg\" \/>\n<meta name=\"author\" content=\"Per Lindqvist\" \/>\n<meta name=\"twitter:card\" content=\"summary_large_image\" \/>\n<meta name=\"twitter:label1\" content=\"Kirjoittanut\" \/>\n\t<meta name=\"twitter:data1\" content=\"Per Lindqvist\" \/>\n\t<meta name=\"twitter:label2\" content=\"Arvioitu lukuaika\" \/>\n\t<meta name=\"twitter:data2\" content=\"6 minuuttia\" \/>\n<script type=\"application\/ld+json\" class=\"yoast-schema-graph\">{\"@context\":\"https:\/\/schema.org\",\"@graph\":[{\"@type\":\"Article\",\"@id\":\"https:\/\/alamocostadelsol.com\/fi\/news\/miten-espanjalaiset-juhlivat-joulua#article\",\"isPartOf\":{\"@id\":\"https:\/\/alamocostadelsol.com\/fi\/news\/miten-espanjalaiset-juhlivat-joulua\"},\"author\":{\"name\":\"Per Lindqvist\",\"@id\":\"https:\/\/alamocostadelsol.com\/fi#\/schema\/person\/514c5d82ea0741b520c03d28d1ff1a7a\"},\"headline\":\"Miten espanjalaiset juhlivat joulua?\",\"datePublished\":\"2024-12-19T11:20:50+00:00\",\"dateModified\":\"2026-01-13T13:50:32+00:00\",\"mainEntityOfPage\":{\"@id\":\"https:\/\/alamocostadelsol.com\/fi\/news\/miten-espanjalaiset-juhlivat-joulua\"},\"wordCount\":1266,\"publisher\":{\"@id\":\"https:\/\/alamocostadelsol.com\/fi#organization\"},\"image\":{\"@id\":\"https:\/\/alamocostadelsol.com\/fi\/news\/miten-espanjalaiset-juhlivat-joulua#primaryimage\"},\"thumbnailUrl\":\"https:\/\/alamocostadelsol.com\/wp-content\/uploads\/2024\/12\/shutterstock_1423966694-scaled.jpg\",\"articleSection\":[\"El\u00e4m\u00e4ntapa ja kulttuuri\"],\"inLanguage\":\"fi\"},{\"@type\":\"WebPage\",\"@id\":\"https:\/\/alamocostadelsol.com\/fi\/news\/miten-espanjalaiset-juhlivat-joulua\",\"url\":\"https:\/\/alamocostadelsol.com\/fi\/news\/miten-espanjalaiset-juhlivat-joulua\",\"name\":\"Espanjalaiset jouluperinteet | Kuinka joulua vietet\u00e4\u00e4n Espanjassa\",\"isPartOf\":{\"@id\":\"https:\/\/alamocostadelsol.com\/fi#website\"},\"primaryImageOfPage\":{\"@id\":\"https:\/\/alamocostadelsol.com\/fi\/news\/miten-espanjalaiset-juhlivat-joulua#primaryimage\"},\"image\":{\"@id\":\"https:\/\/alamocostadelsol.com\/fi\/news\/miten-espanjalaiset-juhlivat-joulua#primaryimage\"},\"thumbnailUrl\":\"https:\/\/alamocostadelsol.com\/wp-content\/uploads\/2024\/12\/shutterstock_1423966694-scaled.jpg\",\"datePublished\":\"2024-12-19T11:20:50+00:00\",\"dateModified\":\"2026-01-13T13:50:32+00:00\",\"description\":\"Tutustu espanjalaisiin jouluperinteisiin, perheillallisista ja juhlaruokaan aina ainutlaatuisiin tapoihin kuten El Gordo ja Kolmen kuninkaan p\u00e4iv\u00e4.\",\"breadcrumb\":{\"@id\":\"https:\/\/alamocostadelsol.com\/fi\/news\/miten-espanjalaiset-juhlivat-joulua#breadcrumb\"},\"inLanguage\":\"fi\",\"potentialAction\":[{\"@type\":\"ReadAction\",\"target\":[\"https:\/\/alamocostadelsol.com\/fi\/news\/miten-espanjalaiset-juhlivat-joulua\"]}]},{\"@type\":\"ImageObject\",\"inLanguage\":\"fi\",\"@id\":\"https:\/\/alamocostadelsol.com\/fi\/news\/miten-espanjalaiset-juhlivat-joulua#primaryimage\",\"url\":\"https:\/\/alamocostadelsol.com\/wp-content\/uploads\/2024\/12\/shutterstock_1423966694-scaled.jpg\",\"contentUrl\":\"https:\/\/alamocostadelsol.com\/wp-content\/uploads\/2024\/12\/shutterstock_1423966694-scaled.jpg\",\"width\":2560,\"height\":1440,\"caption\":\"Hiihto Espanjassa\"},{\"@type\":\"BreadcrumbList\",\"@id\":\"https:\/\/alamocostadelsol.com\/fi\/news\/miten-espanjalaiset-juhlivat-joulua#breadcrumb\",\"itemListElement\":[{\"@type\":\"ListItem\",\"position\":1,\"name\":\"Home\",\"item\":\"https:\/\/alamocostadelsol.com\/fi\"},{\"@type\":\"ListItem\",\"position\":2,\"name\":\"Miten espanjalaiset juhlivat joulua?\"}]},{\"@type\":\"WebSite\",\"@id\":\"https:\/\/alamocostadelsol.com\/fi#website\",\"url\":\"https:\/\/alamocostadelsol.com\/fi\",\"name\":\"Alamo - makes your dream come true at costa del sol\",\"description\":\"\",\"publisher\":{\"@id\":\"https:\/\/alamocostadelsol.com\/fi#organization\"},\"potentialAction\":[{\"@type\":\"SearchAction\",\"target\":{\"@type\":\"EntryPoint\",\"urlTemplate\":\"https:\/\/alamocostadelsol.com\/fi?s={search_term_string}\"},\"query-input\":{\"@type\":\"PropertyValueSpecification\",\"valueRequired\":true,\"valueName\":\"search_term_string\"}}],\"inLanguage\":\"fi\"},{\"@type\":\"Organization\",\"@id\":\"https:\/\/alamocostadelsol.com\/fi#organization\",\"name\":\"Alamo - makes your dream come true at costa del sol\",\"url\":\"https:\/\/alamocostadelsol.com\/fi\",\"logo\":{\"@type\":\"ImageObject\",\"inLanguage\":\"fi\",\"@id\":\"https:\/\/alamocostadelsol.com\/fi#\/schema\/logo\/image\/\",\"url\":\"https:\/\/alamocostadelsol.com\/wp-content\/uploads\/2024\/05\/alamo-costa-del-sol-logotype.png\",\"contentUrl\":\"https:\/\/alamocostadelsol.com\/wp-content\/uploads\/2024\/05\/alamo-costa-del-sol-logotype.png\",\"width\":773,\"height\":170,\"caption\":\"Alamo - makes your dream come true at costa del sol\"},\"image\":{\"@id\":\"https:\/\/alamocostadelsol.com\/fi#\/schema\/logo\/image\/\"},\"sameAs\":[\"https:\/\/www.facebook.com\/alamocostadelsol\",\"https:\/\/www.instagram.com\/alamocostadelsol\/\"]},{\"@type\":\"Person\",\"@id\":\"https:\/\/alamocostadelsol.com\/fi#\/schema\/person\/514c5d82ea0741b520c03d28d1ff1a7a\",\"name\":\"Per Lindqvist\",\"image\":{\"@type\":\"ImageObject\",\"inLanguage\":\"fi\",\"@id\":\"https:\/\/alamocostadelsol.com\/fi#\/schema\/person\/image\/\",\"url\":\"https:\/\/secure.gravatar.com\/avatar\/7c3165414ae570a298d212f36baf0d9ab74e0d0fae19acbc9eed18656ed49770?s=96&d=mm&r=g\",\"contentUrl\":\"https:\/\/secure.gravatar.com\/avatar\/7c3165414ae570a298d212f36baf0d9ab74e0d0fae19acbc9eed18656ed49770?s=96&d=mm&r=g\",\"caption\":\"Per Lindqvist\"},\"url\":\"https:\/\/alamocostadelsol.com\/fi\/news\/author\/peli\"}]}<\/script>\n<!-- \/ Yoast SEO plugin. -->","yoast_head_json":{"title":"Espanjalaiset jouluperinteet | Kuinka joulua vietet\u00e4\u00e4n Espanjassa","description":"Tutustu espanjalaisiin jouluperinteisiin, perheillallisista ja juhlaruokaan aina ainutlaatuisiin tapoihin kuten El Gordo ja Kolmen kuninkaan p\u00e4iv\u00e4.","robots":{"index":"index","follow":"follow","max-snippet":"max-snippet:-1","max-image-preview":"max-image-preview:large","max-video-preview":"max-video-preview:-1"},"canonical":"https:\/\/alamocostadelsol.com\/fi\/news\/miten-espanjalaiset-juhlivat-joulua","og_locale":"fi_FI","og_type":"article","og_title":"Espanjalaiset jouluperinteet | Kuinka joulua vietet\u00e4\u00e4n Espanjassa","og_description":"Tutustu espanjalaisiin jouluperinteisiin, perheillallisista ja juhlaruokaan aina ainutlaatuisiin tapoihin kuten El Gordo ja Kolmen kuninkaan p\u00e4iv\u00e4.","og_url":"https:\/\/alamocostadelsol.com\/fi\/news\/miten-espanjalaiset-juhlivat-joulua","og_site_name":"Alamo - makes your dream come true at costa del sol","article_publisher":"https:\/\/www.facebook.com\/alamocostadelsol","article_published_time":"2024-12-19T11:20:50+00:00","article_modified_time":"2026-01-13T13:50:32+00:00","og_image":[{"width":2560,"height":1440,"url":"https:\/\/alamocostadelsol.com\/wp-content\/uploads\/2024\/12\/shutterstock_1423966694-scaled.jpg","type":"image\/jpeg"}],"author":"Per Lindqvist","twitter_card":"summary_large_image","twitter_misc":{"Kirjoittanut":"Per Lindqvist","Arvioitu lukuaika":"6 minuuttia"},"schema":{"@context":"https:\/\/schema.org","@graph":[{"@type":"Article","@id":"https:\/\/alamocostadelsol.com\/fi\/news\/miten-espanjalaiset-juhlivat-joulua#article","isPartOf":{"@id":"https:\/\/alamocostadelsol.com\/fi\/news\/miten-espanjalaiset-juhlivat-joulua"},"author":{"name":"Per Lindqvist","@id":"https:\/\/alamocostadelsol.com\/fi#\/schema\/person\/514c5d82ea0741b520c03d28d1ff1a7a"},"headline":"Miten espanjalaiset juhlivat joulua?","datePublished":"2024-12-19T11:20:50+00:00","dateModified":"2026-01-13T13:50:32+00:00","mainEntityOfPage":{"@id":"https:\/\/alamocostadelsol.com\/fi\/news\/miten-espanjalaiset-juhlivat-joulua"},"wordCount":1266,"publisher":{"@id":"https:\/\/alamocostadelsol.com\/fi#organization"},"image":{"@id":"https:\/\/alamocostadelsol.com\/fi\/news\/miten-espanjalaiset-juhlivat-joulua#primaryimage"},"thumbnailUrl":"https:\/\/alamocostadelsol.com\/wp-content\/uploads\/2024\/12\/shutterstock_1423966694-scaled.jpg","articleSection":["El\u00e4m\u00e4ntapa ja kulttuuri"],"inLanguage":"fi"},{"@type":"WebPage","@id":"https:\/\/alamocostadelsol.com\/fi\/news\/miten-espanjalaiset-juhlivat-joulua","url":"https:\/\/alamocostadelsol.com\/fi\/news\/miten-espanjalaiset-juhlivat-joulua","name":"Espanjalaiset jouluperinteet | Kuinka joulua vietet\u00e4\u00e4n Espanjassa","isPartOf":{"@id":"https:\/\/alamocostadelsol.com\/fi#website"},"primaryImageOfPage":{"@id":"https:\/\/alamocostadelsol.com\/fi\/news\/miten-espanjalaiset-juhlivat-joulua#primaryimage"},"image":{"@id":"https:\/\/alamocostadelsol.com\/fi\/news\/miten-espanjalaiset-juhlivat-joulua#primaryimage"},"thumbnailUrl":"https:\/\/alamocostadelsol.com\/wp-content\/uploads\/2024\/12\/shutterstock_1423966694-scaled.jpg","datePublished":"2024-12-19T11:20:50+00:00","dateModified":"2026-01-13T13:50:32+00:00","description":"Tutustu espanjalaisiin jouluperinteisiin, perheillallisista ja juhlaruokaan aina ainutlaatuisiin tapoihin kuten El Gordo ja Kolmen kuninkaan p\u00e4iv\u00e4.","breadcrumb":{"@id":"https:\/\/alamocostadelsol.com\/fi\/news\/miten-espanjalaiset-juhlivat-joulua#breadcrumb"},"inLanguage":"fi","potentialAction":[{"@type":"ReadAction","target":["https:\/\/alamocostadelsol.com\/fi\/news\/miten-espanjalaiset-juhlivat-joulua"]}]},{"@type":"ImageObject","inLanguage":"fi","@id":"https:\/\/alamocostadelsol.com\/fi\/news\/miten-espanjalaiset-juhlivat-joulua#primaryimage","url":"https:\/\/alamocostadelsol.com\/wp-content\/uploads\/2024\/12\/shutterstock_1423966694-scaled.jpg","contentUrl":"https:\/\/alamocostadelsol.com\/wp-content\/uploads\/2024\/12\/shutterstock_1423966694-scaled.jpg","width":2560,"height":1440,"caption":"Hiihto Espanjassa"},{"@type":"BreadcrumbList","@id":"https:\/\/alamocostadelsol.com\/fi\/news\/miten-espanjalaiset-juhlivat-joulua#breadcrumb","itemListElement":[{"@type":"ListItem","position":1,"name":"Home","item":"https:\/\/alamocostadelsol.com\/fi"},{"@type":"ListItem","position":2,"name":"Miten espanjalaiset juhlivat joulua?"}]},{"@type":"WebSite","@id":"https:\/\/alamocostadelsol.com\/fi#website","url":"https:\/\/alamocostadelsol.com\/fi","name":"Alamo - makes your dream come true at costa del sol","description":"","publisher":{"@id":"https:\/\/alamocostadelsol.com\/fi#organization"},"potentialAction":[{"@type":"SearchAction","target":{"@type":"EntryPoint","urlTemplate":"https:\/\/alamocostadelsol.com\/fi?s={search_term_string}"},"query-input":{"@type":"PropertyValueSpecification","valueRequired":true,"valueName":"search_term_string"}}],"inLanguage":"fi"},{"@type":"Organization","@id":"https:\/\/alamocostadelsol.com\/fi#organization","name":"Alamo - makes your dream come true at costa del sol","url":"https:\/\/alamocostadelsol.com\/fi","logo":{"@type":"ImageObject","inLanguage":"fi","@id":"https:\/\/alamocostadelsol.com\/fi#\/schema\/logo\/image\/","url":"https:\/\/alamocostadelsol.com\/wp-content\/uploads\/2024\/05\/alamo-costa-del-sol-logotype.png","contentUrl":"https:\/\/alamocostadelsol.com\/wp-content\/uploads\/2024\/05\/alamo-costa-del-sol-logotype.png","width":773,"height":170,"caption":"Alamo - makes your dream come true at costa del sol"},"image":{"@id":"https:\/\/alamocostadelsol.com\/fi#\/schema\/logo\/image\/"},"sameAs":["https:\/\/www.facebook.com\/alamocostadelsol","https:\/\/www.instagram.com\/alamocostadelsol\/"]},{"@type":"Person","@id":"https:\/\/alamocostadelsol.com\/fi#\/schema\/person\/514c5d82ea0741b520c03d28d1ff1a7a","name":"Per Lindqvist","image":{"@type":"ImageObject","inLanguage":"fi","@id":"https:\/\/alamocostadelsol.com\/fi#\/schema\/person\/image\/","url":"https:\/\/secure.gravatar.com\/avatar\/7c3165414ae570a298d212f36baf0d9ab74e0d0fae19acbc9eed18656ed49770?s=96&d=mm&r=g","contentUrl":"https:\/\/secure.gravatar.com\/avatar\/7c3165414ae570a298d212f36baf0d9ab74e0d0fae19acbc9eed18656ed49770?s=96&d=mm&r=g","caption":"Per Lindqvist"},"url":"https:\/\/alamocostadelsol.com\/fi\/news\/author\/peli"}]}},"_links":{"self":[{"href":"https:\/\/alamocostadelsol.com\/fi\/wp-json\/wp\/v2\/posts\/2706","targetHints":{"allow":["GET"]}}],"collection":[{"href":"https:\/\/alamocostadelsol.com\/fi\/wp-json\/wp\/v2\/posts"}],"about":[{"href":"https:\/\/alamocostadelsol.com\/fi\/wp-json\/wp\/v2\/types\/post"}],"author":[{"embeddable":true,"href":"https:\/\/alamocostadelsol.com\/fi\/wp-json\/wp\/v2\/users\/3"}],"replies":[{"embeddable":true,"href":"https:\/\/alamocostadelsol.com\/fi\/wp-json\/wp\/v2\/comments?post=2706"}],"version-history":[{"count":11,"href":"https:\/\/alamocostadelsol.com\/fi\/wp-json\/wp\/v2\/posts\/2706\/revisions"}],"predecessor-version":[{"id":18815080,"href":"https:\/\/alamocostadelsol.com\/fi\/wp-json\/wp\/v2\/posts\/2706\/revisions\/18815080"}],"wp:featuredmedia":[{"embeddable":true,"href":"https:\/\/alamocostadelsol.com\/fi\/wp-json\/wp\/v2\/media\/2688"}],"wp:attachment":[{"href":"https:\/\/alamocostadelsol.com\/fi\/wp-json\/wp\/v2\/media?parent=2706"}],"wp:term":[{"taxonomy":"category","embeddable":true,"href":"https:\/\/alamocostadelsol.com\/fi\/wp-json\/wp\/v2\/categories?post=2706"},{"taxonomy":"post_tag","embeddable":true,"href":"https:\/\/alamocostadelsol.com\/fi\/wp-json\/wp\/v2\/tags?post=2706"},{"taxonomy":"dipi_cpt_category","embeddable":true,"href":"https:\/\/alamocostadelsol.com\/fi\/wp-json\/wp\/v2\/dipi_cpt_category?post=2706"}],"curies":[{"name":"wp","href":"https:\/\/api.w.org\/{rel}","templated":true}]}}