{"id":2400,"date":"2024-09-09T09:22:56","date_gmt":"2024-09-09T07:22:56","guid":{"rendered":"https:\/\/alamocostadelsol.com\/?p=2400"},"modified":"2026-01-13T14:50:10","modified_gmt":"2026-01-13T13:50:10","slug":"vaaralliset-ja-myrkylliset-elaimet-espanjassa","status":"publish","type":"post","link":"https:\/\/alamocostadelsol.com\/fi\/news\/vaaralliset-ja-myrkylliset-elaimet-espanjassa","title":{"rendered":"Vaaralliset ja vihamieliset el\u00e4imet Espanjassa"},"content":{"rendered":"\n<p>Espanja on tunnettu monipuolisista ekosysteemeist\u00e4\u00e4n, jotka vaihtelevat karuista vuorista ja metsist\u00e4 rannikkoalueisiin ja kuiviin tasankoihin. T\u00e4m\u00e4n rikkaan biodiversiteetin my\u00f6t\u00e4 maassa esiintyy monenlaista el\u00e4imist\u00f6\u00e4, joista osa voi olla uhka ihmisille. Vaikka Espanjassa ei el\u00e4 maailman vaarallisimpia lajeja, siell\u00e4 on joitakin myrkyllisi\u00e4 ja vaarallisia el\u00e4imi\u00e4, jotka kannattaa huomioida, erityisesti retkeilij\u00f6iden, seikkailijoiden ja ulkoilusta nauttivien keskuudessa. T\u00e4ss\u00e4 on katsaus Espanjan vaarallisimpiin ja myrkyllisimpiin el\u00e4imiin:<\/p>\n\n\n\n<ol class=\"wp-block-list\">\n<li><strong>Aspikyy (Vipera aspis)<\/strong><\/li>\n<\/ol>\n\n\n\n<p>Elinymp\u00e4rist\u00f6: Pohjois- ja It\u00e4-Espanja, usein kuivilla ja kivikkoisilla alueilla, metsiss\u00e4 ja pensaikoissa.<\/p>\n\n\n\n<p>Aspikyy on yksi Euroopan myrkyllisimmist\u00e4 k\u00e4\u00e4rmeist\u00e4, ja sit\u00e4 l\u00f6ytyy osista Espanjaa. Sill\u00e4 on tunnusomainen kolmiomainen p\u00e4\u00e4 ja tukeva vartalo. Vaikka ne ovat yleens\u00e4 arkoja ja v\u00e4ltt\u00e4v\u00e4t ihmiskontakteja, ne voivat purra, jos tuntevat olonsa uhatuksi. Niiden myrkky sis\u00e4lt\u00e4\u00e4 hemotoksiineja, jotka voivat aiheuttaa kipua, turvotusta, pahoinvointia ja vakavissa tapauksissa jopa kuoleman. Kuolemantapaukset ovat kuitenkin harvinaisia l\u00e4\u00e4ketieteellisten edistysaskeleiden ansiosta.<\/p>\n\n\n\n<p>Ehk\u00e4isy: Jos patikoit alueilla, joissa k\u00e4\u00e4rmeet ovat yleisi\u00e4, k\u00e4yt\u00e4 tukevia kenki\u00e4 ja pysy merkityill\u00e4 poluilla. Ole varovainen siirt\u00e4ess\u00e4si kivi\u00e4 tai tukkeja, sill\u00e4 n\u00e4m\u00e4 k\u00e4\u00e4rmeet piiloutuvat mielell\u00e4\u00e4n t\u00e4llaisiin paikkoihin.<\/p>\n\n\n\n<hr class=\"wp-block-separator has-alpha-channel-opacity\"\/>\n\n\n\n<ol start=\"2\" class=\"wp-block-list\">\n<li><strong>V\u00e4limeren mustaleski (Latrodectus tredecimguttatus)<\/strong><\/li>\n<\/ol>\n\n\n\n<p>Elinymp\u00e4rist\u00f6: Koko Espanjassa, erityisesti V\u00e4limeren alueella, kuivilla ja l\u00e4mpimill\u00e4 alueilla, kuten puutarhoissa, pelloilla ja matalissa pensaikoissa.<\/p>\n\n\n\n<p>V\u00e4limeren mustaleski on yksi Euroopan myrkyllisimmist\u00e4 h\u00e4m\u00e4h\u00e4keist\u00e4. Sen purema voi aiheuttaa voimakasta kipua, lihaskramppeja, hikoilua ja hengitysvaikeuksia. Vaikka sen myrkky on voimakas, puremat ovat harvoin hengenvaarallisia, erityisesti jos ne hoidetaan nopeasti. Naaraat ovat paljon vaarallisempia kuin koiraat, ja ne voidaan tunnistaa niiden mustasta, py\u00f6re\u00e4st\u00e4 ruumiista ja punaisista merkeist\u00e4.<\/p>\n\n\n\n<p>Ehk\u00e4isy: V\u00e4lt\u00e4 puremia olemalla varovainen puutarhat\u00f6iss\u00e4 tai alueilla, joissa h\u00e4m\u00e4h\u00e4kkej\u00e4 voi esiinty\u00e4. Tarkista aina ulos j\u00e4tetyt vaatteet, keng\u00e4t tai hanskat ennen kuin k\u00e4yt\u00e4t niit\u00e4.<\/p>\n\n\n\n<hr class=\"wp-block-separator has-alpha-channel-opacity\"\/>\n\n\n\n<ol start=\"3\" class=\"wp-block-list\">\n<li><strong>Iberianilves (Lynx pardinus)<\/strong><\/li>\n<\/ol>\n\n\n\n<p>Elinymp\u00e4rist\u00f6: P\u00e4\u00e4asiassa Etel\u00e4-Espanjassa, erityisesti Sierra Morenassa ja Do\u00f1anan kansallispuistossa.<\/p>\n\n\n\n<p>Iberianilves on yksi maailman harvinaisimmista ja uhanalaisimmista villikissoista. Vaikka se ei ole luonnostaan aggressiivinen ihmisi\u00e4 kohtaan, se on suuri petoel\u00e4in, ja sen ter\u00e4v\u00e4t kynnet ja hampaat voivat aiheuttaa vahinkoa, jos se tuntee olonsa uhatuksi tai ahtaalle ajetuksi. Kohtaamiset ihmisten kanssa ovat \u00e4\u00e4rimm\u00e4isen harvinaisia, koska ilvekset ovat yksin\u00e4isi\u00e4 ja v\u00e4lttelevi\u00e4. Suojelutoimet ovat olleet keskeisi\u00e4 t\u00e4m\u00e4n lajin s\u00e4ilytt\u00e4misess\u00e4.<\/p>\n\n\n\n<p>Ehk\u00e4isy: Anna villiel\u00e4imille riitt\u00e4v\u00e4sti tilaa ja v\u00e4lt\u00e4 niiden l\u00e4hestymist\u00e4, erityisesti jos ne vaikuttavat loukkaantuneilta tai loukkuun j\u00e4\u00e4neilt\u00e4.<\/p>\n\n\n\n<hr class=\"wp-block-separator has-alpha-channel-opacity\"\/>\n\n\n\n<ol start=\"4\" class=\"wp-block-list\">\n<li><strong>Portugaliensotalaiva (Physalia physalis)<\/strong><\/li>\n<\/ol>\n\n\n\n<p>Elinymp\u00e4rist\u00f6: Atlantin valtamerell\u00e4 Espanjan rannikolla, erityisesti Kanariansaarten ja V\u00e4limeren rannikon l\u00e4mpimiss\u00e4 vesiss\u00e4.<\/p>\n\n\n\n<p>Portugaliensotalaiva sekoitetaan usein meduusaan, mutta se on todellisuudessa siilonifoori \u2013 organismien yhdyskunta. Sen lonkeroissa on myrkky\u00e4, joka voi aiheuttaa voimakasta kipua, rakkoja ja harvinaisissa tapauksissa vakavia allergisia reaktioita, jotka voivat johtaa sokkiin. Kosketus sen lonkeroihin, vaikka ne olisivat huuhtoutuneet rannalle, voi aiheuttaa kivuliaita pistoja.<\/p>\n\n\n\n<p>Ehk\u00e4isy: Tarkista aina varoitukset meriel\u00e4imist\u00e4 ennen uintia, erityisesti alueilla, joissa n\u00e4it\u00e4 olentoja esiintyy. Jos kohtaat sellaisen, v\u00e4lt\u00e4 sit\u00e4 hinnalla mill\u00e4 hyv\u00e4ns\u00e4.<\/p>\n\n\n\n<hr class=\"wp-block-separator has-alpha-channel-opacity\"\/>\n\n\n\n<ol start=\"5\" class=\"wp-block-list\">\n<li><strong>Ruskea erakko (Loxosceles rufescens)<\/strong><\/li>\n<\/ol>\n\n\n\n<p>Elinymp\u00e4rist\u00f6: Koko Espanjassa, erityisesti kaupunki- ja esikaupunkialueilla, usein pimeiss\u00e4 ja h\u00e4iriintym\u00e4tt\u00f6miss\u00e4 paikoissa, kuten kellareissa, autotalleissa ja varastoissa.<\/p>\n\n\n\n<p>Ruskea erakko ei ole alkuper\u00e4islaji Espanjassa, mutta se on vakiinnuttanut asemansa tietyill\u00e4 alueilla. Sen purema voi aiheuttaa nekroosia, jolloin purema-alueen ymp\u00e4rill\u00e4 oleva kudos kuolee, mik\u00e4 johtaa hitaasti paraneviin haavoihin. Vaikka n\u00e4m\u00e4 h\u00e4m\u00e4h\u00e4kit v\u00e4lttelev\u00e4t ihmisi\u00e4, vahingollisia puremia voi tapahtua, erityisesti kodeissa.<\/p>\n\n\n\n<p>Ehk\u00e4isy: Siivoa s\u00e4\u00e4nn\u00f6llisesti ja j\u00e4rjestele paikkoja, joissa h\u00e4m\u00e4h\u00e4kit voivat piiloutua, ja ravista pitk\u00e4\u00e4n k\u00e4ytt\u00e4m\u00e4tt\u00e4 olleita vaatteita tai kenki\u00e4 ennen kuin k\u00e4yt\u00e4t niit\u00e4.<\/p>\n\n\n\n<hr class=\"wp-block-separator has-alpha-channel-opacity\"\/>\n\n\n\n<ol start=\"6\" class=\"wp-block-list\">\n<li><strong>Eurooppalainen skorpioni (Buthus occitanus)<\/strong><\/li>\n<\/ol>\n\n\n\n<p>Elinymp\u00e4rist\u00f6: Yleinen Etel\u00e4- ja It\u00e4-Espanjassa, erityisesti kuivilla, kivisill\u00e4 alueilla.<\/p>\n\n\n\n<p>Eurooppalainen skorpioni on suhteellisen pieni, mutta sen pistos on kivulias. Sen myrkky voi aiheuttaa voimakasta kipua, turvotusta ja harvinaisissa tapauksissa vakavampia oireita, kuten hengitysvaikeuksia. Vaikka skorpionin pistoksista johtuvat kuolemat ovat Espanjassa eritt\u00e4in harvinaisia, allergiset reaktiot tai pistokset haavoittuvaisille yksil\u00f6ille (kuten lapsille tai vanhuksille) voivat olla vakavia.<\/p>\n\n\n\n<p>Ehk\u00e4isy: Tarkista aina keng\u00e4t, laukut ja vaatteet ennen niiden pukemista, erityisesti jos olet j\u00e4tt\u00e4nyt ne ulos tai maahan. Ole varovainen k\u00e4sitelless\u00e4si kivi\u00e4, puuta tai muita materiaaleja, joissa skorpionit voivat piiloutua.<\/p>\n\n\n\n<hr class=\"wp-block-separator has-alpha-channel-opacity\"\/>\n\n\n\n<ol start=\"7\" class=\"wp-block-list\">\n<li><strong>Villisik (Sus scrofa)<\/strong><\/li>\n<\/ol>\n\n\n\n<p>Elinymp\u00e4rist\u00f6: Laajalle levinnyt ymp\u00e4ri Espanjaa, mukaan lukien mets\u00e4t, viljelymaat ja jopa esikaupunkialueet.<\/p>\n\n\n\n<p>Villisiat ovat yleisi\u00e4 Espanjassa ja niit\u00e4 tavataan yh\u00e4 useammin l\u00e4hell\u00e4 kaupunkialueita. Vaikka ne eiv\u00e4t yleens\u00e4 ole aggressiivisia ihmisi\u00e4 kohtaan, ne voivat muuttua vaarallisiksi, jos ne tuntevat olonsa uhatuksi tai ahtaalle ajetuksi, erityisesti lis\u00e4\u00e4ntymiskauden aikana tai suojellessaan poikasiaan. Niiden ter\u00e4v\u00e4t torahampaat voivat aiheuttaa vakavia vammoja, ja sek\u00e4 maaseudulla ett\u00e4 kaupunkiymp\u00e4rist\u00f6ss\u00e4 on raportoitu villisika-iskuja.<\/p>\n\n\n\n<p>Ehk\u00e4isy: Jos kohtaat villisian, pysy rauhallisena ja per\u00e4\u00e4nny hitaasti. V\u00e4lt\u00e4 niiden ruokkimista tai liian l\u00e4helle menemist\u00e4, erityisesti alueilla, joilla ne ovat tottuneet ihmisiin.<\/p>\n\n\n\n<p>Vaikka Espanja tarjoaa monia luonnonkauniita maisemia ja upeita luontokohteita, on t\u00e4rke\u00e4\u00e4 olla tietoinen sen villiel\u00e4imist\u00f6n mahdollisista vaaroista. Myrkylliset k\u00e4\u00e4rmeet, h\u00e4m\u00e4h\u00e4kit ja vaaralliset el\u00e4imet, kuten villisiat, eiv\u00e4t ole tavallisia kohtaamisia, mutta ne ovat l\u00e4sn\u00e4. Olemalla tietoinen ja ryhtym\u00e4ll\u00e4 ennaltaehk\u00e4iseviin toimenpiteisiin voit v\u00e4hent\u00e4\u00e4 riskej\u00e4 ja nauttia Espanjan monimuotoisesta villiel\u00e4imist\u00f6st\u00e4 turvallisesti. Jos sinua puree tai vahingoittaa jokin n\u00e4ist\u00e4 el\u00e4imist\u00e4, hakeudu v\u00e4litt\u00f6m\u00e4sti l\u00e4\u00e4k\u00e4rin hoitoon, sill\u00e4 oikea-aikainen hoito voi olla ratkaisevaa vakavien komplikaatioiden v\u00e4ltt\u00e4miseksi.<\/p>\n","protected":false},"excerpt":{"rendered":"<p>Espanja on tunnettu monipuolisista ekosysteemeist\u00e4\u00e4n, jotka vaihtelevat karuista vuorista ja metsist\u00e4 rannikkoalueisiin ja kuiviin tasankoihin. T\u00e4m\u00e4n rikkaan biodiversiteetin my\u00f6t\u00e4 maassa esiintyy monenlaista el\u00e4imist\u00f6\u00e4, joista osa voi olla uhka ihmisille. Vaikka Espanjassa ei el\u00e4 maailman vaarallisimpia lajeja, siell\u00e4 on joitakin myrkyllisi\u00e4 ja vaarallisia el\u00e4imi\u00e4, jotka kannattaa huomioida, erityisesti retkeilij\u00f6iden, seikkailijoiden ja ulkoilusta nauttivien keskuudessa. T\u00e4ss\u00e4 on [&hellip;]<\/p>\n","protected":false},"author":3,"featured_media":18813188,"comment_status":"closed","ping_status":"open","sticky":false,"template":"","format":"standard","meta":{"_et_pb_use_builder":"on","_et_pb_old_content":"","_et_gb_content_width":"","footnotes":""},"categories":[146],"tags":[205,209,207,210,208,206,211,204],"dipi_cpt_category":[],"class_list":["post-2400","post","type-post","status-publish","format-standard","has-post-thumbnail","hentry","category-luonto-ja-ulkoilu","tag-alamo-costa-del-sol","tag-alamo-fuengirola","tag-espanja-vaaralliset-elaimet","tag-espanjan-vaaralliset-elaimet","tag-espanjan-vaarallisimmat-elaimet","tag-farlige-dyr-i-spania","tag-ormar-i-spanien","tag-vaaralliset-elaimet-espanjassa"],"yoast_head":"<!-- This site is optimized with the Yoast SEO plugin v25.8 - https:\/\/yoast.com\/wordpress\/plugins\/seo\/ -->\n<title>Vaaralliset el\u00e4imet Espanjassa: Mit\u00e4 sinun todella tarvitsee tiet\u00e4\u00e4<\/title>\n<meta name=\"description\" content=\"Opi, mitk\u00e4 vaaralliset ja myrkylliset el\u00e4imet asuvat Espanjassa, miss\u00e4 niit\u00e4 esiintyy ja miten pysy\u00e4 turvassa asukkaana tai vierailijana.\" \/>\n<meta name=\"robots\" content=\"index, follow, max-snippet:-1, max-image-preview:large, max-video-preview:-1\" \/>\n<link rel=\"canonical\" href=\"https:\/\/alamocostadelsol.com\/fi\/news\/vaaralliset-ja-myrkylliset-elaimet-espanjassa\" \/>\n<meta property=\"og:locale\" content=\"fi_FI\" \/>\n<meta property=\"og:type\" content=\"article\" \/>\n<meta property=\"og:title\" content=\"Vaaralliset el\u00e4imet Espanjassa: Mit\u00e4 sinun todella tarvitsee tiet\u00e4\u00e4\" \/>\n<meta property=\"og:description\" content=\"Opi, mitk\u00e4 vaaralliset ja myrkylliset el\u00e4imet asuvat Espanjassa, miss\u00e4 niit\u00e4 esiintyy ja miten pysy\u00e4 turvassa asukkaana tai vierailijana.\" \/>\n<meta property=\"og:url\" content=\"https:\/\/alamocostadelsol.com\/fi\/news\/vaaralliset-ja-myrkylliset-elaimet-espanjassa\" \/>\n<meta property=\"og:site_name\" content=\"Alamo - makes your dream come true at costa del sol\" \/>\n<meta property=\"article:publisher\" content=\"https:\/\/www.facebook.com\/alamocostadelsol\" \/>\n<meta property=\"article:published_time\" content=\"2024-09-09T07:22:56+00:00\" \/>\n<meta property=\"article:modified_time\" content=\"2026-01-13T13:50:10+00:00\" \/>\n<meta property=\"og:image\" content=\"https:\/\/alamocostadelsol.com\/wp-content\/uploads\/2024\/09\/Dangerous-animals-in-spain-Vipera-aspis.jpg\" \/>\n\t<meta property=\"og:image:width\" content=\"1152\" \/>\n\t<meta property=\"og:image:height\" content=\"768\" \/>\n\t<meta property=\"og:image:type\" content=\"image\/jpeg\" \/>\n<meta name=\"author\" content=\"Per Lindqvist\" \/>\n<meta name=\"twitter:card\" content=\"summary_large_image\" \/>\n<meta name=\"twitter:label1\" content=\"Kirjoittanut\" \/>\n\t<meta name=\"twitter:data1\" content=\"Per Lindqvist\" \/>\n\t<meta name=\"twitter:label2\" content=\"Arvioitu lukuaika\" \/>\n\t<meta name=\"twitter:data2\" content=\"4 minuuttia\" \/>\n<script type=\"application\/ld+json\" class=\"yoast-schema-graph\">{\"@context\":\"https:\/\/schema.org\",\"@graph\":[{\"@type\":\"Article\",\"@id\":\"https:\/\/alamocostadelsol.com\/fi\/news\/vaaralliset-ja-myrkylliset-elaimet-espanjassa#article\",\"isPartOf\":{\"@id\":\"https:\/\/alamocostadelsol.com\/fi\/news\/vaaralliset-ja-myrkylliset-elaimet-espanjassa\"},\"author\":{\"name\":\"Per Lindqvist\",\"@id\":\"https:\/\/alamocostadelsol.com\/fi#\/schema\/person\/514c5d82ea0741b520c03d28d1ff1a7a\"},\"headline\":\"Vaaralliset ja vihamieliset el\u00e4imet Espanjassa\",\"datePublished\":\"2024-09-09T07:22:56+00:00\",\"dateModified\":\"2026-01-13T13:50:10+00:00\",\"mainEntityOfPage\":{\"@id\":\"https:\/\/alamocostadelsol.com\/fi\/news\/vaaralliset-ja-myrkylliset-elaimet-espanjassa\"},\"wordCount\":903,\"publisher\":{\"@id\":\"https:\/\/alamocostadelsol.com\/fi#organization\"},\"image\":{\"@id\":\"https:\/\/alamocostadelsol.com\/fi\/news\/vaaralliset-ja-myrkylliset-elaimet-espanjassa#primaryimage\"},\"thumbnailUrl\":\"https:\/\/alamocostadelsol.com\/wp-content\/uploads\/2024\/09\/Dangerous-animals-in-spain-Vipera-aspis.jpg\",\"keywords\":[\"Alamo Costa del Sol\",\"Alamo Fuengirola\",\"Espanja Vaaralliset el\u00e4imet\",\"espanjan vaaralliset el\u00e4imet\",\"Espanjan vaarallisimmat el\u00e4imet\",\"Farlige dyr i Spania\",\"Ormar I Spanien\",\"Vaaralliset el\u00e4imet Espanjassa\"],\"articleSection\":[\"Luonto ja ulkoilu\"],\"inLanguage\":\"fi\"},{\"@type\":\"WebPage\",\"@id\":\"https:\/\/alamocostadelsol.com\/fi\/news\/vaaralliset-ja-myrkylliset-elaimet-espanjassa\",\"url\":\"https:\/\/alamocostadelsol.com\/fi\/news\/vaaralliset-ja-myrkylliset-elaimet-espanjassa\",\"name\":\"Vaaralliset el\u00e4imet Espanjassa: Mit\u00e4 sinun todella tarvitsee tiet\u00e4\u00e4\",\"isPartOf\":{\"@id\":\"https:\/\/alamocostadelsol.com\/fi#website\"},\"primaryImageOfPage\":{\"@id\":\"https:\/\/alamocostadelsol.com\/fi\/news\/vaaralliset-ja-myrkylliset-elaimet-espanjassa#primaryimage\"},\"image\":{\"@id\":\"https:\/\/alamocostadelsol.com\/fi\/news\/vaaralliset-ja-myrkylliset-elaimet-espanjassa#primaryimage\"},\"thumbnailUrl\":\"https:\/\/alamocostadelsol.com\/wp-content\/uploads\/2024\/09\/Dangerous-animals-in-spain-Vipera-aspis.jpg\",\"datePublished\":\"2024-09-09T07:22:56+00:00\",\"dateModified\":\"2026-01-13T13:50:10+00:00\",\"description\":\"Opi, mitk\u00e4 vaaralliset ja myrkylliset el\u00e4imet asuvat Espanjassa, miss\u00e4 niit\u00e4 esiintyy ja miten pysy\u00e4 turvassa asukkaana tai vierailijana.\",\"breadcrumb\":{\"@id\":\"https:\/\/alamocostadelsol.com\/fi\/news\/vaaralliset-ja-myrkylliset-elaimet-espanjassa#breadcrumb\"},\"inLanguage\":\"fi\",\"potentialAction\":[{\"@type\":\"ReadAction\",\"target\":[\"https:\/\/alamocostadelsol.com\/fi\/news\/vaaralliset-ja-myrkylliset-elaimet-espanjassa\"]}]},{\"@type\":\"ImageObject\",\"inLanguage\":\"fi\",\"@id\":\"https:\/\/alamocostadelsol.com\/fi\/news\/vaaralliset-ja-myrkylliset-elaimet-espanjassa#primaryimage\",\"url\":\"https:\/\/alamocostadelsol.com\/wp-content\/uploads\/2024\/09\/Dangerous-animals-in-spain-Vipera-aspis.jpg\",\"contentUrl\":\"https:\/\/alamocostadelsol.com\/wp-content\/uploads\/2024\/09\/Dangerous-animals-in-spain-Vipera-aspis.jpg\",\"width\":1152,\"height\":768,\"caption\":\"Vaaralliset el\u00e4imet Espanjassa\"},{\"@type\":\"BreadcrumbList\",\"@id\":\"https:\/\/alamocostadelsol.com\/fi\/news\/vaaralliset-ja-myrkylliset-elaimet-espanjassa#breadcrumb\",\"itemListElement\":[{\"@type\":\"ListItem\",\"position\":1,\"name\":\"Home\",\"item\":\"https:\/\/alamocostadelsol.com\/fi\"},{\"@type\":\"ListItem\",\"position\":2,\"name\":\"Vaaralliset ja vihamieliset el\u00e4imet Espanjassa\"}]},{\"@type\":\"WebSite\",\"@id\":\"https:\/\/alamocostadelsol.com\/fi#website\",\"url\":\"https:\/\/alamocostadelsol.com\/fi\",\"name\":\"Alamo - makes your dream come true at costa del sol\",\"description\":\"\",\"publisher\":{\"@id\":\"https:\/\/alamocostadelsol.com\/fi#organization\"},\"potentialAction\":[{\"@type\":\"SearchAction\",\"target\":{\"@type\":\"EntryPoint\",\"urlTemplate\":\"https:\/\/alamocostadelsol.com\/fi?s={search_term_string}\"},\"query-input\":{\"@type\":\"PropertyValueSpecification\",\"valueRequired\":true,\"valueName\":\"search_term_string\"}}],\"inLanguage\":\"fi\"},{\"@type\":\"Organization\",\"@id\":\"https:\/\/alamocostadelsol.com\/fi#organization\",\"name\":\"Alamo - makes your dream come true at costa del sol\",\"url\":\"https:\/\/alamocostadelsol.com\/fi\",\"logo\":{\"@type\":\"ImageObject\",\"inLanguage\":\"fi\",\"@id\":\"https:\/\/alamocostadelsol.com\/fi#\/schema\/logo\/image\/\",\"url\":\"https:\/\/alamocostadelsol.com\/wp-content\/uploads\/2024\/05\/alamo-costa-del-sol-logotype.png\",\"contentUrl\":\"https:\/\/alamocostadelsol.com\/wp-content\/uploads\/2024\/05\/alamo-costa-del-sol-logotype.png\",\"width\":773,\"height\":170,\"caption\":\"Alamo - makes your dream come true at costa del sol\"},\"image\":{\"@id\":\"https:\/\/alamocostadelsol.com\/fi#\/schema\/logo\/image\/\"},\"sameAs\":[\"https:\/\/www.facebook.com\/alamocostadelsol\",\"https:\/\/www.instagram.com\/alamocostadelsol\/\"]},{\"@type\":\"Person\",\"@id\":\"https:\/\/alamocostadelsol.com\/fi#\/schema\/person\/514c5d82ea0741b520c03d28d1ff1a7a\",\"name\":\"Per Lindqvist\",\"image\":{\"@type\":\"ImageObject\",\"inLanguage\":\"fi\",\"@id\":\"https:\/\/alamocostadelsol.com\/fi#\/schema\/person\/image\/\",\"url\":\"https:\/\/secure.gravatar.com\/avatar\/7c3165414ae570a298d212f36baf0d9ab74e0d0fae19acbc9eed18656ed49770?s=96&d=mm&r=g\",\"contentUrl\":\"https:\/\/secure.gravatar.com\/avatar\/7c3165414ae570a298d212f36baf0d9ab74e0d0fae19acbc9eed18656ed49770?s=96&d=mm&r=g\",\"caption\":\"Per Lindqvist\"},\"url\":\"https:\/\/alamocostadelsol.com\/fi\/news\/author\/peli\"}]}<\/script>\n<!-- \/ Yoast SEO plugin. -->","yoast_head_json":{"title":"Vaaralliset el\u00e4imet Espanjassa: Mit\u00e4 sinun todella tarvitsee tiet\u00e4\u00e4","description":"Opi, mitk\u00e4 vaaralliset ja myrkylliset el\u00e4imet asuvat Espanjassa, miss\u00e4 niit\u00e4 esiintyy ja miten pysy\u00e4 turvassa asukkaana tai vierailijana.","robots":{"index":"index","follow":"follow","max-snippet":"max-snippet:-1","max-image-preview":"max-image-preview:large","max-video-preview":"max-video-preview:-1"},"canonical":"https:\/\/alamocostadelsol.com\/fi\/news\/vaaralliset-ja-myrkylliset-elaimet-espanjassa","og_locale":"fi_FI","og_type":"article","og_title":"Vaaralliset el\u00e4imet Espanjassa: Mit\u00e4 sinun todella tarvitsee tiet\u00e4\u00e4","og_description":"Opi, mitk\u00e4 vaaralliset ja myrkylliset el\u00e4imet asuvat Espanjassa, miss\u00e4 niit\u00e4 esiintyy ja miten pysy\u00e4 turvassa asukkaana tai vierailijana.","og_url":"https:\/\/alamocostadelsol.com\/fi\/news\/vaaralliset-ja-myrkylliset-elaimet-espanjassa","og_site_name":"Alamo - makes your dream come true at costa del sol","article_publisher":"https:\/\/www.facebook.com\/alamocostadelsol","article_published_time":"2024-09-09T07:22:56+00:00","article_modified_time":"2026-01-13T13:50:10+00:00","og_image":[{"width":1152,"height":768,"url":"https:\/\/alamocostadelsol.com\/wp-content\/uploads\/2024\/09\/Dangerous-animals-in-spain-Vipera-aspis.jpg","type":"image\/jpeg"}],"author":"Per Lindqvist","twitter_card":"summary_large_image","twitter_misc":{"Kirjoittanut":"Per Lindqvist","Arvioitu lukuaika":"4 minuuttia"},"schema":{"@context":"https:\/\/schema.org","@graph":[{"@type":"Article","@id":"https:\/\/alamocostadelsol.com\/fi\/news\/vaaralliset-ja-myrkylliset-elaimet-espanjassa#article","isPartOf":{"@id":"https:\/\/alamocostadelsol.com\/fi\/news\/vaaralliset-ja-myrkylliset-elaimet-espanjassa"},"author":{"name":"Per Lindqvist","@id":"https:\/\/alamocostadelsol.com\/fi#\/schema\/person\/514c5d82ea0741b520c03d28d1ff1a7a"},"headline":"Vaaralliset ja vihamieliset el\u00e4imet Espanjassa","datePublished":"2024-09-09T07:22:56+00:00","dateModified":"2026-01-13T13:50:10+00:00","mainEntityOfPage":{"@id":"https:\/\/alamocostadelsol.com\/fi\/news\/vaaralliset-ja-myrkylliset-elaimet-espanjassa"},"wordCount":903,"publisher":{"@id":"https:\/\/alamocostadelsol.com\/fi#organization"},"image":{"@id":"https:\/\/alamocostadelsol.com\/fi\/news\/vaaralliset-ja-myrkylliset-elaimet-espanjassa#primaryimage"},"thumbnailUrl":"https:\/\/alamocostadelsol.com\/wp-content\/uploads\/2024\/09\/Dangerous-animals-in-spain-Vipera-aspis.jpg","keywords":["Alamo Costa del Sol","Alamo Fuengirola","Espanja Vaaralliset el\u00e4imet","espanjan vaaralliset el\u00e4imet","Espanjan vaarallisimmat el\u00e4imet","Farlige dyr i Spania","Ormar I Spanien","Vaaralliset el\u00e4imet Espanjassa"],"articleSection":["Luonto ja ulkoilu"],"inLanguage":"fi"},{"@type":"WebPage","@id":"https:\/\/alamocostadelsol.com\/fi\/news\/vaaralliset-ja-myrkylliset-elaimet-espanjassa","url":"https:\/\/alamocostadelsol.com\/fi\/news\/vaaralliset-ja-myrkylliset-elaimet-espanjassa","name":"Vaaralliset el\u00e4imet Espanjassa: Mit\u00e4 sinun todella tarvitsee tiet\u00e4\u00e4","isPartOf":{"@id":"https:\/\/alamocostadelsol.com\/fi#website"},"primaryImageOfPage":{"@id":"https:\/\/alamocostadelsol.com\/fi\/news\/vaaralliset-ja-myrkylliset-elaimet-espanjassa#primaryimage"},"image":{"@id":"https:\/\/alamocostadelsol.com\/fi\/news\/vaaralliset-ja-myrkylliset-elaimet-espanjassa#primaryimage"},"thumbnailUrl":"https:\/\/alamocostadelsol.com\/wp-content\/uploads\/2024\/09\/Dangerous-animals-in-spain-Vipera-aspis.jpg","datePublished":"2024-09-09T07:22:56+00:00","dateModified":"2026-01-13T13:50:10+00:00","description":"Opi, mitk\u00e4 vaaralliset ja myrkylliset el\u00e4imet asuvat Espanjassa, miss\u00e4 niit\u00e4 esiintyy ja miten pysy\u00e4 turvassa asukkaana tai vierailijana.","breadcrumb":{"@id":"https:\/\/alamocostadelsol.com\/fi\/news\/vaaralliset-ja-myrkylliset-elaimet-espanjassa#breadcrumb"},"inLanguage":"fi","potentialAction":[{"@type":"ReadAction","target":["https:\/\/alamocostadelsol.com\/fi\/news\/vaaralliset-ja-myrkylliset-elaimet-espanjassa"]}]},{"@type":"ImageObject","inLanguage":"fi","@id":"https:\/\/alamocostadelsol.com\/fi\/news\/vaaralliset-ja-myrkylliset-elaimet-espanjassa#primaryimage","url":"https:\/\/alamocostadelsol.com\/wp-content\/uploads\/2024\/09\/Dangerous-animals-in-spain-Vipera-aspis.jpg","contentUrl":"https:\/\/alamocostadelsol.com\/wp-content\/uploads\/2024\/09\/Dangerous-animals-in-spain-Vipera-aspis.jpg","width":1152,"height":768,"caption":"Vaaralliset el\u00e4imet Espanjassa"},{"@type":"BreadcrumbList","@id":"https:\/\/alamocostadelsol.com\/fi\/news\/vaaralliset-ja-myrkylliset-elaimet-espanjassa#breadcrumb","itemListElement":[{"@type":"ListItem","position":1,"name":"Home","item":"https:\/\/alamocostadelsol.com\/fi"},{"@type":"ListItem","position":2,"name":"Vaaralliset ja vihamieliset el\u00e4imet Espanjassa"}]},{"@type":"WebSite","@id":"https:\/\/alamocostadelsol.com\/fi#website","url":"https:\/\/alamocostadelsol.com\/fi","name":"Alamo - makes your dream come true at costa del sol","description":"","publisher":{"@id":"https:\/\/alamocostadelsol.com\/fi#organization"},"potentialAction":[{"@type":"SearchAction","target":{"@type":"EntryPoint","urlTemplate":"https:\/\/alamocostadelsol.com\/fi?s={search_term_string}"},"query-input":{"@type":"PropertyValueSpecification","valueRequired":true,"valueName":"search_term_string"}}],"inLanguage":"fi"},{"@type":"Organization","@id":"https:\/\/alamocostadelsol.com\/fi#organization","name":"Alamo - makes your dream come true at costa del sol","url":"https:\/\/alamocostadelsol.com\/fi","logo":{"@type":"ImageObject","inLanguage":"fi","@id":"https:\/\/alamocostadelsol.com\/fi#\/schema\/logo\/image\/","url":"https:\/\/alamocostadelsol.com\/wp-content\/uploads\/2024\/05\/alamo-costa-del-sol-logotype.png","contentUrl":"https:\/\/alamocostadelsol.com\/wp-content\/uploads\/2024\/05\/alamo-costa-del-sol-logotype.png","width":773,"height":170,"caption":"Alamo - makes your dream come true at costa del sol"},"image":{"@id":"https:\/\/alamocostadelsol.com\/fi#\/schema\/logo\/image\/"},"sameAs":["https:\/\/www.facebook.com\/alamocostadelsol","https:\/\/www.instagram.com\/alamocostadelsol\/"]},{"@type":"Person","@id":"https:\/\/alamocostadelsol.com\/fi#\/schema\/person\/514c5d82ea0741b520c03d28d1ff1a7a","name":"Per Lindqvist","image":{"@type":"ImageObject","inLanguage":"fi","@id":"https:\/\/alamocostadelsol.com\/fi#\/schema\/person\/image\/","url":"https:\/\/secure.gravatar.com\/avatar\/7c3165414ae570a298d212f36baf0d9ab74e0d0fae19acbc9eed18656ed49770?s=96&d=mm&r=g","contentUrl":"https:\/\/secure.gravatar.com\/avatar\/7c3165414ae570a298d212f36baf0d9ab74e0d0fae19acbc9eed18656ed49770?s=96&d=mm&r=g","caption":"Per Lindqvist"},"url":"https:\/\/alamocostadelsol.com\/fi\/news\/author\/peli"}]}},"_links":{"self":[{"href":"https:\/\/alamocostadelsol.com\/fi\/wp-json\/wp\/v2\/posts\/2400","targetHints":{"allow":["GET"]}}],"collection":[{"href":"https:\/\/alamocostadelsol.com\/fi\/wp-json\/wp\/v2\/posts"}],"about":[{"href":"https:\/\/alamocostadelsol.com\/fi\/wp-json\/wp\/v2\/types\/post"}],"author":[{"embeddable":true,"href":"https:\/\/alamocostadelsol.com\/fi\/wp-json\/wp\/v2\/users\/3"}],"replies":[{"embeddable":true,"href":"https:\/\/alamocostadelsol.com\/fi\/wp-json\/wp\/v2\/comments?post=2400"}],"version-history":[{"count":2,"href":"https:\/\/alamocostadelsol.com\/fi\/wp-json\/wp\/v2\/posts\/2400\/revisions"}],"predecessor-version":[{"id":18815041,"href":"https:\/\/alamocostadelsol.com\/fi\/wp-json\/wp\/v2\/posts\/2400\/revisions\/18815041"}],"wp:featuredmedia":[{"embeddable":true,"href":"https:\/\/alamocostadelsol.com\/fi\/wp-json\/wp\/v2\/media\/18813188"}],"wp:attachment":[{"href":"https:\/\/alamocostadelsol.com\/fi\/wp-json\/wp\/v2\/media?parent=2400"}],"wp:term":[{"taxonomy":"category","embeddable":true,"href":"https:\/\/alamocostadelsol.com\/fi\/wp-json\/wp\/v2\/categories?post=2400"},{"taxonomy":"post_tag","embeddable":true,"href":"https:\/\/alamocostadelsol.com\/fi\/wp-json\/wp\/v2\/tags?post=2400"},{"taxonomy":"dipi_cpt_category","embeddable":true,"href":"https:\/\/alamocostadelsol.com\/fi\/wp-json\/wp\/v2\/dipi_cpt_category?post=2400"}],"curies":[{"name":"wp","href":"https:\/\/api.w.org\/{rel}","templated":true}]}}