{"id":18811936,"date":"2025-05-28T15:41:33","date_gmt":"2025-05-28T13:41:33","guid":{"rendered":"https:\/\/alamocostadelsol.com\/news\/parhaat-rannat-nerjan-ja-marbellan-valilla-piilotetut-helmet-ja-rannikon-hotspotit-costa-del-solilla"},"modified":"2026-01-13T14:50:54","modified_gmt":"2026-01-13T13:50:54","slug":"parhaat-rannat-nerjan-ja-marbellan-valilla-piilotetut-helmet-ja-rannikon-hotspotit-costa-del-solilla","status":"publish","type":"post","link":"https:\/\/alamocostadelsol.com\/fi\/news\/parhaat-rannat-nerjan-ja-marbellan-valilla-piilotetut-helmet-ja-rannikon-hotspotit-costa-del-solilla","title":{"rendered":"Parhaat rannat Nerjan ja Marbellan v\u00e4lill\u00e4: Piilotettuja helmi\u00e4 ja rannikon kuumia paikkoja Costa del Solilla"},"content":{"rendered":"<p>[et_pb_section fb_built=&#8221;1&#8243; admin_label=&#8221;section&#8221; _builder_version=&#8221;4.16&#8243; global_colors_info=&#8221;{}&#8221; theme_builder_area=&#8221;post_content&#8221;][et_pb_row admin_label=&#8221;Rivi&#8221; _builder_version=&#8221;4.16&#8243; background_size=&#8221;initial&#8221; background_position=&#8221;top_left&#8221; background_repeat=&#8221;repeat&#8221; hover_enabled=&#8221;0&#8243; global_colors_info=&#8221;{}&#8221; theme_builder_area=&#8221;post_content&#8221; sticky_enabled=&#8221;0&#8243;][et_pb_column type=&#8221;4_4&#8243; _builder_version=&#8221;4.16&#8243; custom_padding=&#8221;|||&#8221; global_colors_info=&#8221;{}&#8221; custom_padding__hover=&#8221;|||&#8221; theme_builder_area=&#8221;post_content&#8221;][et_pb_text admin_label=&#8221;Text&#8221; _builder_version=&#8221;4.27.4&#8243; background_size=&#8221;initial&#8221; background_position=&#8221;top_left&#8221; background_repeat=&#8221;repeat&#8221; hover_enabled=&#8221;0&#8243; global_colors_info=&#8221;{}&#8221; theme_builder_area=&#8221;post_content&#8221; sticky_enabled=&#8221;0&#8243;]<\/p>\n<p style=\"text-align: center;\">Kalliosein\u00e4m\u00e4isist\u00e4 lahdelmista pitkiin hiekkakaistaleisiin, rannikko Nerjan ja Marbellan v\u00e4lill\u00e4 tarjoaa joitakin Etel\u00e4-Espanjan kauneimmista ja monimuotoisimmista radaista. T\u00e4ss\u00e4 artikkelissa opastamme sinua huolellisesti valitun valikoiman pakollisia vierailurantoja t\u00e4m\u00e4n maisemareitin varrella. Etsitp\u00e4 sitten perheyst\u00e4v\u00e4llisi\u00e4 rantoja, piilotettuja snorklauspaikkoja tai vilkkaita rantakerhoja, l\u00f6yd\u00e4t ihanteellisen pakopaikkasi Costa del Solilta.  <\/p>\n<p style=\"text-align: center;\">\n<p style=\"text-align: center;\">\n<h3 class=\"wp-block-heading\" style=\"text-align: center;\">Rannikkoalueen yleiskatsaus: Nerjasta Marbellaan<\/h3>\n<p style=\"text-align: center;\">\n<p style=\"text-align: center;\"><span style=\"font-size: 16px; font-weight: bold;\">Kokonaismatka: noin 100 km <\/span><\/p>\n<p style=\"text-align: center;\">\n<p style=\"text-align: center;\"><span style=\"font-size: 16px; font-weight: bold;\">Ajoaika: 1,5\u20132,5 tuntia riippuen pys\u00e4hdyksist\u00e4<\/span><\/p>\n<p style=\"text-align: center;\">\n<p style=\"text-align: center;\"><span style=\"font-size: 16px; font-weight: bold;\">Reitin t\u00e4rkeimm\u00e4t kaupungit: Torrox, Algarrobo, Torre del Mar, Rinc\u00f3n de la Victoria, M\u00e1laga, Torremolinos, Benalm\u00e1dena, Fuengirola, Mijas Costa<\/span><\/p>\n<p style=\"text-align: center;\">\n<p style=\"text-align: center;\">\n<p style=\"text-align: center;\">T\u00e4m\u00e4 alue on t\u00e4ynn\u00e4 vaihtelua \u2014 pienist\u00e4 kalastajakyl\u00e4ist\u00e4 kosmopoliittisiin rantakaupunkeihin.<\/p>\n<p style=\"text-align: center;\">\n<p style=\"text-align: center;\">\n<h3 class=\"wp-block-heading\" style=\"text-align: center;\">Parhaat rannat l\u00e4hell\u00e4 Nerjaa<\/h3>\n<p style=\"text-align: center;\"><img decoding=\"async\" data-src=\"https:\/\/alamocostadelsol.com\/wp-content\/uploads\/2025\/05\/fernando-tavora-f8ht8PXo6tA-unsplash-300x200.jpg\" width=\"300\" height=\"200\" alt=\"Leve\u00e4 hiekkainen Playa Burriana -ranta Nerjassa, Costa del Solissa, taustalla aurinkotuoleja, palmupuita ja vuoriston\u00e4kymi\u00e4. Leve\u00e4 hiekkainen Playa Burriana -ranta Nerjassa, Costa del Solissa, taustalla aurinkotuoleja, palmupuita ja vuoriston\u00e4kymi\u00e4.\" class=\"wp-image-18811908 aligncenter size-medium lazyload\" src=\"data:image\/svg+xml;base64,PHN2ZyB3aWR0aD0iMSIgaGVpZ2h0PSIxIiB4bWxucz0iaHR0cDovL3d3dy53My5vcmcvMjAwMC9zdmciPjwvc3ZnPg==\" style=\"--smush-placeholder-width: 300px; --smush-placeholder-aspect-ratio: 300\/200;\"><\/p>\n<p style=\"text-align: center;\">\n<p style=\"text-align: center;\"><strong>Playa Burriana<\/strong><br \/>Nerjan p\u00e4\u00e4ranta. Tilava, el\u00e4v\u00e4inen, loistava perheille. Ravintoloita ja vesilajeja on saatavilla.  <\/p>\n<p style=\"text-align: center;\">\n<p style=\"text-align: center;\"><strong>Playa de Maro<\/strong><br \/>Maisemallinen, luonnonranta kallioiden l\u00e4hell\u00e4. Erinomainen melontaan ja snorklaukseen. Rajoitettu pys\u00e4k\u00f6inti, saavu ajoissa.  <\/p>\n<p style=\"text-align: center;\">\n<p style=\"text-align: center;\"><strong>Playa El Ca\u00f1uelo<\/strong><br \/>Suojattu lahti luonnonpuistossa. Kristallinkirkas vesi, hiljainen tunnelma. Sis\u00e4\u00e4np\u00e4\u00e4sy kulkee kuljetusbussilla tai jyrk\u00e4ll\u00e4 k\u00e4velyll\u00e4.  <\/p>\n<p style=\"text-align: center;\">\n<p style=\"text-align: center;\">\n<h3 class=\"wp-block-heading\" style=\"text-align: center;\">Piilotettuja helmi\u00e4 it\u00e4isell\u00e4 Costa del Solilla (Torroxista M\u00e1lagaan)<\/h3>\n<p style=\"text-align: center;\">\n<p style=\"text-align: center;\"><strong>Playa Ferrara (Torrox Costa)<\/strong><br \/>Pitk\u00e4 hiekkakaistale, v\u00e4hemm\u00e4n turisteja, rantapromenadi.<\/p>\n<p style=\"text-align: center;\">\n<p style=\"text-align: center;\"><strong>Playa del Morche<\/strong><br \/>Hiljainen ja leve\u00e4, loistava perheille. Paikallinen tunnelma. <\/p>\n<p style=\"text-align: center;\">\n<p style=\"text-align: center;\"><strong>Playa de Benajarafe<\/strong><br \/>Rauhallinen ja luonnollinen, enemm\u00e4n paikallisia kuin turisteja.<\/p>\n<p style=\"text-align: center;\">\n<p style=\"text-align: center;\"><strong>Pe\u00f1\u00f3n del Cuervo (M\u00e1laga)<\/strong><br \/>Pieni lahti on ihanteellinen auringonlaskupiknikeille. Loistava valokuvauspaikka. <\/p>\n<p style=\"text-align: center;\">\n<p style=\"text-align: center;\">\n<h3 class=\"wp-block-heading\" style=\"text-align: center;\">Kaupunkirannat M\u00e1laga Cityss\u00e4<\/h3>\n<p style=\"text-align: center;\"><img decoding=\"async\" data-src=\"https:\/\/alamocostadelsol.com\/wp-content\/uploads\/2025\/05\/victor-rosario-mCLL2NTXc4M-unsplash-300x205.jpg\" width=\"300\" height=\"205\" alt=\"El\u00e4v\u00e4inen Malaguetan ranta M\u00e1lagan keskustassa, jossa on aurinkotuolit, rantabaarit ja kaupungin siluetti l\u00e4hell\u00e4.\" class=\"wp-image-18811913 aligncenter size-medium lazyload\" src=\"data:image\/svg+xml;base64,PHN2ZyB3aWR0aD0iMSIgaGVpZ2h0PSIxIiB4bWxucz0iaHR0cDovL3d3dy53My5vcmcvMjAwMC9zdmciPjwvc3ZnPg==\" style=\"--smush-placeholder-width: 300px; --smush-placeholder-aspect-ratio: 300\/205;\"><\/p>\n<p style=\"text-align: center;\">\n<p style=\"text-align: center;\"><strong>Playa de la Malagueta<\/strong><br \/>El\u00e4v\u00e4inen ja helposti l\u00e4hestytt\u00e4v\u00e4. Muutaman askeleen p\u00e4\u00e4ss\u00e4 historiallisesta keskustasta. <\/p>\n<p style=\"text-align: center;\">\n<p style=\"text-align: center;\"><strong>Playa de Pedregalejo<\/strong><br \/>Perinteinen tunnelma. Tunnettu rantamerenel\u00e4v\u00e4ravintoloistaan. <\/p>\n<p style=\"text-align: center;\">\n<p style=\"text-align: center;\"><strong>Playa del Palo<\/strong><br \/>Paikallinen suosikki, jossa on rento vieh\u00e4tys. Kokeile espetosia (sardiineja)! <\/p>\n<p style=\"text-align: center;\">\n<p style=\"text-align: center;\">Piilotettuja helmi\u00e4 it\u00e4isell\u00e4 Costa del Solilla (Torroxista M\u00e1lagaan)<\/p>\n<p style=\"text-align: center;\">\n<p style=\"text-align: center;\">\n<h3 class=\"wp-block-heading\" style=\"text-align: center;\">Parhaat rannat Torremolinosin ja Benalm\u00e1denan ymp\u00e4rist\u00f6ss\u00e4<\/h3>\n<p style=\"text-align: center;\">\n<p style=\"text-align: center;\"><strong>Playa de la Carihuela<\/strong><br \/>T\u00e4ydellinen pitkille k\u00e4velyille. Rantabaarit, tapakset ja vilkas tunnelma. <\/p>\n<p style=\"text-align: center;\">\n<p style=\"text-align: center;\"><strong>Playa de Bil Bil<\/strong><br \/>Nimetty l\u00e4heisen punaisen Bil Bil Bil -linnan mukaan. K\u00e4mmenill\u00e4 vuorattu ja puhdas. <\/p>\n<p style=\"text-align: center;\">\n<p style=\"text-align: center;\"><strong>Playa de Santa Ana<\/strong><br \/>L\u00e4hell\u00e4 venesatamaa. Hyv\u00e4t palvelut ja hyvin yll\u00e4pidetty. <\/p>\n<p style=\"text-align: center;\">\n<p style=\"text-align: center;\">\n<h3 class=\"wp-block-heading\" style=\"text-align: center;\">Rentouttavat rannikkokohteet Fuengirolassa ja Mijas Costassa<\/h3>\n<p style=\"text-align: center;\">\n<p style=\"text-align: center;\"><strong>Playa de los Boliches (Fuengirola)<\/strong><br \/>Suosittu perheiden keskuudessa. Leve\u00e4 ranta ja pitk\u00e4 promenadi. <\/p>\n<p style=\"text-align: center;\">\n<p style=\"text-align: center;\"><strong>Playa del Castillo<\/strong><br \/>Rauhallisempi ranta l\u00e4hell\u00e4 Sohailin linnaa. Ihanteellinen rentoutumiseen. <\/p>\n<p style=\"text-align: center;\">\n<p style=\"text-align: center;\"><strong>Playa La Cala (Mijas Costa)<\/strong><br \/>Kodikas, aito kaupunkiranta. Erinomaiset ruokavaihtoehdot ja k\u00e4velymukavuus. <\/p>\n<p style=\"text-align: center;\">\n<p style=\"text-align: center;\">\n<h3 class=\"wp-block-heading\" style=\"text-align: center;\">Trendikk\u00e4it\u00e4 ja syrj\u00e4isi\u00e4 rantoja Marbellan ymp\u00e4rill\u00e4<\/h3>\n<p style=\"text-align: center;\">\n<p style=\"text-align: center;\"><strong>Playa de Cabopino<\/strong><br \/>Luonnolliset dyynit, nudistialue, rauhalliset vedet. Suosittu perheiden ja luonnonyst\u00e4vien keskuudessa. <\/p>\n<p style=\"text-align: center;\">\n<p style=\"text-align: center;\"><strong>Playa de Nag\u00fceles<\/strong><br \/>Tyylik\u00e4s tunnelma, l\u00e4hell\u00e4 Marbella Clubia. Lepotuolit ja korkeatasoinen palvelu. <\/p>\n<p style=\"text-align: center;\">\n<p style=\"text-align: center;\"><strong>Playa de Artola<\/strong><br \/>Puinen laiturit, maisemalliset dyynit, ihanteellisia aamuk\u00e4velyille.<\/p>\n<p style=\"text-align: center;\">\n<p style=\"text-align: center;\"><strong>Playa de Venus<\/strong><br \/>Marbellan syd\u00e4mess\u00e4. Kiireinen ja hyvin varusteltu. <\/p>\n<p style=\"text-align: center;\">\n<p style=\"text-align: center;\">\n<h3 class=\"wp-block-heading\" style=\"text-align: center;\">Pikaopas: Parhaat rannat kiinnostuksen kohteiden mukaan<\/h3>\n<p style=\"text-align: center;\">\n<p style=\"text-align: center;\"><span style=\"text-decoration: underline;\"><strong>Perheille<\/strong><\/span><\/p>\n<p style=\"text-align: center;\"><span style=\"font-size: 16px; font-weight: bold;\">Playa Burriana<\/span><\/p>\n<p style=\"text-align: center;\"><span style=\"font-size: 16px; font-weight: bold;\">Playa La Cala<\/span><\/p>\n<p style=\"text-align: center;\"><span style=\"font-size: 16px; font-weight: bold;\">Playa de los Boliches<\/span><\/p>\n<p style=\"text-align: center;\">\n<p style=\"text-align: center;\">\n<p style=\"text-align: center;\"><span style=\"text-decoration: underline;\"><strong>Snorklausta varten<\/strong><\/span><\/p>\n<p style=\"text-align: center;\"><span style=\"font-size: 16px; font-weight: bold;\">Playa de Maro<\/span><\/p>\n<p style=\"text-align: center;\"><span style=\"font-size: 16px; font-weight: bold;\">Playa El Ca\u00f1uelo<\/span><\/p>\n<p style=\"text-align: center;\"><span style=\"font-size: 16px; font-weight: bold;\">Playa de Artola<\/span><\/p>\n<p style=\"text-align: center;\">\n<p style=\"text-align: center;\">\n<p style=\"text-align: center;\"><span style=\"text-decoration: underline;\"><strong>Ruokailu- ja rantakerhoille<\/strong><\/span><\/p>\n<p style=\"text-align: center;\"><span style=\"font-size: 16px; font-weight: bold;\">Playa de la Malagueta<\/span><\/p>\n<p style=\"text-align: center;\"><span style=\"font-size: 16px; font-weight: bold;\">Playa de Cabopino<\/span><\/p>\n<p style=\"text-align: center;\"><span style=\"font-size: 16px; font-weight: bold;\">Playa de la Carihuela<\/span><\/p>\n<p style=\"text-align: center;\">\n<p style=\"text-align: center;\">\n<p style=\"text-align: center;\"><span style=\"text-decoration: underline;\"><strong>Luonnonyst\u00e4ville<\/strong><\/span><\/p>\n<p style=\"text-align: center;\"><span style=\"font-size: 16px; font-weight: bold;\">Playa El Ca\u00f1uelo<\/span><\/p>\n<p style=\"text-align: center;\"><span style=\"font-size: 16px; font-weight: bold;\">Pe\u00f1\u00f3n del Cuervo<\/span><\/p>\n<p style=\"text-align: center;\"><span style=\"font-size: 16px; font-weight: bold;\">Playa de Artola<\/span><\/p>\n<p style=\"text-align: center;\">\n<p style=\"text-align: center;\">\n<p style=\"text-align: center;\">\n<h3 class=\"wp-block-heading\" style=\"text-align: center;\">K\u00e4yt\u00e4nn\u00f6n vinkkej\u00e4 rannalla hyppimiseen<\/h3>\n<p style=\"text-align: center;\">\n<p style=\"text-align: center;\"><strong style=\"font-size: 16px;\">Paras kausi<\/strong><span style=\"font-size: 16px; font-weight: bold;\">: toukokuusta lokakuuhun<\/span><\/p>\n<p style=\"text-align: center;\"><strong style=\"font-size: 16px;\">V\u00e4ltt\u00e4m\u00e4tt\u00f6m\u00e4t<\/strong><span style=\"font-size: 16px; font-weight: bold;\">: Vesikeng\u00e4t, aurinkovoide, snorklausmaski<\/span><\/p>\n<p style=\"text-align: center;\">\n<p style=\"text-align: center;\"><strong style=\"font-size: 16px;\">Pys\u00e4k\u00f6inti<\/strong><span style=\"font-size: 16px; font-weight: bold;\">: Suunnittele aikainen saapuminen sesongin aikaan<\/span><\/p>\n<p style=\"text-align: center;\">\n<p style=\"text-align: center;\"><strong style=\"font-size: 16px;\">Julkinen liikenne<\/strong><span style=\"font-size: 16px; font-weight: bold;\">: Juna M\u00e1lagasta Fuengirolaan; bussit Nerjaan ja Marbellaan<\/span><\/p>\n<p style=\"text-align: center;\">\n<p style=\"text-align: center;\"><strong style=\"font-size: 16px;\">Bonusvinkki<\/strong><span style=\"font-size: 16px; font-weight: bold;\">: K\u00e4vele osia Senda Litoral -rannikkopolusta ainutlaatuisilla n\u00e4kymill\u00e4<\/span><\/p>\n<p style=\"text-align: center;\">\n<p style=\"text-align: center;\">\n<p style=\"text-align: center;\">\n<h3 class=\"wp-block-heading\" style=\"text-align: center;\">Yhteenveto: Rannikko jokaiseen makuun<\/h3>\n<p style=\"text-align: center;\">\n<p style=\"text-align: center;\">Halusitpa sitten rauhallisen piilopaikan tai vilkkaan rantak\u00e4velyn, Costa del Sol tarjoaa kaiken. Nerjan ja Marbellan v\u00e4liss\u00e4 voi l\u00f6yt\u00e4\u00e4 sekoituksen andalusialaista vieh\u00e4tyst\u00e4, luonnonkauneutta ja v\u00e4rik\u00e4st\u00e4 merenkulkua <\/p>\n<p style=\"text-align: center;\">\n<p style=\"text-align: center;\">\n<h3 class=\"wp-block-heading\" style=\"text-align: center;\">Usein kysytyt kysymykset<\/h3>\n<p style=\"text-align: center;\">\n<p style=\"text-align: center;\"><strong>K: Mik\u00e4 on paras ranta perheille Nerjan ja Marbellan v\u00e4lill\u00e4?<\/strong><br \/>V: Playa Burriana Nerjassa ja Playa La Cala Mijas Costassa ovat erinomaisia perheille rauhallisten vesiens\u00e4, palveluidensa ja l\u00e4heisten ravintoloidensa ansiosta.<\/p>\n<p style=\"text-align: center;\">\n<p style=\"text-align: center;\"><strong>K: Onko t\u00e4ll\u00e4 rannikolla piilotettuja tai v\u00e4hemm\u00e4n ruuhkaisia rantoja?<\/strong><br \/>V: Kyll\u00e4, Playa El Ca\u00f1uelo ja Playa de Benajarafe ovat molemmat syrj\u00e4isempi\u00e4 ja rauhallisempia, ihanteellisia rauhallista rantap\u00e4iv\u00e4\u00e4 etsiville.<\/p>\n<p style=\"text-align: center;\">\n<p style=\"text-align: center;\"><strong>K: Mitk\u00e4 rannat ovat parhaita snorklausta varten?<\/strong><br \/>V: Playa de Maro ja Playa El Ca\u00f1uelo tarjoavat erinomaiset snorklausolosuhteet kirkkaiden vesiens\u00e4 ja kivisten poukamiensa ansiosta.<\/p>\n<p style=\"text-align: center;\">\n<p style=\"text-align: center;\"><strong>K: P\u00e4\u00e4senk\u00f6 n\u00e4ille rannoille julkisilla kulkuv\u00e4lineill\u00e4?<\/strong><br \/>V: Monet rannat suurempien kaupunkien, kuten M\u00e1lagan, Fuengirolan ja Marbellan, l\u00e4hell\u00e4 ovat bussilla tai junalla. Syrj\u00e4isill\u00e4 rannoilla voi olla tarpeen auto- tai kuljetuspalvelu. <\/p>\n<p style=\"text-align: center;\">\n<p style=\"text-align: center;\"><strong>K: Mitk\u00e4 ovat parhaat kuukaudet vierailla Costa del Solin rannoilla?<\/strong><br \/>V: Ihanteellinen aika vierailla on toukokuun ja lokakuun v\u00e4lill\u00e4, jolloin s\u00e4\u00e4 on l\u00e4mmin ja aurinkoinen, ja meri on miellytt\u00e4v\u00e4 uimiseen.<\/p>\n<p style=\"text-align: center;\">\n<p style=\"text-align: center;\"><strong>K: Onko tarjolla rantakerhoja tai ruokailuvaihtoehtoja?<\/strong><br \/>V: Kyll\u00e4, suositut rannat kuten Playa de la Malagueta, Playa de Cabopino ja Playa de la Carihuela tarjoavat erinomaisia ruokailu- ja rantaklubivaihtoehtoja.<\/p>\n<p style=\"text-align: center;\">\n<p style=\"text-align: center;\">\n<p style=\"text-align: center;\">\n<p>[\/et_pb_text][\/et_pb_column][\/et_pb_row][\/et_pb_section]<\/p>\n","protected":false},"excerpt":{"rendered":"<p>Kalliosein\u00e4m\u00e4isist\u00e4 lahdelmista pitkiin hiekkakaistaleisiin, rannikko Nerjan ja Marbellan v\u00e4lill\u00e4 tarjoaa joitakin Etel\u00e4-Espanjan kauneimmista ja monimuotoisimmista radaista. T\u00e4ss\u00e4 artikkelissa opastamme sinua huolellisesti valitun valikoiman pakollisia vierailurantoja t\u00e4m\u00e4n maisemareitin varrella. Etsitp\u00e4 sitten perheyst\u00e4v\u00e4llisi\u00e4 rantoja, piilotettuja snorklauspaikkoja tai vilkkaita rantakerhoja, l\u00f6yd\u00e4t ihanteellisen pakopaikkasi Costa del Solilta. Rannikkoalueen yleiskatsaus: Nerjasta Marbellaan Kokonaismatka: noin 100 km Ajoaika: 1,5\u20132,5 tuntia riippuen [&hellip;]<\/p>\n","protected":false},"author":3,"featured_media":18811893,"comment_status":"closed","ping_status":"open","sticky":false,"template":"","format":"standard","meta":{"_et_pb_use_builder":"on","_et_pb_old_content":"","_et_gb_content_width":"","footnotes":""},"categories":[146],"tags":[],"dipi_cpt_category":[],"class_list":["post-18811936","post","type-post","status-publish","format-standard","has-post-thumbnail","hentry","category-luonto-ja-ulkoilu"],"yoast_head":"<!-- This site is optimized with the Yoast SEO plugin v25.8 - https:\/\/yoast.com\/wordpress\/plugins\/seo\/ -->\n<title>Parhaat rannat Nerjan ja Marbellan v\u00e4lill\u00e4 | Costa del Sol -opas<\/title>\n<meta name=\"description\" content=\"L\u00f6yd\u00e4 parhaat rannat Nerjan ja Marbellan v\u00e4lill\u00e4 Costa del Solilla, piilotetuista poukamista perheyst\u00e4v\u00e4llisiin rannoihin ja ikonisiin rantakohteisiin.\" \/>\n<meta name=\"robots\" content=\"index, follow, max-snippet:-1, max-image-preview:large, max-video-preview:-1\" \/>\n<link rel=\"canonical\" href=\"https:\/\/alamocostadelsol.com\/fi\/news\/parhaat-rannat-nerjan-ja-marbellan-valilla-piilotetut-helmet-ja-rannikon-hotspotit-costa-del-solilla\" \/>\n<meta property=\"og:locale\" content=\"fi_FI\" \/>\n<meta property=\"og:type\" content=\"article\" \/>\n<meta property=\"og:title\" content=\"Parhaat rannat Nerjan ja Marbellan v\u00e4lill\u00e4 | Costa del Sol -opas\" \/>\n<meta property=\"og:description\" content=\"L\u00f6yd\u00e4 parhaat rannat Nerjan ja Marbellan v\u00e4lill\u00e4 Costa del Solilla, piilotetuista poukamista perheyst\u00e4v\u00e4llisiin rannoihin ja ikonisiin rantakohteisiin.\" \/>\n<meta property=\"og:url\" content=\"https:\/\/alamocostadelsol.com\/fi\/news\/parhaat-rannat-nerjan-ja-marbellan-valilla-piilotetut-helmet-ja-rannikon-hotspotit-costa-del-solilla\" \/>\n<meta property=\"og:site_name\" content=\"Alamo - makes your dream come true at costa del sol\" \/>\n<meta property=\"article:publisher\" content=\"https:\/\/www.facebook.com\/alamocostadelsol\" \/>\n<meta property=\"article:published_time\" content=\"2025-05-28T13:41:33+00:00\" \/>\n<meta property=\"article:modified_time\" content=\"2026-01-13T13:50:54+00:00\" \/>\n<meta property=\"og:image\" content=\"https:\/\/alamocostadelsol.com\/wp-content\/uploads\/2025\/05\/frank-mckenna-OD9EOzfSOh0-unsplash-scaled.jpg\" \/>\n\t<meta property=\"og:image:width\" content=\"2560\" \/>\n\t<meta property=\"og:image:height\" content=\"1704\" \/>\n\t<meta property=\"og:image:type\" content=\"image\/jpeg\" \/>\n<meta name=\"author\" content=\"Per Lindqvist\" \/>\n<meta name=\"twitter:card\" content=\"summary_large_image\" \/>\n<meta name=\"twitter:label1\" content=\"Kirjoittanut\" \/>\n\t<meta name=\"twitter:data1\" content=\"Per Lindqvist\" \/>\n\t<meta name=\"twitter:label2\" content=\"Arvioitu lukuaika\" \/>\n\t<meta name=\"twitter:data2\" content=\"4 minuuttia\" \/>\n<script type=\"application\/ld+json\" class=\"yoast-schema-graph\">{\"@context\":\"https:\/\/schema.org\",\"@graph\":[{\"@type\":\"Article\",\"@id\":\"https:\/\/alamocostadelsol.com\/fi\/news\/parhaat-rannat-nerjan-ja-marbellan-valilla-piilotetut-helmet-ja-rannikon-hotspotit-costa-del-solilla#article\",\"isPartOf\":{\"@id\":\"https:\/\/alamocostadelsol.com\/fi\/news\/parhaat-rannat-nerjan-ja-marbellan-valilla-piilotetut-helmet-ja-rannikon-hotspotit-costa-del-solilla\"},\"author\":{\"name\":\"Per Lindqvist\",\"@id\":\"https:\/\/alamocostadelsol.com\/fi#\/schema\/person\/514c5d82ea0741b520c03d28d1ff1a7a\"},\"headline\":\"Parhaat rannat Nerjan ja Marbellan v\u00e4lill\u00e4: Piilotettuja helmi\u00e4 ja rannikon kuumia paikkoja Costa del Solilla\",\"datePublished\":\"2025-05-28T13:41:33+00:00\",\"dateModified\":\"2026-01-13T13:50:54+00:00\",\"mainEntityOfPage\":{\"@id\":\"https:\/\/alamocostadelsol.com\/fi\/news\/parhaat-rannat-nerjan-ja-marbellan-valilla-piilotetut-helmet-ja-rannikon-hotspotit-costa-del-solilla\"},\"wordCount\":879,\"publisher\":{\"@id\":\"https:\/\/alamocostadelsol.com\/fi#organization\"},\"image\":{\"@id\":\"https:\/\/alamocostadelsol.com\/fi\/news\/parhaat-rannat-nerjan-ja-marbellan-valilla-piilotetut-helmet-ja-rannikon-hotspotit-costa-del-solilla#primaryimage\"},\"thumbnailUrl\":\"https:\/\/alamocostadelsol.com\/wp-content\/uploads\/2025\/05\/frank-mckenna-OD9EOzfSOh0-unsplash-scaled.jpg\",\"articleSection\":[\"Luonto ja ulkoilu\"],\"inLanguage\":\"fi\"},{\"@type\":\"WebPage\",\"@id\":\"https:\/\/alamocostadelsol.com\/fi\/news\/parhaat-rannat-nerjan-ja-marbellan-valilla-piilotetut-helmet-ja-rannikon-hotspotit-costa-del-solilla\",\"url\":\"https:\/\/alamocostadelsol.com\/fi\/news\/parhaat-rannat-nerjan-ja-marbellan-valilla-piilotetut-helmet-ja-rannikon-hotspotit-costa-del-solilla\",\"name\":\"Parhaat rannat Nerjan ja Marbellan v\u00e4lill\u00e4 | Costa del Sol -opas\",\"isPartOf\":{\"@id\":\"https:\/\/alamocostadelsol.com\/fi#website\"},\"primaryImageOfPage\":{\"@id\":\"https:\/\/alamocostadelsol.com\/fi\/news\/parhaat-rannat-nerjan-ja-marbellan-valilla-piilotetut-helmet-ja-rannikon-hotspotit-costa-del-solilla#primaryimage\"},\"image\":{\"@id\":\"https:\/\/alamocostadelsol.com\/fi\/news\/parhaat-rannat-nerjan-ja-marbellan-valilla-piilotetut-helmet-ja-rannikon-hotspotit-costa-del-solilla#primaryimage\"},\"thumbnailUrl\":\"https:\/\/alamocostadelsol.com\/wp-content\/uploads\/2025\/05\/frank-mckenna-OD9EOzfSOh0-unsplash-scaled.jpg\",\"datePublished\":\"2025-05-28T13:41:33+00:00\",\"dateModified\":\"2026-01-13T13:50:54+00:00\",\"description\":\"L\u00f6yd\u00e4 parhaat rannat Nerjan ja Marbellan v\u00e4lill\u00e4 Costa del Solilla, piilotetuista poukamista perheyst\u00e4v\u00e4llisiin rannoihin ja ikonisiin rantakohteisiin.\",\"breadcrumb\":{\"@id\":\"https:\/\/alamocostadelsol.com\/fi\/news\/parhaat-rannat-nerjan-ja-marbellan-valilla-piilotetut-helmet-ja-rannikon-hotspotit-costa-del-solilla#breadcrumb\"},\"inLanguage\":\"fi\",\"potentialAction\":[{\"@type\":\"ReadAction\",\"target\":[\"https:\/\/alamocostadelsol.com\/fi\/news\/parhaat-rannat-nerjan-ja-marbellan-valilla-piilotetut-helmet-ja-rannikon-hotspotit-costa-del-solilla\"]}]},{\"@type\":\"ImageObject\",\"inLanguage\":\"fi\",\"@id\":\"https:\/\/alamocostadelsol.com\/fi\/news\/parhaat-rannat-nerjan-ja-marbellan-valilla-piilotetut-helmet-ja-rannikon-hotspotit-costa-del-solilla#primaryimage\",\"url\":\"https:\/\/alamocostadelsol.com\/wp-content\/uploads\/2025\/05\/frank-mckenna-OD9EOzfSOh0-unsplash-scaled.jpg\",\"contentUrl\":\"https:\/\/alamocostadelsol.com\/wp-content\/uploads\/2025\/05\/frank-mckenna-OD9EOzfSOh0-unsplash-scaled.jpg\",\"width\":2560,\"height\":1704,\"caption\":\"Wide stretch of golden sand and clear blue sea at Playa de Calahonda in Mijas\"},{\"@type\":\"BreadcrumbList\",\"@id\":\"https:\/\/alamocostadelsol.com\/fi\/news\/parhaat-rannat-nerjan-ja-marbellan-valilla-piilotetut-helmet-ja-rannikon-hotspotit-costa-del-solilla#breadcrumb\",\"itemListElement\":[{\"@type\":\"ListItem\",\"position\":1,\"name\":\"Home\",\"item\":\"https:\/\/alamocostadelsol.com\/fi\"},{\"@type\":\"ListItem\",\"position\":2,\"name\":\"Parhaat rannat Nerjan ja Marbellan v\u00e4lill\u00e4: Piilotettuja helmi\u00e4 ja rannikon kuumia paikkoja Costa del Solilla\"}]},{\"@type\":\"WebSite\",\"@id\":\"https:\/\/alamocostadelsol.com\/fi#website\",\"url\":\"https:\/\/alamocostadelsol.com\/fi\",\"name\":\"Alamo - makes your dream come true at costa del sol\",\"description\":\"\",\"publisher\":{\"@id\":\"https:\/\/alamocostadelsol.com\/fi#organization\"},\"potentialAction\":[{\"@type\":\"SearchAction\",\"target\":{\"@type\":\"EntryPoint\",\"urlTemplate\":\"https:\/\/alamocostadelsol.com\/fi?s={search_term_string}\"},\"query-input\":{\"@type\":\"PropertyValueSpecification\",\"valueRequired\":true,\"valueName\":\"search_term_string\"}}],\"inLanguage\":\"fi\"},{\"@type\":\"Organization\",\"@id\":\"https:\/\/alamocostadelsol.com\/fi#organization\",\"name\":\"Alamo - makes your dream come true at costa del sol\",\"url\":\"https:\/\/alamocostadelsol.com\/fi\",\"logo\":{\"@type\":\"ImageObject\",\"inLanguage\":\"fi\",\"@id\":\"https:\/\/alamocostadelsol.com\/fi#\/schema\/logo\/image\/\",\"url\":\"https:\/\/alamocostadelsol.com\/wp-content\/uploads\/2024\/05\/alamo-costa-del-sol-logotype.png\",\"contentUrl\":\"https:\/\/alamocostadelsol.com\/wp-content\/uploads\/2024\/05\/alamo-costa-del-sol-logotype.png\",\"width\":773,\"height\":170,\"caption\":\"Alamo - makes your dream come true at costa del sol\"},\"image\":{\"@id\":\"https:\/\/alamocostadelsol.com\/fi#\/schema\/logo\/image\/\"},\"sameAs\":[\"https:\/\/www.facebook.com\/alamocostadelsol\",\"https:\/\/www.instagram.com\/alamocostadelsol\/\"]},{\"@type\":\"Person\",\"@id\":\"https:\/\/alamocostadelsol.com\/fi#\/schema\/person\/514c5d82ea0741b520c03d28d1ff1a7a\",\"name\":\"Per Lindqvist\",\"image\":{\"@type\":\"ImageObject\",\"inLanguage\":\"fi\",\"@id\":\"https:\/\/alamocostadelsol.com\/fi#\/schema\/person\/image\/\",\"url\":\"https:\/\/secure.gravatar.com\/avatar\/7c3165414ae570a298d212f36baf0d9ab74e0d0fae19acbc9eed18656ed49770?s=96&d=mm&r=g\",\"contentUrl\":\"https:\/\/secure.gravatar.com\/avatar\/7c3165414ae570a298d212f36baf0d9ab74e0d0fae19acbc9eed18656ed49770?s=96&d=mm&r=g\",\"caption\":\"Per Lindqvist\"},\"url\":\"https:\/\/alamocostadelsol.com\/fi\/news\/author\/peli\"}]}<\/script>\n<!-- \/ Yoast SEO plugin. -->","yoast_head_json":{"title":"Parhaat rannat Nerjan ja Marbellan v\u00e4lill\u00e4 | Costa del Sol -opas","description":"L\u00f6yd\u00e4 parhaat rannat Nerjan ja Marbellan v\u00e4lill\u00e4 Costa del Solilla, piilotetuista poukamista perheyst\u00e4v\u00e4llisiin rannoihin ja ikonisiin rantakohteisiin.","robots":{"index":"index","follow":"follow","max-snippet":"max-snippet:-1","max-image-preview":"max-image-preview:large","max-video-preview":"max-video-preview:-1"},"canonical":"https:\/\/alamocostadelsol.com\/fi\/news\/parhaat-rannat-nerjan-ja-marbellan-valilla-piilotetut-helmet-ja-rannikon-hotspotit-costa-del-solilla","og_locale":"fi_FI","og_type":"article","og_title":"Parhaat rannat Nerjan ja Marbellan v\u00e4lill\u00e4 | Costa del Sol -opas","og_description":"L\u00f6yd\u00e4 parhaat rannat Nerjan ja Marbellan v\u00e4lill\u00e4 Costa del Solilla, piilotetuista poukamista perheyst\u00e4v\u00e4llisiin rannoihin ja ikonisiin rantakohteisiin.","og_url":"https:\/\/alamocostadelsol.com\/fi\/news\/parhaat-rannat-nerjan-ja-marbellan-valilla-piilotetut-helmet-ja-rannikon-hotspotit-costa-del-solilla","og_site_name":"Alamo - makes your dream come true at costa del sol","article_publisher":"https:\/\/www.facebook.com\/alamocostadelsol","article_published_time":"2025-05-28T13:41:33+00:00","article_modified_time":"2026-01-13T13:50:54+00:00","og_image":[{"width":2560,"height":1704,"url":"https:\/\/alamocostadelsol.com\/wp-content\/uploads\/2025\/05\/frank-mckenna-OD9EOzfSOh0-unsplash-scaled.jpg","type":"image\/jpeg"}],"author":"Per Lindqvist","twitter_card":"summary_large_image","twitter_misc":{"Kirjoittanut":"Per Lindqvist","Arvioitu lukuaika":"4 minuuttia"},"schema":{"@context":"https:\/\/schema.org","@graph":[{"@type":"Article","@id":"https:\/\/alamocostadelsol.com\/fi\/news\/parhaat-rannat-nerjan-ja-marbellan-valilla-piilotetut-helmet-ja-rannikon-hotspotit-costa-del-solilla#article","isPartOf":{"@id":"https:\/\/alamocostadelsol.com\/fi\/news\/parhaat-rannat-nerjan-ja-marbellan-valilla-piilotetut-helmet-ja-rannikon-hotspotit-costa-del-solilla"},"author":{"name":"Per Lindqvist","@id":"https:\/\/alamocostadelsol.com\/fi#\/schema\/person\/514c5d82ea0741b520c03d28d1ff1a7a"},"headline":"Parhaat rannat Nerjan ja Marbellan v\u00e4lill\u00e4: Piilotettuja helmi\u00e4 ja rannikon kuumia paikkoja Costa del Solilla","datePublished":"2025-05-28T13:41:33+00:00","dateModified":"2026-01-13T13:50:54+00:00","mainEntityOfPage":{"@id":"https:\/\/alamocostadelsol.com\/fi\/news\/parhaat-rannat-nerjan-ja-marbellan-valilla-piilotetut-helmet-ja-rannikon-hotspotit-costa-del-solilla"},"wordCount":879,"publisher":{"@id":"https:\/\/alamocostadelsol.com\/fi#organization"},"image":{"@id":"https:\/\/alamocostadelsol.com\/fi\/news\/parhaat-rannat-nerjan-ja-marbellan-valilla-piilotetut-helmet-ja-rannikon-hotspotit-costa-del-solilla#primaryimage"},"thumbnailUrl":"https:\/\/alamocostadelsol.com\/wp-content\/uploads\/2025\/05\/frank-mckenna-OD9EOzfSOh0-unsplash-scaled.jpg","articleSection":["Luonto ja ulkoilu"],"inLanguage":"fi"},{"@type":"WebPage","@id":"https:\/\/alamocostadelsol.com\/fi\/news\/parhaat-rannat-nerjan-ja-marbellan-valilla-piilotetut-helmet-ja-rannikon-hotspotit-costa-del-solilla","url":"https:\/\/alamocostadelsol.com\/fi\/news\/parhaat-rannat-nerjan-ja-marbellan-valilla-piilotetut-helmet-ja-rannikon-hotspotit-costa-del-solilla","name":"Parhaat rannat Nerjan ja Marbellan v\u00e4lill\u00e4 | Costa del Sol -opas","isPartOf":{"@id":"https:\/\/alamocostadelsol.com\/fi#website"},"primaryImageOfPage":{"@id":"https:\/\/alamocostadelsol.com\/fi\/news\/parhaat-rannat-nerjan-ja-marbellan-valilla-piilotetut-helmet-ja-rannikon-hotspotit-costa-del-solilla#primaryimage"},"image":{"@id":"https:\/\/alamocostadelsol.com\/fi\/news\/parhaat-rannat-nerjan-ja-marbellan-valilla-piilotetut-helmet-ja-rannikon-hotspotit-costa-del-solilla#primaryimage"},"thumbnailUrl":"https:\/\/alamocostadelsol.com\/wp-content\/uploads\/2025\/05\/frank-mckenna-OD9EOzfSOh0-unsplash-scaled.jpg","datePublished":"2025-05-28T13:41:33+00:00","dateModified":"2026-01-13T13:50:54+00:00","description":"L\u00f6yd\u00e4 parhaat rannat Nerjan ja Marbellan v\u00e4lill\u00e4 Costa del Solilla, piilotetuista poukamista perheyst\u00e4v\u00e4llisiin rannoihin ja ikonisiin rantakohteisiin.","breadcrumb":{"@id":"https:\/\/alamocostadelsol.com\/fi\/news\/parhaat-rannat-nerjan-ja-marbellan-valilla-piilotetut-helmet-ja-rannikon-hotspotit-costa-del-solilla#breadcrumb"},"inLanguage":"fi","potentialAction":[{"@type":"ReadAction","target":["https:\/\/alamocostadelsol.com\/fi\/news\/parhaat-rannat-nerjan-ja-marbellan-valilla-piilotetut-helmet-ja-rannikon-hotspotit-costa-del-solilla"]}]},{"@type":"ImageObject","inLanguage":"fi","@id":"https:\/\/alamocostadelsol.com\/fi\/news\/parhaat-rannat-nerjan-ja-marbellan-valilla-piilotetut-helmet-ja-rannikon-hotspotit-costa-del-solilla#primaryimage","url":"https:\/\/alamocostadelsol.com\/wp-content\/uploads\/2025\/05\/frank-mckenna-OD9EOzfSOh0-unsplash-scaled.jpg","contentUrl":"https:\/\/alamocostadelsol.com\/wp-content\/uploads\/2025\/05\/frank-mckenna-OD9EOzfSOh0-unsplash-scaled.jpg","width":2560,"height":1704,"caption":"Wide stretch of golden sand and clear blue sea at Playa de Calahonda in Mijas"},{"@type":"BreadcrumbList","@id":"https:\/\/alamocostadelsol.com\/fi\/news\/parhaat-rannat-nerjan-ja-marbellan-valilla-piilotetut-helmet-ja-rannikon-hotspotit-costa-del-solilla#breadcrumb","itemListElement":[{"@type":"ListItem","position":1,"name":"Home","item":"https:\/\/alamocostadelsol.com\/fi"},{"@type":"ListItem","position":2,"name":"Parhaat rannat Nerjan ja Marbellan v\u00e4lill\u00e4: Piilotettuja helmi\u00e4 ja rannikon kuumia paikkoja Costa del Solilla"}]},{"@type":"WebSite","@id":"https:\/\/alamocostadelsol.com\/fi#website","url":"https:\/\/alamocostadelsol.com\/fi","name":"Alamo - makes your dream come true at costa del sol","description":"","publisher":{"@id":"https:\/\/alamocostadelsol.com\/fi#organization"},"potentialAction":[{"@type":"SearchAction","target":{"@type":"EntryPoint","urlTemplate":"https:\/\/alamocostadelsol.com\/fi?s={search_term_string}"},"query-input":{"@type":"PropertyValueSpecification","valueRequired":true,"valueName":"search_term_string"}}],"inLanguage":"fi"},{"@type":"Organization","@id":"https:\/\/alamocostadelsol.com\/fi#organization","name":"Alamo - makes your dream come true at costa del sol","url":"https:\/\/alamocostadelsol.com\/fi","logo":{"@type":"ImageObject","inLanguage":"fi","@id":"https:\/\/alamocostadelsol.com\/fi#\/schema\/logo\/image\/","url":"https:\/\/alamocostadelsol.com\/wp-content\/uploads\/2024\/05\/alamo-costa-del-sol-logotype.png","contentUrl":"https:\/\/alamocostadelsol.com\/wp-content\/uploads\/2024\/05\/alamo-costa-del-sol-logotype.png","width":773,"height":170,"caption":"Alamo - makes your dream come true at costa del sol"},"image":{"@id":"https:\/\/alamocostadelsol.com\/fi#\/schema\/logo\/image\/"},"sameAs":["https:\/\/www.facebook.com\/alamocostadelsol","https:\/\/www.instagram.com\/alamocostadelsol\/"]},{"@type":"Person","@id":"https:\/\/alamocostadelsol.com\/fi#\/schema\/person\/514c5d82ea0741b520c03d28d1ff1a7a","name":"Per Lindqvist","image":{"@type":"ImageObject","inLanguage":"fi","@id":"https:\/\/alamocostadelsol.com\/fi#\/schema\/person\/image\/","url":"https:\/\/secure.gravatar.com\/avatar\/7c3165414ae570a298d212f36baf0d9ab74e0d0fae19acbc9eed18656ed49770?s=96&d=mm&r=g","contentUrl":"https:\/\/secure.gravatar.com\/avatar\/7c3165414ae570a298d212f36baf0d9ab74e0d0fae19acbc9eed18656ed49770?s=96&d=mm&r=g","caption":"Per Lindqvist"},"url":"https:\/\/alamocostadelsol.com\/fi\/news\/author\/peli"}]}},"_links":{"self":[{"href":"https:\/\/alamocostadelsol.com\/fi\/wp-json\/wp\/v2\/posts\/18811936","targetHints":{"allow":["GET"]}}],"collection":[{"href":"https:\/\/alamocostadelsol.com\/fi\/wp-json\/wp\/v2\/posts"}],"about":[{"href":"https:\/\/alamocostadelsol.com\/fi\/wp-json\/wp\/v2\/types\/post"}],"author":[{"embeddable":true,"href":"https:\/\/alamocostadelsol.com\/fi\/wp-json\/wp\/v2\/users\/3"}],"replies":[{"embeddable":true,"href":"https:\/\/alamocostadelsol.com\/fi\/wp-json\/wp\/v2\/comments?post=18811936"}],"version-history":[{"count":9,"href":"https:\/\/alamocostadelsol.com\/fi\/wp-json\/wp\/v2\/posts\/18811936\/revisions"}],"predecessor-version":[{"id":18815146,"href":"https:\/\/alamocostadelsol.com\/fi\/wp-json\/wp\/v2\/posts\/18811936\/revisions\/18815146"}],"wp:featuredmedia":[{"embeddable":true,"href":"https:\/\/alamocostadelsol.com\/fi\/wp-json\/wp\/v2\/media\/18811893"}],"wp:attachment":[{"href":"https:\/\/alamocostadelsol.com\/fi\/wp-json\/wp\/v2\/media?parent=18811936"}],"wp:term":[{"taxonomy":"category","embeddable":true,"href":"https:\/\/alamocostadelsol.com\/fi\/wp-json\/wp\/v2\/categories?post=18811936"},{"taxonomy":"post_tag","embeddable":true,"href":"https:\/\/alamocostadelsol.com\/fi\/wp-json\/wp\/v2\/tags?post=18811936"},{"taxonomy":"dipi_cpt_category","embeddable":true,"href":"https:\/\/alamocostadelsol.com\/fi\/wp-json\/wp\/v2\/dipi_cpt_category?post=18811936"}],"curies":[{"name":"wp","href":"https:\/\/api.w.org\/{rel}","templated":true}]}}