{"id":18811972,"date":"2025-06-16T12:00:00","date_gmt":"2025-06-16T10:00:00","guid":{"rendered":"https:\/\/alamocostadelsol.com\/?p=18811972"},"modified":"2026-01-13T14:50:55","modified_gmt":"2026-01-13T13:50:55","slug":"las-mejores-rutas-de-senderismo-en-la-costa-del-sol-explora-la-naturaleza-y-la-historia","status":"publish","type":"post","link":"https:\/\/alamocostadelsol.com\/es\/news\/las-mejores-rutas-de-senderismo-en-la-costa-del-sol-explora-la-naturaleza-y-la-historia","title":{"rendered":"Mejores senderos de senderismo en la Costa del Sol: Explora la naturaleza y la historia"},"content":{"rendered":"<p>[et_pb_section admin_label=\u00bbsection\u00bb]<br \/>\n\t\t\t[et_pb_row admin_label=\u00bbFila\u00bb]<br \/>\n\t\t\t\t[et_pb_column type=\u00bb4_4&#8243;][et_pb_text admin_label=\u00bbText\u00bb]<!-- divi:paragraph --><\/p>\n<p>La Costa del Sol es famosa por sus playas y ciudades vibrantes, pero tambi\u00e9n alberga algunos de <strong>los senderos de senderismo m\u00e1s impresionantes de Espa\u00f1a<\/strong>. Desde paseos costeros con impresionantes vistas al mar hasta senderos monta\u00f1osos llenos de monumentos hist\u00f3ricos, esta regi\u00f3n ofrece algo para cada senderista. Tanto si buscas una ruta desafiante como una relajante caminata por la naturaleza, estas rutas te ayudar\u00e1n a explorar la belleza e historia del sur de Espa\u00f1a.  <\/p>\n<p><!-- \/divi:paragraph --><\/p>\n<p><!-- divi:heading --><\/p>\n<h2 class=\"wp-block-heading\"><strong>\u00bfPor qu\u00e9 hacer senderismo en la Costa del Sol?<\/strong><\/h2>\n<p><!-- \/divi:heading --><\/p>\n<p><!-- divi:paragraph --><\/p>\n<p>Hacer senderismo en la Costa del Sol es mucho m\u00e1s que ejercicio. La regi\u00f3n ofrece: <\/p>\n<p><!-- \/divi:paragraph --><\/p>\n<p><!-- divi:list --><\/p>\n<ul class=\"wp-block-list\"><!-- divi:list-item --><\/p>\n<li><strong>Paisajes diversos<\/strong> : desde monta\u00f1as escarpadas hasta senderos costeros pintorescos.<\/li>\n<p><!-- \/divi:list-item --><\/p>\n<p><!-- divi:list-item --><\/p>\n<li><strong>Historia rica<\/strong> \u2013 Muchos senderos atraviesan pueblos antiguos, ruinas y lugares hist\u00f3ricos.<\/li>\n<p><!-- \/divi:list-item --><\/p>\n<p><!-- divi:list-item --><\/p>\n<li><strong>Clima ideal<\/strong> \u2013 Con 300+ d\u00edas soleados al a\u00f1o, es posible hacer senderismo durante todo el a\u00f1o.<\/li>\n<p><!-- \/divi:list-item --><\/p>\n<p><!-- divi:list-item --><\/p>\n<li><strong>Niveles de dificultad variados<\/strong> \u2013 Tanto si eres principiante como si eres un senderista experimentado, hay un sendero para ti.<\/li>\n<p><!-- \/divi:list-item --><\/ul>\n<p><!-- \/divi:list --><\/p>\n<p><!-- divi:paragraph --><\/p>\n<p>Echemos un vistazo a los <strong>mejores senderos de la Costa del Sol<\/strong>, incluyendo <strong>rutas f\u00e1ciles, rutas hist\u00f3ricas y rutas naturales imprescindibles<\/strong>.<\/p>\n<p><!-- \/divi:paragraph --><\/p>\n<p><!-- divi:heading --><\/p>\n<h2 class=\"wp-block-heading\"><strong>1.<\/strong><a href=\"https:\/\/reservas.caminitodelrey.info\/\"><strong>  Caminito del Rey \u2013 El sendero m\u00e1s famoso<\/strong><\/a><\/h2>\n<p><!-- \/divi:heading --><\/p>\n<p><!-- divi:image {\"id\":18811940,\"width\":\"auto\",\"height\":\"350px\",\"sizeSlug\":\"large\",\"linkDestination\":\"none\"} --><\/p>\n<figure class=\"wp-block-image size-large is-resized\"><img decoding=\"async\" width=\"1024\" height=\"683\" data-src=\"https:\/\/alamocostadelsol.com\/wp-content\/uploads\/2025\/06\/valeriano-g-lfYV8QeTryc-unsplash-1024x683.jpg\" alt=\"\" class=\"wp-image-18811940 lazyload\" style=\"--smush-placeholder-width: 1024px; --smush-placeholder-aspect-ratio: 1024\/683;width:auto;height:350px\" data-srcset=\"https:\/\/alamocostadelsol.com\/wp-content\/uploads\/2025\/06\/valeriano-g-lfYV8QeTryc-unsplash-980x653.jpg 980w, https:\/\/alamocostadelsol.com\/wp-content\/uploads\/2025\/06\/valeriano-g-lfYV8QeTryc-unsplash-480x320.jpg 480w\" data-sizes=\"(min-width: 0px) and (max-width: 480px) 480px, (min-width: 481px) and (max-width: 980px) 980px, (min-width: 981px) 1024px, 100vw\" src=\"data:image\/svg+xml;base64,PHN2ZyB3aWR0aD0iMSIgaGVpZ2h0PSIxIiB4bWxucz0iaHR0cDovL3d3dy53My5vcmcvMjAwMC9zdmciPjwvc3ZnPg==\" \/><\/figure>\n<p><!-- \/divi:image --><\/p>\n<p><!-- divi:list --><\/p>\n<ul class=\"wp-block-list\"><!-- divi:list-item --><\/p>\n<li><strong>Dificultad<\/strong>: Moderada<\/li>\n<p><!-- \/divi:list-item --><\/p>\n<p><!-- divi:list-item --><\/p>\n<li><strong>Distancia<\/strong>: 7,7 km<\/li>\n<p><!-- \/divi:list-item --><\/p>\n<p><!-- divi:list-item --><\/p>\n<li><strong>Tiempo estimado<\/strong>: 3-4 horas<\/li>\n<p><!-- \/divi:list-item --><\/p>\n<p><!-- divi:list-item --><\/p>\n<li><strong>Lo mejor para<\/strong>: Aventureros y amantes de la historia<\/li>\n<p><!-- \/divi:list-item --><\/ul>\n<p><!-- \/divi:list --><\/p>\n<p><!-- divi:paragraph --><\/p>\n<p>El <strong>Caminito del Rey<\/strong> es uno de los senderos de senderismo m\u00e1s emblem\u00e1ticos de Espa\u00f1a. Esta <strong>emocionante caminata por el acantilado<\/strong> atraviesa <strong>la Garganta de El Chorro<\/strong>, ofreciendo vistas espectaculares del ca\u00f1\u00f3n y el r\u00edo que hay abajo. Originalmente construido para los trabajadores en 1905, el sendero fue restaurado en los \u00faltimos a\u00f1os y ahora es una <strong>experiencia segura pero emocionante<\/strong> . <strong>Propina:<\/strong> Se requiere reserva con antelaci\u00f3n. Asegura tu plaza en la<a href=\"https:\/\/reservas.caminitodelrey.info\/\"> web oficial de Caminito del Rey<\/a>.   <\/p>\n<p><!-- \/divi:paragraph --><\/p>\n<p><!-- divi:heading --><\/p>\n<h2 class=\"wp-block-heading\"><strong>2.<\/strong><a href=\"https:\/\/www.andalucia.org\/en\/nature\/routes\/el-torcal-antequera\"><strong>  El Torcal de Antequera \u2013 Formaciones rocosas \u00fanicas<\/strong><\/a><\/h2>\n<p><!-- \/divi:heading --><\/p>\n<p><!-- divi:image {\"id\":18811950,\"width\":\"auto\",\"height\":\"350px\",\"sizeSlug\":\"large\",\"linkDestination\":\"none\"} --><\/p>\n<figure class=\"wp-block-image size-large is-resized\"><img decoding=\"async\" width=\"1024\" height=\"768\" data-src=\"https:\/\/alamocostadelsol.com\/wp-content\/uploads\/2025\/06\/enric-domas-iF57rbXG7BA-unsplash-1024x768.jpg\" alt=\"\" class=\"wp-image-18811950 lazyload\" style=\"--smush-placeholder-width: 1024px; --smush-placeholder-aspect-ratio: 1024\/768;width:auto;height:350px\" data-srcset=\"https:\/\/alamocostadelsol.com\/wp-content\/uploads\/2025\/06\/enric-domas-iF57rbXG7BA-unsplash-980x735.jpg 980w, https:\/\/alamocostadelsol.com\/wp-content\/uploads\/2025\/06\/enric-domas-iF57rbXG7BA-unsplash-480x360.jpg 480w\" data-sizes=\"(min-width: 0px) and (max-width: 480px) 480px, (min-width: 481px) and (max-width: 980px) 980px, (min-width: 981px) 1024px, 100vw\" src=\"data:image\/svg+xml;base64,PHN2ZyB3aWR0aD0iMSIgaGVpZ2h0PSIxIiB4bWxucz0iaHR0cDovL3d3dy53My5vcmcvMjAwMC9zdmciPjwvc3ZnPg==\" \/><\/figure>\n<p><!-- \/divi:image --><\/p>\n<p><!-- divi:list --><\/p>\n<ul class=\"wp-block-list\"><!-- divi:list-item --><\/p>\n<li><strong>Dificultad<\/strong>: Moderada<\/li>\n<p><!-- \/divi:list-item --><\/p>\n<p><!-- divi:list-item --><\/p>\n<li><strong>Distancia<\/strong>: 3-6 km (varias rutas)<\/li>\n<p><!-- \/divi:list-item --><\/p>\n<p><!-- divi:list-item --><\/p>\n<li><strong>Tiempo estimado<\/strong>: 1,5-3 horas<\/li>\n<p><!-- \/divi:list-item --><\/p>\n<p><!-- divi:list-item --><\/p>\n<li><strong>Lo mejor para<\/strong>: entusiastas de la geolog\u00eda y familias<\/li>\n<p><!-- \/divi:list-item --><\/ul>\n<p><!-- \/divi:list --><\/p>\n<p><!-- divi:paragraph --><\/p>\n<p>Situado cerca <strong>de Antequera<\/strong>, este <strong>parque natural incluido en la UNESCO<\/strong> es famoso por sus <strong>formaciones de piedra caliza de otro mundo<\/strong>. El parque ofrece varios senderos donde se pueden ver f\u00f3siles, esculturas rocosas naturales y impresionantes vistas panor\u00e1micas del campo. <strong>Propina:<\/strong> Visita temprano por la ma\u00f1ana o a \u00faltima hora de la tarde para evitar las multitudes y disfrutar de la mejor iluminaci\u00f3n para la fotograf\u00eda. <\/p>\n<p><!-- \/divi:paragraph --><\/p>\n<p><!-- divi:heading --><\/p>\n<h2 class=\"wp-block-heading\"><strong>3.<\/strong><a href=\"https:\/\/www.juntadeandalucia.es\/medioambiente\/sierradelasnieves\"><strong>  Parque Nacional Sierra de las Nieves \u2013 Aventura en la monta\u00f1a<\/strong><\/a><\/h2>\n<p><!-- \/divi:heading --><\/p>\n<p><!-- divi:image {\"id\":18811960,\"width\":\"auto\",\"height\":\"350px\",\"sizeSlug\":\"large\",\"linkDestination\":\"none\"} --><\/p>\n<figure class=\"wp-block-image size-large is-resized\"><img decoding=\"async\" width=\"2560\" height=\"1440\" data-src=\"https:\/\/alamocostadelsol.com\/wp-content\/uploads\/2025\/06\/luis-coronel-CZOfycrS-q8-unsplash-edited-scaled.jpg\" alt=\"\" class=\"wp-image-18811960 lazyload\" style=\"--smush-placeholder-width: 2560px; --smush-placeholder-aspect-ratio: 2560\/1440;width:auto;height:350px\" data-srcset=\"https:\/\/alamocostadelsol.com\/wp-content\/uploads\/2025\/06\/luis-coronel-CZOfycrS-q8-unsplash-edited-scaled.jpg 2560w, https:\/\/alamocostadelsol.com\/wp-content\/uploads\/2025\/06\/luis-coronel-CZOfycrS-q8-unsplash-edited-1280x720.jpg 1280w, https:\/\/alamocostadelsol.com\/wp-content\/uploads\/2025\/06\/luis-coronel-CZOfycrS-q8-unsplash-edited-980x551.jpg 980w, https:\/\/alamocostadelsol.com\/wp-content\/uploads\/2025\/06\/luis-coronel-CZOfycrS-q8-unsplash-edited-480x270.jpg 480w\" data-sizes=\"(min-width: 0px) and (max-width: 480px) 480px, (min-width: 481px) and (max-width: 980px) 980px, (min-width: 981px) and (max-width: 1280px) 1280px, (min-width: 1281px) 2560px, 100vw\" src=\"data:image\/svg+xml;base64,PHN2ZyB3aWR0aD0iMSIgaGVpZ2h0PSIxIiB4bWxucz0iaHR0cDovL3d3dy53My5vcmcvMjAwMC9zdmciPjwvc3ZnPg==\" \/><\/figure>\n<p><!-- \/divi:image --><\/p>\n<p><!-- divi:list --><\/p>\n<ul class=\"wp-block-list\"><!-- divi:list-item --><\/p>\n<li><strong>Dificultad<\/strong>: Var\u00eda (de f\u00e1cil a desafiante)<\/li>\n<p><!-- \/divi:list-item --><\/p>\n<p><!-- divi:list-item --><\/p>\n<li><strong>Distancia<\/strong>: 5-20 km (varias rutas)<\/li>\n<p><!-- \/divi:list-item --><\/p>\n<p><!-- divi:list-item --><\/p>\n<li><strong>Tiempo estimado<\/strong>: 2-8 horas<\/li>\n<p><!-- \/divi:list-item --><\/p>\n<p><!-- divi:list-item --><\/p>\n<li><strong>Lo ideal para<\/strong>: amantes de la monta\u00f1a y senderistas experimentados<\/li>\n<p><!-- \/divi:list-item --><\/ul>\n<p><!-- \/divi:list --><\/p>\n<p><!-- divi:paragraph --><\/p>\n<p>La <strong>Sierra de las Nieves<\/strong> es un vasto parque nacional cerca de <strong>Ronda<\/strong>, hogar <strong>de los abetos m\u00e1s raros de Espa\u00f1a y de una fauna diversa<\/strong>. Los senderos van desde suaves paseos por el bosque hasta la exigente subida <strong>a La Torrecilla (1.919 m),<\/strong> que ofrece uno de los <strong>mejores miradores de la regi\u00f3n<\/strong>. <\/p>\n<p><!-- \/divi:paragraph --><\/p>\n<p><!-- divi:paragraph --><\/p>\n<p><strong>Propina:<\/strong> Si te gusta la fauna, estate atento al <strong>\u00edbice espa\u00f1ol y al \u00e1guila real<\/strong>.<\/p>\n<p><!-- \/divi:paragraph --><\/p>\n<p><!-- divi:heading --><\/p>\n<h2 class=\"wp-block-heading\"><strong>4.<\/strong><a href=\"https:\/\/www.malaga.es\/en\/turismo\/naturaleza\"><strong>  Parque Natural de Montes de M\u00e1laga \u2013 Justo a las afueras de la ciudad<\/strong><\/a><\/h2>\n<p><!-- \/divi:heading --><\/p>\n<p><!-- divi:paragraph --><\/p>\n<p><!-- \/divi:paragraph --><\/p>\n<p><!-- divi:list --><\/p>\n<ul class=\"wp-block-list\"><!-- divi:list-item --><\/p>\n<li><strong>Dificultad: F\u00e1cil<\/strong> a moderada<\/li>\n<p><!-- \/divi:list-item --><\/p>\n<p><!-- divi:list-item --><\/p>\n<li><strong>Distancia<\/strong>: 5-15 km (varios senderos)<\/li>\n<p><!-- \/divi:list-item --><\/p>\n<p><!-- divi:list-item --><\/p>\n<li><strong>Tiempo estimado<\/strong>: 1,5-5 horas<\/li>\n<p><!-- \/divi:list-item --><\/p>\n<p><!-- divi:list-item --><\/p>\n<li><strong>Lo mejor para<\/strong>: Amantes de la naturaleza y quienes se alojan en M\u00e1laga<\/li>\n<p><!-- \/divi:list-item --><\/ul>\n<p><!-- \/divi:list --><\/p>\n<p><!-- divi:paragraph --><\/p>\n<p>Situado <strong>a solo 20 minutos de la ciudad de M\u00e1laga,<\/strong> este parque ofrece <strong>senderos boscosos con cruces de r\u00edos, cascadas y zonas tranquilas para picnic<\/strong>. Es la escapatoria perfecta para quienes quieren un respiro de la bulliciosa ciudad. <strong>Propina:<\/strong> Prepara un picnic y disfruta de los <strong>miradores<\/strong> que dominan la costa de M\u00e1laga. <\/p>\n<p><!-- \/divi:paragraph --><\/p>\n<p><!-- divi:heading --><\/p>\n<h2 class=\"wp-block-heading\"><strong>5.<\/strong><a href=\"https:\/\/www.andalucia.org\/en\/nature\/routes\/rio-chillar-nerja\"><strong>  Rio Chillar \u2013 Un refrescante paseo por el r\u00edo<\/strong><\/a><\/h2>\n<p><!-- \/divi:heading --><\/p>\n<p><!-- divi:list --><\/p>\n<ul class=\"wp-block-list\"><!-- divi:list-item --><\/p>\n<li><strong>Dificultad<\/strong>: F\u00e1cil<\/li>\n<p><!-- \/divi:list-item --><\/p>\n<p><!-- divi:list-item --><\/p>\n<li><strong>Distancia<\/strong>: 8 km<\/li>\n<p><!-- \/divi:list-item --><\/p>\n<p><!-- divi:list-item --><\/p>\n<li><strong>Tiempo estimado<\/strong>: 3-4 horas<\/li>\n<p><!-- \/divi:list-item --><\/p>\n<p><!-- divi:list-item --><\/p>\n<li><strong>Lo mejor para<\/strong>: Familias y senderistas de verano<\/li>\n<p><!-- \/divi:list-item --><\/ul>\n<p><!-- \/divi:list --><\/p>\n<p><!-- divi:paragraph --><\/p>\n<p>Este <strong>sendero \u00fanico<\/strong> en <strong>Nerja<\/strong> te lleva por un <strong>r\u00edo poco profundo<\/strong>, lo que lo convierte en la <strong>ruta perfecta para el verano<\/strong>. Camina por <strong>aguas frescas, vegetaci\u00f3n exuberante y pozas de roca<\/strong>, y disfruta de un descanso refrescante en lugares naturales para nadar en el camino. <strong>Propina:<\/strong> Ponte zapatos de agua, ya que caminar\u00e1s por el r\u00edo durante la mayor parte del sendero. <\/p>\n<p><!-- \/divi:paragraph --><\/p>\n<p><!-- divi:heading --><\/p>\n<h2 class=\"wp-block-heading\"><strong>6.<\/strong><a href=\"https:\/\/www.andalucia.org\/en\/nature\/routes\/sendero-acantilados\"><strong>  Sendero de los Acantilados \u2013 Ruta costera esc\u00e9nica<\/strong><\/a><\/h2>\n<p><!-- \/divi:heading --><\/p>\n<p><!-- divi:list --><\/p>\n<ul class=\"wp-block-list\"><!-- divi:list-item --><\/p>\n<li><strong>Dificultad<\/strong>: Moderada<\/li>\n<p><!-- \/divi:list-item --><\/p>\n<p><!-- divi:list-item --><\/p>\n<li><strong>Distancia<\/strong>: 6 km<\/li>\n<p><!-- \/divi:list-item --><\/p>\n<p><!-- divi:list-item --><\/p>\n<li><strong>Tiempo estimado<\/strong>: 2 horas<\/li>\n<p><!-- \/divi:list-item --><\/p>\n<p><!-- divi:list-item --><\/p>\n<li><strong>Lo mejor para<\/strong>: vistas al oc\u00e9ano y amantes de la fotograf\u00eda<\/li>\n<p><!-- \/divi:list-item --><\/ul>\n<p><!-- \/divi:list --><\/p>\n<p><!-- divi:paragraph --><\/p>\n<p>Este sendero costero cerca <strong>de Marbella<\/strong> ofrece <strong>vistas impresionantes del Mediterr\u00e1neo<\/strong>. Pasear\u00e1s por acantilados, playas y calas ocultas, lo que la convierte en una de las <strong>rutas m\u00e1s pintorescas de la Costa del Sol<\/strong>. <strong>Propina:<\/strong> Lleva una c\u00e1mara: este sendero ofrece algunas de las mejores <strong>vistas de atardecer<\/strong> de la regi\u00f3n. <\/p>\n<p><!-- \/divi:paragraph --><\/p>\n<p><!-- divi:heading --><\/p>\n<h2 class=\"wp-block-heading\"><strong>Mejor \u00e9poca para hacer senderismo en la Costa del Sol<\/strong><\/h2>\n<p><!-- \/divi:heading --><\/p>\n<p><!-- divi:list --><\/p>\n<ul class=\"wp-block-list\"><!-- divi:list-item --><\/p>\n<li><strong>Primavera (marzo-mayo):<\/strong> La mejor \u00e9poca para flores silvestres y temperaturas agradables.<\/li>\n<p><!-- \/divi:list-item --><\/p>\n<p><!-- divi:list-item --><\/p>\n<li><strong>Oto\u00f1o (septiembre-noviembre)<\/strong> \u2013 Buen tiempo y menos turistas.<\/li>\n<p><!-- \/divi:list-item --><\/p>\n<p><!-- divi:list-item --><\/p>\n<li><strong>Invierno (diciembre-febrero)<\/strong> \u2013 Perfecto para rutas de monta\u00f1a, con cielos despejados y temperaturas frescas.<\/li>\n<p><!-- \/divi:list-item --><\/p>\n<p><!-- divi:list-item --><\/p>\n<li><strong>Verano (junio-agosto)<\/strong> \u2013 Las rutas de senderismo costeras y fluviales son lo mejor para mantenerse fresco. Evita el sol del mediod\u00eda. <\/li>\n<p><!-- \/divi:list-item --><\/ul>\n<p><!-- \/divi:list --><\/p>\n<p><!-- divi:separator --><\/p>\n<hr class=\"wp-block-separator has-alpha-channel-opacity\">\n<!-- \/divi:separator --><\/p>\n<p><!-- divi:heading --><\/p>\n<h2 class=\"wp-block-heading\"><strong>Consejos esenciales para senderismo<\/strong><\/h2>\n<p><!-- \/divi:heading --><\/p>\n<p><!-- divi:list --><\/p>\n<ul class=\"wp-block-list\"><!-- divi:list-item --><\/p>\n<li><strong>Lleva calzado adecuado<\/strong> \u2013 Algunos senderos son rocosos y empinados.<\/li>\n<p><!-- \/divi:list-item --><\/p>\n<p><!-- divi:list-item --><\/p>\n<li><strong>Consulta el tiempo<\/strong> \u2013 El verano puede ser muy caluroso, as\u00ed que evita hacer senderismo a mediod\u00eda.<\/li>\n<p><!-- \/divi:list-item --><\/p>\n<p><!-- divi:list-item --><\/p>\n<li><strong>Lleva suficiente agua<\/strong> , especialmente para senderos largos como La Concha.<\/li>\n<p><!-- \/divi:list-item --><\/p>\n<p><!-- divi:list-item --><\/p>\n<li><strong>Respeta la naturaleza<\/strong> \u2013 Mantente en los caminos se\u00f1alizados y evita tirar basura.<\/li>\n<p><!-- \/divi:list-item --><\/ul>\n<p><!-- \/divi:list --><\/p>\n<p><!-- divi:separator --><\/p>\n<hr class=\"wp-block-separator has-alpha-channel-opacity\">\n<!-- \/divi:separator --><\/p>\n<p><!-- divi:heading --><\/p>\n<h2 class=\"wp-block-heading\"><strong>Reflexiones finales<\/strong><\/h2>\n<p><!-- \/divi:heading --><\/p>\n<p><!-- divi:paragraph --><\/p>\n<p>Hacer senderismo por la Costa del Sol es una forma incre\u00edble de explorar <strong>la belleza natural e historia de Espa\u00f1a<\/strong>. Ya sea paseando por desfiladeros espectaculares, escalando picos pintorescos o descubriendo playas ocultas, <strong>hay un sendero para todos<\/strong>. <\/p>\n<p><!-- \/divi:paragraph -->[\/et_pb_text][\/et_pb_column]<br \/>\n\t\t\t[\/et_pb_row]<br \/>\n\t\t[\/et_pb_section]<\/p>\n","protected":false},"excerpt":{"rendered":"<p>La Costa del Sol es famosa por sus playas y ciudades vibrantes, pero tambi\u00e9n alberga algunos de los senderos de senderismo m\u00e1s impresionantes de Espa\u00f1a. Desde paseos costeros con impresionantes vistas al mar hasta senderos monta\u00f1osos llenos de monumentos hist\u00f3ricos, esta regi\u00f3n ofrece algo para cada senderista. Tanto si buscas una ruta desafiante como una [&hellip;]<\/p>\n","protected":false},"author":3,"featured_media":18811968,"comment_status":"closed","ping_status":"open","sticky":false,"template":"","format":"standard","meta":{"_et_pb_use_builder":"on","_et_pb_old_content":"","_et_gb_content_width":"","footnotes":""},"categories":[164],"tags":[],"dipi_cpt_category":[],"class_list":["post-18811972","post","type-post","status-publish","format-standard","has-post-thumbnail","hentry","category-naturaleza-y-actividades-al-aire-libre"],"yoast_head":"<!-- This site is optimized with the Yoast SEO plugin v25.8 - https:\/\/yoast.com\/wordpress\/plugins\/seo\/ -->\n<title>Los mejores senderos de la Costa del Sol | Naturaleza e Historia<\/title>\n<meta name=\"description\" content=\"Explora los mejores senderos de la Costa del Sol, desde senderos costeros hasta rutas hist\u00f3ricas interiores. Naturaleza, vistas y experiencias al aire libre.\" \/>\n<meta name=\"robots\" content=\"index, follow, max-snippet:-1, max-image-preview:large, max-video-preview:-1\" \/>\n<link rel=\"canonical\" href=\"https:\/\/alamocostadelsol.com\/es\/news\/las-mejores-rutas-de-senderismo-en-la-costa-del-sol-explora-la-naturaleza-y-la-historia\" \/>\n<meta property=\"og:locale\" content=\"es_ES\" \/>\n<meta property=\"og:type\" content=\"article\" \/>\n<meta property=\"og:title\" content=\"Los mejores senderos de la Costa del Sol | Naturaleza e Historia\" \/>\n<meta property=\"og:description\" content=\"Explora los mejores senderos de la Costa del Sol, desde senderos costeros hasta rutas hist\u00f3ricas interiores. Naturaleza, vistas y experiencias al aire libre.\" \/>\n<meta property=\"og:url\" content=\"https:\/\/alamocostadelsol.com\/es\/news\/las-mejores-rutas-de-senderismo-en-la-costa-del-sol-explora-la-naturaleza-y-la-historia\" \/>\n<meta property=\"og:site_name\" content=\"Alamo - makes your dream come true at costa del sol\" \/>\n<meta property=\"article:publisher\" content=\"https:\/\/www.facebook.com\/alamocostadelsol\" \/>\n<meta property=\"article:published_time\" content=\"2025-06-16T10:00:00+00:00\" \/>\n<meta property=\"article:modified_time\" content=\"2026-01-13T13:50:55+00:00\" \/>\n<meta property=\"og:image\" content=\"https:\/\/alamocostadelsol.com\/wp-content\/uploads\/2025\/06\/pexels-hans-verhulst-525083593-19245378-scaled.jpg\" \/>\n\t<meta property=\"og:image:width\" content=\"2560\" \/>\n\t<meta property=\"og:image:height\" content=\"1706\" \/>\n\t<meta property=\"og:image:type\" content=\"image\/jpeg\" \/>\n<meta name=\"author\" content=\"Per Lindqvist\" \/>\n<meta name=\"twitter:card\" content=\"summary_large_image\" \/>\n<meta name=\"twitter:label1\" content=\"Escrito por\" \/>\n\t<meta name=\"twitter:data1\" content=\"Per Lindqvist\" \/>\n\t<meta name=\"twitter:label2\" content=\"Tiempo de lectura\" \/>\n\t<meta name=\"twitter:data2\" content=\"5 minutos\" \/>\n<script type=\"application\/ld+json\" class=\"yoast-schema-graph\">{\"@context\":\"https:\/\/schema.org\",\"@graph\":[{\"@type\":\"Article\",\"@id\":\"https:\/\/alamocostadelsol.com\/es\/news\/las-mejores-rutas-de-senderismo-en-la-costa-del-sol-explora-la-naturaleza-y-la-historia#article\",\"isPartOf\":{\"@id\":\"https:\/\/alamocostadelsol.com\/es\/news\/las-mejores-rutas-de-senderismo-en-la-costa-del-sol-explora-la-naturaleza-y-la-historia\"},\"author\":{\"name\":\"Per Lindqvist\",\"@id\":\"https:\/\/alamocostadelsol.com\/es#\/schema\/person\/514c5d82ea0741b520c03d28d1ff1a7a\"},\"headline\":\"Mejores senderos de senderismo en la Costa del Sol: Explora la naturaleza y la historia\",\"datePublished\":\"2025-06-16T10:00:00+00:00\",\"dateModified\":\"2026-01-13T13:50:55+00:00\",\"mainEntityOfPage\":{\"@id\":\"https:\/\/alamocostadelsol.com\/es\/news\/las-mejores-rutas-de-senderismo-en-la-costa-del-sol-explora-la-naturaleza-y-la-historia\"},\"wordCount\":993,\"publisher\":{\"@id\":\"https:\/\/alamocostadelsol.com\/es#organization\"},\"image\":{\"@id\":\"https:\/\/alamocostadelsol.com\/es\/news\/las-mejores-rutas-de-senderismo-en-la-costa-del-sol-explora-la-naturaleza-y-la-historia#primaryimage\"},\"thumbnailUrl\":\"https:\/\/alamocostadelsol.com\/wp-content\/uploads\/2025\/06\/pexels-hans-verhulst-525083593-19245378-scaled.jpg\",\"articleSection\":[\"Naturaleza y actividades al aire libre\"],\"inLanguage\":\"es\"},{\"@type\":\"WebPage\",\"@id\":\"https:\/\/alamocostadelsol.com\/es\/news\/las-mejores-rutas-de-senderismo-en-la-costa-del-sol-explora-la-naturaleza-y-la-historia\",\"url\":\"https:\/\/alamocostadelsol.com\/es\/news\/las-mejores-rutas-de-senderismo-en-la-costa-del-sol-explora-la-naturaleza-y-la-historia\",\"name\":\"Los mejores senderos de la Costa del Sol | Naturaleza e Historia\",\"isPartOf\":{\"@id\":\"https:\/\/alamocostadelsol.com\/es#website\"},\"primaryImageOfPage\":{\"@id\":\"https:\/\/alamocostadelsol.com\/es\/news\/las-mejores-rutas-de-senderismo-en-la-costa-del-sol-explora-la-naturaleza-y-la-historia#primaryimage\"},\"image\":{\"@id\":\"https:\/\/alamocostadelsol.com\/es\/news\/las-mejores-rutas-de-senderismo-en-la-costa-del-sol-explora-la-naturaleza-y-la-historia#primaryimage\"},\"thumbnailUrl\":\"https:\/\/alamocostadelsol.com\/wp-content\/uploads\/2025\/06\/pexels-hans-verhulst-525083593-19245378-scaled.jpg\",\"datePublished\":\"2025-06-16T10:00:00+00:00\",\"dateModified\":\"2026-01-13T13:50:55+00:00\",\"description\":\"Explora los mejores senderos de la Costa del Sol, desde senderos costeros hasta rutas hist\u00f3ricas interiores. Naturaleza, vistas y experiencias al aire libre.\",\"breadcrumb\":{\"@id\":\"https:\/\/alamocostadelsol.com\/es\/news\/las-mejores-rutas-de-senderismo-en-la-costa-del-sol-explora-la-naturaleza-y-la-historia#breadcrumb\"},\"inLanguage\":\"es\",\"potentialAction\":[{\"@type\":\"ReadAction\",\"target\":[\"https:\/\/alamocostadelsol.com\/es\/news\/las-mejores-rutas-de-senderismo-en-la-costa-del-sol-explora-la-naturaleza-y-la-historia\"]}]},{\"@type\":\"ImageObject\",\"inLanguage\":\"es\",\"@id\":\"https:\/\/alamocostadelsol.com\/es\/news\/las-mejores-rutas-de-senderismo-en-la-costa-del-sol-explora-la-naturaleza-y-la-historia#primaryimage\",\"url\":\"https:\/\/alamocostadelsol.com\/wp-content\/uploads\/2025\/06\/pexels-hans-verhulst-525083593-19245378-scaled.jpg\",\"contentUrl\":\"https:\/\/alamocostadelsol.com\/wp-content\/uploads\/2025\/06\/pexels-hans-verhulst-525083593-19245378-scaled.jpg\",\"width\":2560,\"height\":1706,\"caption\":\"A narrow walkway clinging to the steep rock face of a deep gorge, with hikers walking along the wooden path suspended high above the river below, surrounded by dramatic cliffs and rugged mountain scenery.\"},{\"@type\":\"BreadcrumbList\",\"@id\":\"https:\/\/alamocostadelsol.com\/es\/news\/las-mejores-rutas-de-senderismo-en-la-costa-del-sol-explora-la-naturaleza-y-la-historia#breadcrumb\",\"itemListElement\":[{\"@type\":\"ListItem\",\"position\":1,\"name\":\"Home\",\"item\":\"https:\/\/alamocostadelsol.com\/es\"},{\"@type\":\"ListItem\",\"position\":2,\"name\":\"Mejores senderos de senderismo en la Costa del Sol: Explora la naturaleza y la historia\"}]},{\"@type\":\"WebSite\",\"@id\":\"https:\/\/alamocostadelsol.com\/es#website\",\"url\":\"https:\/\/alamocostadelsol.com\/es\",\"name\":\"Alamo - makes your dream come true at costa del sol\",\"description\":\"\",\"publisher\":{\"@id\":\"https:\/\/alamocostadelsol.com\/es#organization\"},\"potentialAction\":[{\"@type\":\"SearchAction\",\"target\":{\"@type\":\"EntryPoint\",\"urlTemplate\":\"https:\/\/alamocostadelsol.com\/es?s={search_term_string}\"},\"query-input\":{\"@type\":\"PropertyValueSpecification\",\"valueRequired\":true,\"valueName\":\"search_term_string\"}}],\"inLanguage\":\"es\"},{\"@type\":\"Organization\",\"@id\":\"https:\/\/alamocostadelsol.com\/es#organization\",\"name\":\"Alamo - makes your dream come true at costa del sol\",\"url\":\"https:\/\/alamocostadelsol.com\/es\",\"logo\":{\"@type\":\"ImageObject\",\"inLanguage\":\"es\",\"@id\":\"https:\/\/alamocostadelsol.com\/es#\/schema\/logo\/image\/\",\"url\":\"https:\/\/alamocostadelsol.com\/wp-content\/uploads\/2024\/05\/alamo-costa-del-sol-logotype.png\",\"contentUrl\":\"https:\/\/alamocostadelsol.com\/wp-content\/uploads\/2024\/05\/alamo-costa-del-sol-logotype.png\",\"width\":773,\"height\":170,\"caption\":\"Alamo - makes your dream come true at costa del sol\"},\"image\":{\"@id\":\"https:\/\/alamocostadelsol.com\/es#\/schema\/logo\/image\/\"},\"sameAs\":[\"https:\/\/www.facebook.com\/alamocostadelsol\",\"https:\/\/www.instagram.com\/alamocostadelsol\/\"]},{\"@type\":\"Person\",\"@id\":\"https:\/\/alamocostadelsol.com\/es#\/schema\/person\/514c5d82ea0741b520c03d28d1ff1a7a\",\"name\":\"Per Lindqvist\",\"image\":{\"@type\":\"ImageObject\",\"inLanguage\":\"es\",\"@id\":\"https:\/\/alamocostadelsol.com\/es#\/schema\/person\/image\/\",\"url\":\"https:\/\/secure.gravatar.com\/avatar\/7c3165414ae570a298d212f36baf0d9ab74e0d0fae19acbc9eed18656ed49770?s=96&d=mm&r=g\",\"contentUrl\":\"https:\/\/secure.gravatar.com\/avatar\/7c3165414ae570a298d212f36baf0d9ab74e0d0fae19acbc9eed18656ed49770?s=96&d=mm&r=g\",\"caption\":\"Per Lindqvist\"},\"url\":\"https:\/\/alamocostadelsol.com\/es\/news\/author\/peli\"}]}<\/script>\n<!-- \/ Yoast SEO plugin. -->","yoast_head_json":{"title":"Los mejores senderos de la Costa del Sol | Naturaleza e Historia","description":"Explora los mejores senderos de la Costa del Sol, desde senderos costeros hasta rutas hist\u00f3ricas interiores. Naturaleza, vistas y experiencias al aire libre.","robots":{"index":"index","follow":"follow","max-snippet":"max-snippet:-1","max-image-preview":"max-image-preview:large","max-video-preview":"max-video-preview:-1"},"canonical":"https:\/\/alamocostadelsol.com\/es\/news\/las-mejores-rutas-de-senderismo-en-la-costa-del-sol-explora-la-naturaleza-y-la-historia","og_locale":"es_ES","og_type":"article","og_title":"Los mejores senderos de la Costa del Sol | Naturaleza e Historia","og_description":"Explora los mejores senderos de la Costa del Sol, desde senderos costeros hasta rutas hist\u00f3ricas interiores. Naturaleza, vistas y experiencias al aire libre.","og_url":"https:\/\/alamocostadelsol.com\/es\/news\/las-mejores-rutas-de-senderismo-en-la-costa-del-sol-explora-la-naturaleza-y-la-historia","og_site_name":"Alamo - makes your dream come true at costa del sol","article_publisher":"https:\/\/www.facebook.com\/alamocostadelsol","article_published_time":"2025-06-16T10:00:00+00:00","article_modified_time":"2026-01-13T13:50:55+00:00","og_image":[{"width":2560,"height":1706,"url":"https:\/\/alamocostadelsol.com\/wp-content\/uploads\/2025\/06\/pexels-hans-verhulst-525083593-19245378-scaled.jpg","type":"image\/jpeg"}],"author":"Per Lindqvist","twitter_card":"summary_large_image","twitter_misc":{"Escrito por":"Per Lindqvist","Tiempo de lectura":"5 minutos"},"schema":{"@context":"https:\/\/schema.org","@graph":[{"@type":"Article","@id":"https:\/\/alamocostadelsol.com\/es\/news\/las-mejores-rutas-de-senderismo-en-la-costa-del-sol-explora-la-naturaleza-y-la-historia#article","isPartOf":{"@id":"https:\/\/alamocostadelsol.com\/es\/news\/las-mejores-rutas-de-senderismo-en-la-costa-del-sol-explora-la-naturaleza-y-la-historia"},"author":{"name":"Per Lindqvist","@id":"https:\/\/alamocostadelsol.com\/es#\/schema\/person\/514c5d82ea0741b520c03d28d1ff1a7a"},"headline":"Mejores senderos de senderismo en la Costa del Sol: Explora la naturaleza y la historia","datePublished":"2025-06-16T10:00:00+00:00","dateModified":"2026-01-13T13:50:55+00:00","mainEntityOfPage":{"@id":"https:\/\/alamocostadelsol.com\/es\/news\/las-mejores-rutas-de-senderismo-en-la-costa-del-sol-explora-la-naturaleza-y-la-historia"},"wordCount":993,"publisher":{"@id":"https:\/\/alamocostadelsol.com\/es#organization"},"image":{"@id":"https:\/\/alamocostadelsol.com\/es\/news\/las-mejores-rutas-de-senderismo-en-la-costa-del-sol-explora-la-naturaleza-y-la-historia#primaryimage"},"thumbnailUrl":"https:\/\/alamocostadelsol.com\/wp-content\/uploads\/2025\/06\/pexels-hans-verhulst-525083593-19245378-scaled.jpg","articleSection":["Naturaleza y actividades al aire libre"],"inLanguage":"es"},{"@type":"WebPage","@id":"https:\/\/alamocostadelsol.com\/es\/news\/las-mejores-rutas-de-senderismo-en-la-costa-del-sol-explora-la-naturaleza-y-la-historia","url":"https:\/\/alamocostadelsol.com\/es\/news\/las-mejores-rutas-de-senderismo-en-la-costa-del-sol-explora-la-naturaleza-y-la-historia","name":"Los mejores senderos de la Costa del Sol | Naturaleza e Historia","isPartOf":{"@id":"https:\/\/alamocostadelsol.com\/es#website"},"primaryImageOfPage":{"@id":"https:\/\/alamocostadelsol.com\/es\/news\/las-mejores-rutas-de-senderismo-en-la-costa-del-sol-explora-la-naturaleza-y-la-historia#primaryimage"},"image":{"@id":"https:\/\/alamocostadelsol.com\/es\/news\/las-mejores-rutas-de-senderismo-en-la-costa-del-sol-explora-la-naturaleza-y-la-historia#primaryimage"},"thumbnailUrl":"https:\/\/alamocostadelsol.com\/wp-content\/uploads\/2025\/06\/pexels-hans-verhulst-525083593-19245378-scaled.jpg","datePublished":"2025-06-16T10:00:00+00:00","dateModified":"2026-01-13T13:50:55+00:00","description":"Explora los mejores senderos de la Costa del Sol, desde senderos costeros hasta rutas hist\u00f3ricas interiores. Naturaleza, vistas y experiencias al aire libre.","breadcrumb":{"@id":"https:\/\/alamocostadelsol.com\/es\/news\/las-mejores-rutas-de-senderismo-en-la-costa-del-sol-explora-la-naturaleza-y-la-historia#breadcrumb"},"inLanguage":"es","potentialAction":[{"@type":"ReadAction","target":["https:\/\/alamocostadelsol.com\/es\/news\/las-mejores-rutas-de-senderismo-en-la-costa-del-sol-explora-la-naturaleza-y-la-historia"]}]},{"@type":"ImageObject","inLanguage":"es","@id":"https:\/\/alamocostadelsol.com\/es\/news\/las-mejores-rutas-de-senderismo-en-la-costa-del-sol-explora-la-naturaleza-y-la-historia#primaryimage","url":"https:\/\/alamocostadelsol.com\/wp-content\/uploads\/2025\/06\/pexels-hans-verhulst-525083593-19245378-scaled.jpg","contentUrl":"https:\/\/alamocostadelsol.com\/wp-content\/uploads\/2025\/06\/pexels-hans-verhulst-525083593-19245378-scaled.jpg","width":2560,"height":1706,"caption":"A narrow walkway clinging to the steep rock face of a deep gorge, with hikers walking along the wooden path suspended high above the river below, surrounded by dramatic cliffs and rugged mountain scenery."},{"@type":"BreadcrumbList","@id":"https:\/\/alamocostadelsol.com\/es\/news\/las-mejores-rutas-de-senderismo-en-la-costa-del-sol-explora-la-naturaleza-y-la-historia#breadcrumb","itemListElement":[{"@type":"ListItem","position":1,"name":"Home","item":"https:\/\/alamocostadelsol.com\/es"},{"@type":"ListItem","position":2,"name":"Mejores senderos de senderismo en la Costa del Sol: Explora la naturaleza y la historia"}]},{"@type":"WebSite","@id":"https:\/\/alamocostadelsol.com\/es#website","url":"https:\/\/alamocostadelsol.com\/es","name":"Alamo - makes your dream come true at costa del sol","description":"","publisher":{"@id":"https:\/\/alamocostadelsol.com\/es#organization"},"potentialAction":[{"@type":"SearchAction","target":{"@type":"EntryPoint","urlTemplate":"https:\/\/alamocostadelsol.com\/es?s={search_term_string}"},"query-input":{"@type":"PropertyValueSpecification","valueRequired":true,"valueName":"search_term_string"}}],"inLanguage":"es"},{"@type":"Organization","@id":"https:\/\/alamocostadelsol.com\/es#organization","name":"Alamo - makes your dream come true at costa del sol","url":"https:\/\/alamocostadelsol.com\/es","logo":{"@type":"ImageObject","inLanguage":"es","@id":"https:\/\/alamocostadelsol.com\/es#\/schema\/logo\/image\/","url":"https:\/\/alamocostadelsol.com\/wp-content\/uploads\/2024\/05\/alamo-costa-del-sol-logotype.png","contentUrl":"https:\/\/alamocostadelsol.com\/wp-content\/uploads\/2024\/05\/alamo-costa-del-sol-logotype.png","width":773,"height":170,"caption":"Alamo - makes your dream come true at costa del sol"},"image":{"@id":"https:\/\/alamocostadelsol.com\/es#\/schema\/logo\/image\/"},"sameAs":["https:\/\/www.facebook.com\/alamocostadelsol","https:\/\/www.instagram.com\/alamocostadelsol\/"]},{"@type":"Person","@id":"https:\/\/alamocostadelsol.com\/es#\/schema\/person\/514c5d82ea0741b520c03d28d1ff1a7a","name":"Per Lindqvist","image":{"@type":"ImageObject","inLanguage":"es","@id":"https:\/\/alamocostadelsol.com\/es#\/schema\/person\/image\/","url":"https:\/\/secure.gravatar.com\/avatar\/7c3165414ae570a298d212f36baf0d9ab74e0d0fae19acbc9eed18656ed49770?s=96&d=mm&r=g","contentUrl":"https:\/\/secure.gravatar.com\/avatar\/7c3165414ae570a298d212f36baf0d9ab74e0d0fae19acbc9eed18656ed49770?s=96&d=mm&r=g","caption":"Per Lindqvist"},"url":"https:\/\/alamocostadelsol.com\/es\/news\/author\/peli"}]}},"_links":{"self":[{"href":"https:\/\/alamocostadelsol.com\/es\/wp-json\/wp\/v2\/posts\/18811972","targetHints":{"allow":["GET"]}}],"collection":[{"href":"https:\/\/alamocostadelsol.com\/es\/wp-json\/wp\/v2\/posts"}],"about":[{"href":"https:\/\/alamocostadelsol.com\/es\/wp-json\/wp\/v2\/types\/post"}],"author":[{"embeddable":true,"href":"https:\/\/alamocostadelsol.com\/es\/wp-json\/wp\/v2\/users\/3"}],"replies":[{"embeddable":true,"href":"https:\/\/alamocostadelsol.com\/es\/wp-json\/wp\/v2\/comments?post=18811972"}],"version-history":[{"count":3,"href":"https:\/\/alamocostadelsol.com\/es\/wp-json\/wp\/v2\/posts\/18811972\/revisions"}],"predecessor-version":[{"id":18815147,"href":"https:\/\/alamocostadelsol.com\/es\/wp-json\/wp\/v2\/posts\/18811972\/revisions\/18815147"}],"wp:featuredmedia":[{"embeddable":true,"href":"https:\/\/alamocostadelsol.com\/es\/wp-json\/wp\/v2\/media\/18811968"}],"wp:attachment":[{"href":"https:\/\/alamocostadelsol.com\/es\/wp-json\/wp\/v2\/media?parent=18811972"}],"wp:term":[{"taxonomy":"category","embeddable":true,"href":"https:\/\/alamocostadelsol.com\/es\/wp-json\/wp\/v2\/categories?post=18811972"},{"taxonomy":"post_tag","embeddable":true,"href":"https:\/\/alamocostadelsol.com\/es\/wp-json\/wp\/v2\/tags?post=18811972"},{"taxonomy":"dipi_cpt_category","embeddable":true,"href":"https:\/\/alamocostadelsol.com\/es\/wp-json\/wp\/v2\/dipi_cpt_category?post=18811972"}],"curies":[{"name":"wp","href":"https:\/\/api.w.org\/{rel}","templated":true}]}}