{"id":18813152,"date":"2025-07-28T16:19:14","date_gmt":"2025-07-28T14:19:14","guid":{"rendered":"https:\/\/alamocostadelsol.com\/news\/wie-sich-die-immobilienpreise-in-spanien-veraendern-einblicke-fuer-kaeufer-und-verkaeufer"},"modified":"2026-01-13T14:49:41","modified_gmt":"2026-01-13T13:49:41","slug":"wie-sich-die-immobilienpreise-in-spanien-veraendern-einblicke-fuer-kaeufer-und-verkaeufer","status":"publish","type":"post","link":"https:\/\/alamocostadelsol.com\/de\/news\/wie-sich-die-immobilienpreise-in-spanien-veraendern-einblicke-fuer-kaeufer-und-verkaeufer","title":{"rendered":"Wie sich die Immobilienpreise in Spanien ver\u00e4ndern \u2013 Einblicke f\u00fcr K\u00e4ufer und Verk\u00e4ufer"},"content":{"rendered":"\n<p>Der spanische Immobilienmarkt entwickelt sich st\u00e4ndig weiter, und es ist f\u00fcr jeden, der einen Kauf, Verkauf oder eine Investition plant, \u00fcber die Preisentwicklung auf dem Laufenden zu bleiben, unerl\u00e4sslich. In den letzten Monaten sind die Immobilienpreise in vielen Regionen stetig gestiegen, wobei Hotspots wie die Costa del Sol, Madrid und Barcelona weiterhin eine starke Nachfrage anziehen. <\/p>\n\n<p>F\u00fcr Hausbesitzer bedeutet dies zu verstehen, wie der Wert ihrer Immobilie steigen kann. F\u00fcr K\u00e4ufer unterstreicht dies, wie wichtig das Timing und die Wahl des richtigen Standorts sind. Unabh\u00e4ngig davon, ob Sie einen Zweitwohnsitz, eine Ferienwohnung oder eine als Finanzinvestition gehaltene Immobilie in Betracht ziehen, ist das Verfolgen von Marktdaten der erste Schritt, um eine kluge Entscheidung zu treffen.  <\/p>\n\n<h3 class=\"wp-block-heading\">Warum Sie Immobilienpreisberichten folgen sollten<\/h3>\n\n<p>Immobilienpreisberichte helfen Ihnen:<\/p>\n\n<ul class=\"wp-block-list\">\n<li><strong>Sehen Sie, wo die Preise steigen oder sich stabilisieren<\/strong><\/li>\n\n\n\n<li><strong>Verstehen Sie regionale Unterschiede<\/strong> zwischen K\u00fcstengebieten, Gro\u00dfst\u00e4dten und St\u00e4dten im Landesinneren<\/li>\n\n\n\n<li><strong>Erkennen Sie Investitionsm\u00f6glichkeiten<\/strong> in aufstrebenden Vierteln<\/li>\n\n\n\n<li><strong>Planen Sie Ihre Immobilientransaktion<\/strong> mit zuverl\u00e4ssigen Daten<\/li>\n<\/ul>\n\n<p>Idealista, eines der gr\u00f6\u00dften Immobilienportale Spaniens, bietet <strong>monatliche Immobilienpreisaktualisierungen<\/strong> f\u00fcr das gesamte Land. Ihre Berichte bieten einen klaren \u00dcberblick dar\u00fcber, wie sich der Markt bewegt und was in naher Zukunft zu erwarten ist. <\/p>\n\n<h3 class=\"wp-block-heading\">Die neuesten Trends auf einen Blick<\/h3>\n\n<p>Die neuesten Daten von Idealista best\u00e4tigen, dass <strong>die Nachfrage nach wie vor stark<\/strong> ist, insbesondere in Gebieten, die bei internationalen K\u00e4ufern beliebt sind. K\u00fcstenregionen wie die Costa del Sol verzeichnen weiterhin Interesse von nordeurop\u00e4ischen Kunden, w\u00e4hrend st\u00e4dtische Zentren aufgrund des begrenzten Angebots ein stetiges Wachstum aufweisen. <\/p>\n\n<p>Wir haben unten einen <strong>Schnappschuss aus dem neuesten Bericht<\/strong> hinzugef\u00fcgt, damit Sie die aktuelle Situation leicht \u00fcberpr\u00fcfen k\u00f6nnen.<\/p>\n\n<figure class=\"wp-block-image size-large\"><img decoding=\"async\" width=\"1024\" height=\"589\" data-src=\"https:\/\/alamocostadelsol.com\/wp-content\/uploads\/2025\/07\/Capture-1024x589.png\" alt=\"Wachstum des Immobilienmarktes in Spanien\" class=\"wp-image-18813135 lazyload\" data-srcset=\"https:\/\/alamocostadelsol.com\/wp-content\/uploads\/2025\/07\/Capture-1024x589.png 1024w, https:\/\/alamocostadelsol.com\/wp-content\/uploads\/2025\/07\/Capture-980x564.png 980w, https:\/\/alamocostadelsol.com\/wp-content\/uploads\/2025\/07\/Capture-480x276.png 480w\" data-sizes=\"(min-width: 0px) and (max-width: 480px) 480px, (min-width: 481px) and (max-width: 980px) 980px, (min-width: 981px) 1024px, 100vw\" src=\"data:image\/svg+xml;base64,PHN2ZyB3aWR0aD0iMSIgaGVpZ2h0PSIxIiB4bWxucz0iaHR0cDovL3d3dy53My5vcmcvMjAwMC9zdmciPjwvc3ZnPg==\" style=\"--smush-placeholder-width: 1024px; --smush-placeholder-aspect-ratio: 1024\/589;\" \/><\/figure>\n\n<h3 class=\"wp-block-heading\">Detaillierte Zahlen und interaktive Grafiken finden Sie auf der offiziellen Idealista-Seite:<br\/>\ud83d\udc49 <a class=\"\" href=\"https:\/\/www.idealista.com\/en\/press-room\/property-price-reports\/\">\u00dcberpr\u00fcfen Sie den aktuellen Immobilienpreisbericht auf Idealista<\/a><\/h3>\n\n<p><\/p>\n\n<h3 class=\"wp-block-heading\">Denken Sie dar\u00fcber nach, an der Costa del Sol zu kaufen oder zu verkaufen?<\/h3>\n\n<p>Bei <strong>Alamo Costa del Sol<\/strong> beobachten wir diese Marktver\u00e4nderungen genau, um unseren Kunden die beste Beratung zu bieten.<\/p>\n\n<ul class=\"wp-block-list\">\n<li>M\u00f6chten Sie <strong>Ihre Immobilie verkaufen<\/strong>? Wir helfen Ihnen, den richtigen Preis festzulegen und ernsthafte K\u00e4ufer zu gewinnen. <\/li>\n\n\n\n<li>Auf der Suche nach <strong>Investitionsm\u00f6glichkeiten<\/strong>? Unsere Experten wissen, wo sie suchen m\u00fcssen. <\/li>\n<\/ul>\n\n<p>\ud83d\udce9 <strong>Kontaktieren Sie uns noch heute<\/strong> und lassen Sie sich von uns durch den Prozess f\u00fchren.<\/p>\n","protected":false},"excerpt":{"rendered":"<p>Der spanische Immobilienmarkt entwickelt sich st\u00e4ndig weiter, und es ist f\u00fcr jeden, der einen Kauf, Verkauf oder eine Investition plant, \u00fcber die Preisentwicklung auf dem Laufenden zu bleiben, unerl\u00e4sslich. In den letzten Monaten sind die Immobilienpreise in vielen Regionen stetig gestiegen, wobei Hotspots wie die Costa del Sol, Madrid und Barcelona weiterhin eine starke Nachfrage [&hellip;]<\/p>\n","protected":false},"author":3,"featured_media":18813144,"comment_status":"closed","ping_status":"open","sticky":false,"template":"","format":"standard","meta":{"_et_pb_use_builder":"off","_et_pb_old_content":"","_et_gb_content_width":"","footnotes":""},"categories":[95,96],"tags":[],"dipi_cpt_category":[],"class_list":["post-18813152","post","type-post","status-publish","format-standard","has-post-thumbnail","hentry","category-immobilien-investitionen","category-markttrends-einblicke"],"yoast_head":"<!-- This site is optimized with the Yoast SEO plugin v25.8 - https:\/\/yoast.com\/wordpress\/plugins\/seo\/ -->\n<title>Immobilienpreise in Spanien: Trends f\u00fcr K\u00e4ufer und Verk\u00e4ufer | Alamo<\/title>\n<meta name=\"description\" content=\"Entdecken Sie, wie sich die Immobilienpreise in Spanien ver\u00e4ndern, was den Markt antreibt und was K\u00e4ufer und Verk\u00e4ufer in den kommenden Jahren erwarten sollten.\" \/>\n<meta name=\"robots\" content=\"index, follow, max-snippet:-1, max-image-preview:large, max-video-preview:-1\" \/>\n<link rel=\"canonical\" href=\"https:\/\/alamocostadelsol.com\/de\/news\/wie-sich-die-immobilienpreise-in-spanien-veraendern-einblicke-fuer-kaeufer-und-verkaeufer\" \/>\n<meta property=\"og:locale\" content=\"de_DE\" \/>\n<meta property=\"og:type\" content=\"article\" \/>\n<meta property=\"og:title\" content=\"Immobilienpreise in Spanien: Trends f\u00fcr K\u00e4ufer und Verk\u00e4ufer | Alamo\" \/>\n<meta property=\"og:description\" content=\"Entdecken Sie, wie sich die Immobilienpreise in Spanien ver\u00e4ndern, was den Markt antreibt und was K\u00e4ufer und Verk\u00e4ufer in den kommenden Jahren erwarten sollten.\" \/>\n<meta property=\"og:url\" content=\"https:\/\/alamocostadelsol.com\/de\/news\/wie-sich-die-immobilienpreise-in-spanien-veraendern-einblicke-fuer-kaeufer-und-verkaeufer\" \/>\n<meta property=\"og:site_name\" content=\"Alamo - makes your dream come true at costa del sol\" \/>\n<meta property=\"article:publisher\" content=\"https:\/\/www.facebook.com\/alamocostadelsol\" \/>\n<meta property=\"article:published_time\" content=\"2025-07-28T14:19:14+00:00\" \/>\n<meta property=\"article:modified_time\" content=\"2026-01-13T13:49:41+00:00\" \/>\n<meta property=\"og:image\" content=\"https:\/\/alamocostadelsol.com\/wp-content\/uploads\/2025\/07\/willian-justen-de-vasconcellos-7vKP5BAm8wg-unsplash-scaled.jpg\" \/>\n\t<meta property=\"og:image:width\" content=\"2560\" \/>\n\t<meta property=\"og:image:height\" content=\"1707\" \/>\n\t<meta property=\"og:image:type\" content=\"image\/jpeg\" \/>\n<meta name=\"author\" content=\"Per Lindqvist\" \/>\n<meta name=\"twitter:card\" content=\"summary_large_image\" \/>\n<meta name=\"twitter:label1\" content=\"Verfasst von\" \/>\n\t<meta name=\"twitter:data1\" content=\"Per Lindqvist\" \/>\n\t<meta name=\"twitter:label2\" content=\"Gesch\u00e4tzte Lesezeit\" \/>\n\t<meta name=\"twitter:data2\" content=\"2\u00a0Minuten\" \/>\n<script type=\"application\/ld+json\" class=\"yoast-schema-graph\">{\"@context\":\"https:\/\/schema.org\",\"@graph\":[{\"@type\":\"Article\",\"@id\":\"https:\/\/alamocostadelsol.com\/de\/news\/wie-sich-die-immobilienpreise-in-spanien-veraendern-einblicke-fuer-kaeufer-und-verkaeufer#article\",\"isPartOf\":{\"@id\":\"https:\/\/alamocostadelsol.com\/de\/news\/wie-sich-die-immobilienpreise-in-spanien-veraendern-einblicke-fuer-kaeufer-und-verkaeufer\"},\"author\":{\"name\":\"Per Lindqvist\",\"@id\":\"https:\/\/alamocostadelsol.com\/de#\/schema\/person\/514c5d82ea0741b520c03d28d1ff1a7a\"},\"headline\":\"Wie sich die Immobilienpreise in Spanien ver\u00e4ndern \u2013 Einblicke f\u00fcr K\u00e4ufer und Verk\u00e4ufer\",\"datePublished\":\"2025-07-28T14:19:14+00:00\",\"dateModified\":\"2026-01-13T13:49:41+00:00\",\"mainEntityOfPage\":{\"@id\":\"https:\/\/alamocostadelsol.com\/de\/news\/wie-sich-die-immobilienpreise-in-spanien-veraendern-einblicke-fuer-kaeufer-und-verkaeufer\"},\"wordCount\":402,\"publisher\":{\"@id\":\"https:\/\/alamocostadelsol.com\/de#organization\"},\"image\":{\"@id\":\"https:\/\/alamocostadelsol.com\/de\/news\/wie-sich-die-immobilienpreise-in-spanien-veraendern-einblicke-fuer-kaeufer-und-verkaeufer#primaryimage\"},\"thumbnailUrl\":\"https:\/\/alamocostadelsol.com\/wp-content\/uploads\/2025\/07\/willian-justen-de-vasconcellos-7vKP5BAm8wg-unsplash-scaled.jpg\",\"articleSection\":[\"Immobilien &amp; Investitionen\",\"Markttrends &amp; Einblicke\"],\"inLanguage\":\"de\"},{\"@type\":\"WebPage\",\"@id\":\"https:\/\/alamocostadelsol.com\/de\/news\/wie-sich-die-immobilienpreise-in-spanien-veraendern-einblicke-fuer-kaeufer-und-verkaeufer\",\"url\":\"https:\/\/alamocostadelsol.com\/de\/news\/wie-sich-die-immobilienpreise-in-spanien-veraendern-einblicke-fuer-kaeufer-und-verkaeufer\",\"name\":\"Immobilienpreise in Spanien: Trends f\u00fcr K\u00e4ufer und Verk\u00e4ufer | Alamo\",\"isPartOf\":{\"@id\":\"https:\/\/alamocostadelsol.com\/de#website\"},\"primaryImageOfPage\":{\"@id\":\"https:\/\/alamocostadelsol.com\/de\/news\/wie-sich-die-immobilienpreise-in-spanien-veraendern-einblicke-fuer-kaeufer-und-verkaeufer#primaryimage\"},\"image\":{\"@id\":\"https:\/\/alamocostadelsol.com\/de\/news\/wie-sich-die-immobilienpreise-in-spanien-veraendern-einblicke-fuer-kaeufer-und-verkaeufer#primaryimage\"},\"thumbnailUrl\":\"https:\/\/alamocostadelsol.com\/wp-content\/uploads\/2025\/07\/willian-justen-de-vasconcellos-7vKP5BAm8wg-unsplash-scaled.jpg\",\"datePublished\":\"2025-07-28T14:19:14+00:00\",\"dateModified\":\"2026-01-13T13:49:41+00:00\",\"description\":\"Entdecken Sie, wie sich die Immobilienpreise in Spanien ver\u00e4ndern, was den Markt antreibt und was K\u00e4ufer und Verk\u00e4ufer in den kommenden Jahren erwarten sollten.\",\"breadcrumb\":{\"@id\":\"https:\/\/alamocostadelsol.com\/de\/news\/wie-sich-die-immobilienpreise-in-spanien-veraendern-einblicke-fuer-kaeufer-und-verkaeufer#breadcrumb\"},\"inLanguage\":\"de\",\"potentialAction\":[{\"@type\":\"ReadAction\",\"target\":[\"https:\/\/alamocostadelsol.com\/de\/news\/wie-sich-die-immobilienpreise-in-spanien-veraendern-einblicke-fuer-kaeufer-und-verkaeufer\"]}]},{\"@type\":\"ImageObject\",\"inLanguage\":\"de\",\"@id\":\"https:\/\/alamocostadelsol.com\/de\/news\/wie-sich-die-immobilienpreise-in-spanien-veraendern-einblicke-fuer-kaeufer-und-verkaeufer#primaryimage\",\"url\":\"https:\/\/alamocostadelsol.com\/wp-content\/uploads\/2025\/07\/willian-justen-de-vasconcellos-7vKP5BAm8wg-unsplash-scaled.jpg\",\"contentUrl\":\"https:\/\/alamocostadelsol.com\/wp-content\/uploads\/2025\/07\/willian-justen-de-vasconcellos-7vKP5BAm8wg-unsplash-scaled.jpg\",\"width\":2560,\"height\":1707,\"caption\":\"Property market trends and prices in Spain\"},{\"@type\":\"BreadcrumbList\",\"@id\":\"https:\/\/alamocostadelsol.com\/de\/news\/wie-sich-die-immobilienpreise-in-spanien-veraendern-einblicke-fuer-kaeufer-und-verkaeufer#breadcrumb\",\"itemListElement\":[{\"@type\":\"ListItem\",\"position\":1,\"name\":\"Home\",\"item\":\"https:\/\/alamocostadelsol.com\/de\"},{\"@type\":\"ListItem\",\"position\":2,\"name\":\"Wie sich die Immobilienpreise in Spanien ver\u00e4ndern \u2013 Einblicke f\u00fcr K\u00e4ufer und Verk\u00e4ufer\"}]},{\"@type\":\"WebSite\",\"@id\":\"https:\/\/alamocostadelsol.com\/de#website\",\"url\":\"https:\/\/alamocostadelsol.com\/de\",\"name\":\"Alamo - makes your dream come true at costa del sol\",\"description\":\"\",\"publisher\":{\"@id\":\"https:\/\/alamocostadelsol.com\/de#organization\"},\"potentialAction\":[{\"@type\":\"SearchAction\",\"target\":{\"@type\":\"EntryPoint\",\"urlTemplate\":\"https:\/\/alamocostadelsol.com\/de?s={search_term_string}\"},\"query-input\":{\"@type\":\"PropertyValueSpecification\",\"valueRequired\":true,\"valueName\":\"search_term_string\"}}],\"inLanguage\":\"de\"},{\"@type\":\"Organization\",\"@id\":\"https:\/\/alamocostadelsol.com\/de#organization\",\"name\":\"Alamo - makes your dream come true at costa del sol\",\"url\":\"https:\/\/alamocostadelsol.com\/de\",\"logo\":{\"@type\":\"ImageObject\",\"inLanguage\":\"de\",\"@id\":\"https:\/\/alamocostadelsol.com\/de#\/schema\/logo\/image\/\",\"url\":\"https:\/\/alamocostadelsol.com\/wp-content\/uploads\/2024\/05\/alamo-costa-del-sol-logotype.png\",\"contentUrl\":\"https:\/\/alamocostadelsol.com\/wp-content\/uploads\/2024\/05\/alamo-costa-del-sol-logotype.png\",\"width\":773,\"height\":170,\"caption\":\"Alamo - makes your dream come true at costa del sol\"},\"image\":{\"@id\":\"https:\/\/alamocostadelsol.com\/de#\/schema\/logo\/image\/\"},\"sameAs\":[\"https:\/\/www.facebook.com\/alamocostadelsol\",\"https:\/\/www.instagram.com\/alamocostadelsol\/\"]},{\"@type\":\"Person\",\"@id\":\"https:\/\/alamocostadelsol.com\/de#\/schema\/person\/514c5d82ea0741b520c03d28d1ff1a7a\",\"name\":\"Per Lindqvist\",\"image\":{\"@type\":\"ImageObject\",\"inLanguage\":\"de\",\"@id\":\"https:\/\/alamocostadelsol.com\/de#\/schema\/person\/image\/\",\"url\":\"https:\/\/secure.gravatar.com\/avatar\/7c3165414ae570a298d212f36baf0d9ab74e0d0fae19acbc9eed18656ed49770?s=96&d=mm&r=g\",\"contentUrl\":\"https:\/\/secure.gravatar.com\/avatar\/7c3165414ae570a298d212f36baf0d9ab74e0d0fae19acbc9eed18656ed49770?s=96&d=mm&r=g\",\"caption\":\"Per Lindqvist\"},\"url\":\"https:\/\/alamocostadelsol.com\/de\/news\/author\/peli\"}]}<\/script>\n<!-- \/ Yoast SEO plugin. -->","yoast_head_json":{"title":"Immobilienpreise in Spanien: Trends f\u00fcr K\u00e4ufer und Verk\u00e4ufer | Alamo","description":"Entdecken Sie, wie sich die Immobilienpreise in Spanien ver\u00e4ndern, was den Markt antreibt und was K\u00e4ufer und Verk\u00e4ufer in den kommenden Jahren erwarten sollten.","robots":{"index":"index","follow":"follow","max-snippet":"max-snippet:-1","max-image-preview":"max-image-preview:large","max-video-preview":"max-video-preview:-1"},"canonical":"https:\/\/alamocostadelsol.com\/de\/news\/wie-sich-die-immobilienpreise-in-spanien-veraendern-einblicke-fuer-kaeufer-und-verkaeufer","og_locale":"de_DE","og_type":"article","og_title":"Immobilienpreise in Spanien: Trends f\u00fcr K\u00e4ufer und Verk\u00e4ufer | Alamo","og_description":"Entdecken Sie, wie sich die Immobilienpreise in Spanien ver\u00e4ndern, was den Markt antreibt und was K\u00e4ufer und Verk\u00e4ufer in den kommenden Jahren erwarten sollten.","og_url":"https:\/\/alamocostadelsol.com\/de\/news\/wie-sich-die-immobilienpreise-in-spanien-veraendern-einblicke-fuer-kaeufer-und-verkaeufer","og_site_name":"Alamo - makes your dream come true at costa del sol","article_publisher":"https:\/\/www.facebook.com\/alamocostadelsol","article_published_time":"2025-07-28T14:19:14+00:00","article_modified_time":"2026-01-13T13:49:41+00:00","og_image":[{"width":2560,"height":1707,"url":"https:\/\/alamocostadelsol.com\/wp-content\/uploads\/2025\/07\/willian-justen-de-vasconcellos-7vKP5BAm8wg-unsplash-scaled.jpg","type":"image\/jpeg"}],"author":"Per Lindqvist","twitter_card":"summary_large_image","twitter_misc":{"Verfasst von":"Per Lindqvist","Gesch\u00e4tzte Lesezeit":"2\u00a0Minuten"},"schema":{"@context":"https:\/\/schema.org","@graph":[{"@type":"Article","@id":"https:\/\/alamocostadelsol.com\/de\/news\/wie-sich-die-immobilienpreise-in-spanien-veraendern-einblicke-fuer-kaeufer-und-verkaeufer#article","isPartOf":{"@id":"https:\/\/alamocostadelsol.com\/de\/news\/wie-sich-die-immobilienpreise-in-spanien-veraendern-einblicke-fuer-kaeufer-und-verkaeufer"},"author":{"name":"Per Lindqvist","@id":"https:\/\/alamocostadelsol.com\/de#\/schema\/person\/514c5d82ea0741b520c03d28d1ff1a7a"},"headline":"Wie sich die Immobilienpreise in Spanien ver\u00e4ndern \u2013 Einblicke f\u00fcr K\u00e4ufer und Verk\u00e4ufer","datePublished":"2025-07-28T14:19:14+00:00","dateModified":"2026-01-13T13:49:41+00:00","mainEntityOfPage":{"@id":"https:\/\/alamocostadelsol.com\/de\/news\/wie-sich-die-immobilienpreise-in-spanien-veraendern-einblicke-fuer-kaeufer-und-verkaeufer"},"wordCount":402,"publisher":{"@id":"https:\/\/alamocostadelsol.com\/de#organization"},"image":{"@id":"https:\/\/alamocostadelsol.com\/de\/news\/wie-sich-die-immobilienpreise-in-spanien-veraendern-einblicke-fuer-kaeufer-und-verkaeufer#primaryimage"},"thumbnailUrl":"https:\/\/alamocostadelsol.com\/wp-content\/uploads\/2025\/07\/willian-justen-de-vasconcellos-7vKP5BAm8wg-unsplash-scaled.jpg","articleSection":["Immobilien &amp; Investitionen","Markttrends &amp; Einblicke"],"inLanguage":"de"},{"@type":"WebPage","@id":"https:\/\/alamocostadelsol.com\/de\/news\/wie-sich-die-immobilienpreise-in-spanien-veraendern-einblicke-fuer-kaeufer-und-verkaeufer","url":"https:\/\/alamocostadelsol.com\/de\/news\/wie-sich-die-immobilienpreise-in-spanien-veraendern-einblicke-fuer-kaeufer-und-verkaeufer","name":"Immobilienpreise in Spanien: Trends f\u00fcr K\u00e4ufer und Verk\u00e4ufer | Alamo","isPartOf":{"@id":"https:\/\/alamocostadelsol.com\/de#website"},"primaryImageOfPage":{"@id":"https:\/\/alamocostadelsol.com\/de\/news\/wie-sich-die-immobilienpreise-in-spanien-veraendern-einblicke-fuer-kaeufer-und-verkaeufer#primaryimage"},"image":{"@id":"https:\/\/alamocostadelsol.com\/de\/news\/wie-sich-die-immobilienpreise-in-spanien-veraendern-einblicke-fuer-kaeufer-und-verkaeufer#primaryimage"},"thumbnailUrl":"https:\/\/alamocostadelsol.com\/wp-content\/uploads\/2025\/07\/willian-justen-de-vasconcellos-7vKP5BAm8wg-unsplash-scaled.jpg","datePublished":"2025-07-28T14:19:14+00:00","dateModified":"2026-01-13T13:49:41+00:00","description":"Entdecken Sie, wie sich die Immobilienpreise in Spanien ver\u00e4ndern, was den Markt antreibt und was K\u00e4ufer und Verk\u00e4ufer in den kommenden Jahren erwarten sollten.","breadcrumb":{"@id":"https:\/\/alamocostadelsol.com\/de\/news\/wie-sich-die-immobilienpreise-in-spanien-veraendern-einblicke-fuer-kaeufer-und-verkaeufer#breadcrumb"},"inLanguage":"de","potentialAction":[{"@type":"ReadAction","target":["https:\/\/alamocostadelsol.com\/de\/news\/wie-sich-die-immobilienpreise-in-spanien-veraendern-einblicke-fuer-kaeufer-und-verkaeufer"]}]},{"@type":"ImageObject","inLanguage":"de","@id":"https:\/\/alamocostadelsol.com\/de\/news\/wie-sich-die-immobilienpreise-in-spanien-veraendern-einblicke-fuer-kaeufer-und-verkaeufer#primaryimage","url":"https:\/\/alamocostadelsol.com\/wp-content\/uploads\/2025\/07\/willian-justen-de-vasconcellos-7vKP5BAm8wg-unsplash-scaled.jpg","contentUrl":"https:\/\/alamocostadelsol.com\/wp-content\/uploads\/2025\/07\/willian-justen-de-vasconcellos-7vKP5BAm8wg-unsplash-scaled.jpg","width":2560,"height":1707,"caption":"Property market trends and prices in Spain"},{"@type":"BreadcrumbList","@id":"https:\/\/alamocostadelsol.com\/de\/news\/wie-sich-die-immobilienpreise-in-spanien-veraendern-einblicke-fuer-kaeufer-und-verkaeufer#breadcrumb","itemListElement":[{"@type":"ListItem","position":1,"name":"Home","item":"https:\/\/alamocostadelsol.com\/de"},{"@type":"ListItem","position":2,"name":"Wie sich die Immobilienpreise in Spanien ver\u00e4ndern \u2013 Einblicke f\u00fcr K\u00e4ufer und Verk\u00e4ufer"}]},{"@type":"WebSite","@id":"https:\/\/alamocostadelsol.com\/de#website","url":"https:\/\/alamocostadelsol.com\/de","name":"Alamo - makes your dream come true at costa del sol","description":"","publisher":{"@id":"https:\/\/alamocostadelsol.com\/de#organization"},"potentialAction":[{"@type":"SearchAction","target":{"@type":"EntryPoint","urlTemplate":"https:\/\/alamocostadelsol.com\/de?s={search_term_string}"},"query-input":{"@type":"PropertyValueSpecification","valueRequired":true,"valueName":"search_term_string"}}],"inLanguage":"de"},{"@type":"Organization","@id":"https:\/\/alamocostadelsol.com\/de#organization","name":"Alamo - makes your dream come true at costa del sol","url":"https:\/\/alamocostadelsol.com\/de","logo":{"@type":"ImageObject","inLanguage":"de","@id":"https:\/\/alamocostadelsol.com\/de#\/schema\/logo\/image\/","url":"https:\/\/alamocostadelsol.com\/wp-content\/uploads\/2024\/05\/alamo-costa-del-sol-logotype.png","contentUrl":"https:\/\/alamocostadelsol.com\/wp-content\/uploads\/2024\/05\/alamo-costa-del-sol-logotype.png","width":773,"height":170,"caption":"Alamo - makes your dream come true at costa del sol"},"image":{"@id":"https:\/\/alamocostadelsol.com\/de#\/schema\/logo\/image\/"},"sameAs":["https:\/\/www.facebook.com\/alamocostadelsol","https:\/\/www.instagram.com\/alamocostadelsol\/"]},{"@type":"Person","@id":"https:\/\/alamocostadelsol.com\/de#\/schema\/person\/514c5d82ea0741b520c03d28d1ff1a7a","name":"Per Lindqvist","image":{"@type":"ImageObject","inLanguage":"de","@id":"https:\/\/alamocostadelsol.com\/de#\/schema\/person\/image\/","url":"https:\/\/secure.gravatar.com\/avatar\/7c3165414ae570a298d212f36baf0d9ab74e0d0fae19acbc9eed18656ed49770?s=96&d=mm&r=g","contentUrl":"https:\/\/secure.gravatar.com\/avatar\/7c3165414ae570a298d212f36baf0d9ab74e0d0fae19acbc9eed18656ed49770?s=96&d=mm&r=g","caption":"Per Lindqvist"},"url":"https:\/\/alamocostadelsol.com\/de\/news\/author\/peli"}]}},"_links":{"self":[{"href":"https:\/\/alamocostadelsol.com\/de\/wp-json\/wp\/v2\/posts\/18813152","targetHints":{"allow":["GET"]}}],"collection":[{"href":"https:\/\/alamocostadelsol.com\/de\/wp-json\/wp\/v2\/posts"}],"about":[{"href":"https:\/\/alamocostadelsol.com\/de\/wp-json\/wp\/v2\/types\/post"}],"author":[{"embeddable":true,"href":"https:\/\/alamocostadelsol.com\/de\/wp-json\/wp\/v2\/users\/3"}],"replies":[{"embeddable":true,"href":"https:\/\/alamocostadelsol.com\/de\/wp-json\/wp\/v2\/comments?post=18813152"}],"version-history":[{"count":2,"href":"https:\/\/alamocostadelsol.com\/de\/wp-json\/wp\/v2\/posts\/18813152\/revisions"}],"predecessor-version":[{"id":18815016,"href":"https:\/\/alamocostadelsol.com\/de\/wp-json\/wp\/v2\/posts\/18813152\/revisions\/18815016"}],"wp:featuredmedia":[{"embeddable":true,"href":"https:\/\/alamocostadelsol.com\/de\/wp-json\/wp\/v2\/media\/18813144"}],"wp:attachment":[{"href":"https:\/\/alamocostadelsol.com\/de\/wp-json\/wp\/v2\/media?parent=18813152"}],"wp:term":[{"taxonomy":"category","embeddable":true,"href":"https:\/\/alamocostadelsol.com\/de\/wp-json\/wp\/v2\/categories?post=18813152"},{"taxonomy":"post_tag","embeddable":true,"href":"https:\/\/alamocostadelsol.com\/de\/wp-json\/wp\/v2\/tags?post=18813152"},{"taxonomy":"dipi_cpt_category","embeddable":true,"href":"https:\/\/alamocostadelsol.com\/de\/wp-json\/wp\/v2\/dipi_cpt_category?post=18813152"}],"curies":[{"name":"wp","href":"https:\/\/api.w.org\/{rel}","templated":true}]}}