{"id":18812413,"date":"2024-12-19T12:20:50","date_gmt":"2024-12-19T11:20:50","guid":{"rendered":"https:\/\/alamocostadelsol.com\/news\/wie-feiern-die-spanier-weihnachten"},"modified":"2026-01-13T14:50:36","modified_gmt":"2026-01-13T13:50:36","slug":"wie-feiern-die-spanier-weihnachten","status":"publish","type":"post","link":"https:\/\/alamocostadelsol.com\/de\/news\/wie-feiern-die-spanier-weihnachten","title":{"rendered":"Wie feiern die Spanier Weihnachten?"},"content":{"rendered":"<p>[et_pb_section admin_label=&#8220;section&#8220;]<br \/>\n\t\t\t[et_pb_row admin_label=&#8220;rudern&#8220;]<br \/>\n\t\t\t\t[et_pb_column type=&#8220;4_4&#8243;][et_pb_text admin_label=&#8220;Text&#8220;]<!-- divi:paragraph --><\/p>\n<p>Wir alle haben unsere eigenen Traditionen, wie wir <strong>Weihnachten<\/strong> feiern. In einigen L\u00e4ndern werden die Geschenke am Abend des 24. <sup> <\/sup>des Dezembers, w\u00e4hrend andere Familien sich am Morgen des 25. um den Baum versammeln<sup>. <\/sup>Einige L\u00e4nder essen Hering, w\u00e4hrend andere einen Truthahn zubereiten. Die Definition einer Tradition ist ein System von \u00dcberzeugungen oder Verhaltensweisen, die innerhalb einer Gruppe von Menschen oder einer Gesellschaft mit symbolischer Bedeutung oder besonderer Wichtigkeit weitergegeben werden und ihren Ursprung in der Vergangenheit haben. Daher k\u00f6nnen sie so alt sein, wie unser Ged\u00e4chtnis \u00fcber Generationen hinweg reicht. Wenn Sie neugierig sind, wie die Traditionen und Feste in Spanien funktionieren, dann lesen Sie weiter.     <\/p>\n<p><!-- \/divi:paragraph --><\/p>\n<p><!-- divi:image {\"id\":2682,\"sizeSlug\":\"large\",\"linkDestination\":\"none\"} --><\/p>\n<figure class=\"wp-block-image size-large\"><img decoding=\"async\" width=\"1024\" height=\"683\" data-src=\"https:\/\/alamocostadelsol.com\/wp-content\/uploads\/2024\/12\/shutterstock_2089175341-1024x683.jpg\" alt=\"weihnachten spanien h\u00e4user markt\" class=\"wp-image-2682 lazyload\" data-srcset=\"https:\/\/alamocostadelsol.com\/wp-content\/uploads\/2024\/12\/shutterstock_2089175341-980x654.jpg 980w, https:\/\/alamocostadelsol.com\/wp-content\/uploads\/2024\/12\/shutterstock_2089175341-480x320.jpg 480w\" data-sizes=\"(min-width: 0px) and (max-width: 480px) 480px, (min-width: 481px) and (max-width: 980px) 980px, (min-width: 981px) 1024px, 100vw\" src=\"data:image\/svg+xml;base64,PHN2ZyB3aWR0aD0iMSIgaGVpZ2h0PSIxIiB4bWxucz0iaHR0cDovL3d3dy53My5vcmcvMjAwMC9zdmciPjwvc3ZnPg==\" style=\"--smush-placeholder-width: 1024px; --smush-placeholder-aspect-ratio: 1024\/683;\" \/><figcaption class=\"wp-element-caption\">Weihnachtsmarkt in Spanien<\/figcaption><\/figure>\n<p><!-- \/divi:image --><\/p>\n<p><!-- divi:heading --><\/p>\n<h2 class=\"wp-block-heading\"><strong>Die Vorweihnachtszeit<\/strong>&nbsp;<\/h2>\n<p><!-- \/divi:heading --><\/p>\n<p><!-- divi:list --><\/p>\n<ul class=\"wp-block-list\"><!-- divi:list-item --><\/p>\n<li><strong>Dekorationen<\/strong>: <br \/>H\u00e4user, Stra\u00dfen und Gesch\u00e4fte werden mit Weihnachtsbeleuchtung, Kr\u00e4nzen, Girlanden und Weihnachtsb\u00e4umen geschm\u00fcckt. Traditionell wird alles w\u00e4hrend des langen Wochenendes des <strong>Nationalfeiertages zwischen dem 6. und<\/strong> 8. Dezember aufgebaut. In den spanischen H\u00e4usern haben die Darstellung der Geburt Jesu (in Spanien Port\u00e1l de Bel\u00e9n) und die Figuren der drei Weisen schon immer eine gr\u00f6\u00dfere Rolle gespielt. In den letzten Jahrzehnten ist jedoch auch der Weihnachtsmann in jedem Haus zu finden.     <\/li>\n<p><!-- \/divi:list-item --><\/ul>\n<p><!-- \/divi:list --><\/p>\n<p><!-- divi:list --><\/p>\n<ul class=\"wp-block-list\"><!-- divi:list-item --><\/p>\n<li><strong>Einkaufen &amp; Geschenkverpackung<\/strong>:&nbsp;<br \/>Menschen kaufen Geschenke f\u00fcr Freunde und Familie und wickeln sie oft in festliches Papier ein. Fr\u00fcher erhielten einfache Arbeiter von ihren Unternehmen einen Korb mit Leckereien, Wein und Speisen, der sich heute zur &#8222;<strong>Cesta de Navidad&#8220;<\/strong> entwickelt hat, einer Kiste mit traditionellen Getr\u00e4nken und Snacks. &nbsp;<\/li>\n<p><!-- \/divi:list-item --><\/ul>\n<p><!-- \/divi:list --><\/p>\n<p><!-- divi:list --><\/p>\n<ul class=\"wp-block-list\"><!-- divi:list-item --><\/p>\n<li><strong>Advent &amp; Kalender:<\/strong>&nbsp;<br \/>Viele Familien markieren die Tage vor Weihnachten mit Adventskalendern, Kerzen oder Kr\u00e4nzen. Und im ganzen Dezember gibt es viele Weihnachtsessen oder Abendessen mit Freunden, Arbeitskollegen usw. &nbsp;<\/li>\n<p><!-- \/divi:list-item --><\/ul>\n<p><!-- \/divi:list --><\/p>\n<p><!-- divi:heading --><\/p>\n<h2 class=\"wp-block-heading\"><strong>Heiligabend (24. Dezember)<\/strong>&nbsp;<\/h2>\n<p><!-- \/divi:heading --><\/p>\n<p><!-- divi:list --><\/p>\n<ul class=\"wp-block-list\"><!-- divi:list-item --><\/p>\n<li><strong>Familientreffen<\/strong>:&nbsp;<br \/>Familien kommen oft abends zu einem gro\u00dfen Essen zusammen.&nbsp;<br \/>In Spanien und anderen europ\u00e4ischen L\u00e4ndern ist dies der wichtigste Weihnachtstag mit einem besonderen Abendessen. Es ist Tradition, dass alle Mitglieder <strong>Weihnachtslieder (Villancicos) <\/strong><strong>singen<\/strong> und bis sp\u00e4t wach bleiben; manchmal besuchen sie andere Familienmitglieder in der N\u00e4he, um weiter zu singen und zu feiern. Fr\u00fcher, nach diesem gro\u00dfen Essen, gingen alle um Mitternacht zur besonderen Messe in die Kirche.  &nbsp;<\/li>\n<p><!-- \/divi:list-item --><\/ul>\n<p><!-- \/divi:list --><\/p>\n<p><!-- divi:list --><\/p>\n<ul class=\"wp-block-list\"><!-- divi:list-item --><\/p>\n<li><strong>Speisekarte<\/strong>: F\u00fcr spanische Familien muss ein gutes traditionelles Heiligabendessen Vorspeisen wie Meeresfr\u00fcchte, gep\u00f6kelten Schinken, gep\u00f6kelten K\u00e4sesorten und Croquets enthalten haben. Als Hauptgerichte hei\u00dfe <strong>Gem\u00fcsesuppe (Sopa de picadillo) <\/strong>und entweder Lamm, Bratferkel oder anderes schweres Fleisch. Typische S\u00fc\u00dfigkeiten sind Nougat und Karamell- oder Schokoladentabletten (Turr\u00f3n), <strong>Wein-Friedring (Rosquillos)<\/strong> und Trockenfr\u00fcchte, alle begleitet von einem starken Lik\u00f6r namens An\u00eds, um sich in der langen kalten Nacht aufzuw\u00e4rmen!  &nbsp;<\/li>\n<p><!-- \/divi:list-item --><\/p>\n<p><!-- divi:list-item --><\/p>\n<li><strong>Gottesdienste<\/strong>: <br \/>Mitternachtsmesse oder andere Gottesdienste sind f\u00fcr religi\u00f6se Familien \u00fcblich.&nbsp;<\/li>\n<p><!-- \/divi:list-item --><\/ul>\n<p><!-- \/divi:list --><\/p>\n<p><!-- divi:list --><\/p>\n<ul class=\"wp-block-list\"><!-- divi:list-item --><\/p>\n<li><strong>Geschenke<\/strong>: <br \/>In Spanien werden die Geschenke seit jeher am 6. Januar, dem Tag der Heiligen Drei K\u00f6nige, ausgetauscht. Aber seit der Weihnachtsmann in dieser Region bekannt geworden ist, bekommen vor allem Kinder auch an Heiligabend oder am ersten Weihnachtstag ein Geschenk.   <\/li>\n<p><!-- \/divi:list-item --><\/ul>\n<p><!-- \/divi:list --><\/p>\n<p><!-- divi:image {\"id\":2677,\"sizeSlug\":\"large\",\"linkDestination\":\"none\"} --><\/p>\n<figure class=\"wp-block-image size-large\"><img decoding=\"async\" width=\"1024\" height=\"683\" data-src=\"https:\/\/alamocostadelsol.com\/wp-content\/uploads\/2024\/12\/shutterstock_2235805585-1024x683.jpg\" alt=\"Rosca De Reyes\" class=\"wp-image-2677 lazyload\" data-srcset=\"https:\/\/alamocostadelsol.com\/wp-content\/uploads\/2024\/12\/shutterstock_2235805585-980x653.jpg 980w, https:\/\/alamocostadelsol.com\/wp-content\/uploads\/2024\/12\/shutterstock_2235805585-480x320.jpg 480w\" data-sizes=\"(min-width: 0px) and (max-width: 480px) 480px, (min-width: 481px) and (max-width: 980px) 980px, (min-width: 981px) 1024px, 100vw\" src=\"data:image\/svg+xml;base64,PHN2ZyB3aWR0aD0iMSIgaGVpZ2h0PSIxIiB4bWxucz0iaHR0cDovL3d3dy53My5vcmcvMjAwMC9zdmciPjwvc3ZnPg==\" style=\"--smush-placeholder-width: 1024px; --smush-placeholder-aspect-ratio: 1024\/683;\" \/><figcaption class=\"wp-element-caption\">Rosca De Reyes. Ein traditionelles Brot. <\/figcaption><\/figure>\n<p><!-- \/divi:image --><\/p>\n<p><!-- divi:heading --><\/p>\n<h2 class=\"wp-block-heading\"><strong>Weihnachtstag (25. Dezember)<\/strong>&nbsp;<\/h2>\n<p><!-- \/divi:heading --><\/p>\n<p><!-- divi:list --><\/p>\n<ul class=\"wp-block-list\"><!-- divi:list-item --><\/p>\n<li><strong>Morgentraditionen<\/strong>: <br \/>Kinder stehen fr\u00fch auf, um Geschenke zu \u00f6ffnen, die der Weihnachtsmann (oder der Weihnachtsmann) unter dem Baum hinterlassen hat <br \/>Einige Familien haben ein gro\u00dfes Fr\u00fchst\u00fcck, oft mit Gebakes oder festlichen Leckereien.&nbsp;<\/li>\n<p><!-- \/divi:list-item --><\/ul>\n<p><!-- \/divi:list --><\/p>\n<p><!-- divi:list --><\/p>\n<ul class=\"wp-block-list\"><!-- divi:list-item --><\/p>\n<li><strong>Festmahl<\/strong>:&nbsp;<br \/>Ein sp\u00e4tes Weihnachtsessen ist das Herzst\u00fcck des Tages. Einige bereiten mit den Resten einen Tisch vor (spanische Familien bereiten normalerweise viel Essen zu), und andere verbringen den Tag damit, andere Familienmitglieder zu besuchen, damit die Kinder ihre Geschenke abholen oder gemeinsam essen und weiter feiern. &nbsp;&nbsp;<\/li>\n<p><!-- \/divi:list-item --><\/ul>\n<p><!-- \/divi:list --><\/p>\n<p><!-- divi:list --><\/p>\n<ul class=\"wp-block-list\"><!-- divi:list-item --><\/p>\n<li><strong>Entspannen und Zusammengeh\u00f6rigkeit<\/strong>: <br \/>Familien spielen oft Brettspiele, schauen Weihnachtsfilme oder verbringen einfach Zeit zusammen.&nbsp;<\/li>\n<p><!-- \/divi:list-item --><\/ul>\n<p><!-- \/divi:list --><\/p>\n<p><!-- divi:heading --><\/p>\n<h2 class=\"wp-block-heading\"><strong>Silvester (31. Dezember)<\/strong>&nbsp;<\/h2>\n<p><!-- \/divi:heading --><\/p>\n<p><!-- divi:heading {\"level\":3} --><\/p>\n<h3 class=\"wp-block-heading\"><strong>Abendessen und Party<\/strong><\/h3>\n<p><!-- \/divi:heading --><\/p>\n<p><!-- divi:paragraph --><\/p>\n<p>Familien treffen sich zu einem weiteren gro\u00dfen Abendessen, \u00e4hnlich wie am Heiligabend. Die Mitglieder trugen ihre elegantesten Kleider und funkelnden, lustigen H\u00fcte und Tinsels. In Spanien ist Silvester voller einzigartiger Traditionen, die reich an Symbolik sind, um Gl\u00fcck, Liebe und Wohlstand f\u00fcr das kommende Jahr anzuziehen. Hier sind einige der beliebtesten:   &nbsp;<\/p>\n<p><!-- \/divi:paragraph --><\/p>\n<p><!-- divi:paragraph --><\/p>\n<p><strong>Die 12 Trauben&nbsp;<\/strong><\/p>\n<p><!-- \/divi:paragraph --><\/p>\n<p><!-- divi:paragraph --><\/p>\n<p>Wahrscheinlich die bekannteste Tradition. Wenn die 12 Mitternachtsschl\u00e4ge ert\u00f6nen, essen die Spanier mit jedem Glockenschlag eine Traube. Die Tradition besagt, dass man, wenn man alle rechtzeitig isst, 12 Monate Gl\u00fcck hat. Es ist ein Moment voller Lachen, hektischem Kauen und Witzen, weil immer jemand zur\u00fcckbleibt, besonders weil man eigentlich nur auf dem linken Fu\u00df stehen sollte, um buchst\u00e4blich ins neue Jahr zu treten, indem man auf den rechten Fu\u00df tritt.   &nbsp;<\/p>\n<p><!-- \/divi:paragraph --><\/p>\n<p><!-- divi:paragraph --><\/p>\n<p><strong>Toast mit Cava oder Champagner&nbsp;<\/strong><\/p>\n<p><!-- \/divi:paragraph --><\/p>\n<p><!-- divi:paragraph --><\/p>\n<p>Nach den Trauben sto\u00dft man mit einem Glas Cava (oder Champagner) an, um sich ein erfolgreiches neues Jahr zu w\u00fcnschen, ohne zu vergessen, einen goldenen Ring ins Glas zu legen, um Reichtum und Gl\u00fcck anzulocken!&nbsp;<\/p>\n<p><!-- \/divi:paragraph --><\/p>\n<p><!-- divi:paragraph --><\/p>\n<p><strong>Rote Unterw\u00e4sche&nbsp;<\/strong><\/p>\n<p><!-- \/divi:paragraph --><\/p>\n<p><!-- divi:paragraph --><\/p>\n<p>Es ist Tradition, an diesem Abend rote Unterw\u00e4sche zu tragen, da man glaubt, dass sie Gl\u00fcck und Liebe im neuen Jahr bringt. In der Regel ist es ein Geschenk von jemandem, der ihr nahesteht, was der Tradition eine besondere Note verleiht. &nbsp;<\/p>\n<p><!-- \/divi:paragraph --><\/p>\n<p><!-- divi:paragraph --><\/p>\n<p><strong>Feuerwerk und Partys&nbsp;<\/strong><\/p>\n<p><!-- \/divi:paragraph --><\/p>\n<p><!-- divi:paragraph --><\/p>\n<p>In vielen St\u00e4dten und Gemeinden gibt es nach Mitternacht Feuerwerksshows, um das neue Jahr mit Freude zu begr\u00fc\u00dfen. Es ist auch \u00fcblich, gro\u00dfe Partys und &#8222;Cotillones&#8220; zu besuchen, mit Musik, Kost\u00fcmen und Unterhaltung bis zum Morgengrauen. &nbsp;<\/p>\n<p><!-- \/divi:paragraph --><\/p>\n<p><!-- divi:paragraph --><\/p>\n<p><strong>Linsen essen am 1. Januar&nbsp;<\/strong><\/p>\n<p><!-- \/divi:paragraph --><\/p>\n<p><!-- divi:paragraph --><\/p>\n<p>Obwohl es nicht strikt eine Silvestertradition ist, ist es am 1. Januar in manchen Regionen \u00fcblich, ein Gericht mit Linsen zu essen. Man sagt, sie bringen Wohlstand und F\u00fclle im neuen Jahr, da Linsen M\u00fcnzen symbolisieren. &nbsp;<\/p>\n<p><!-- \/divi:paragraph --><\/p>\n<p><!-- divi:paragraph --><\/p>\n<p>Diese Traditionen verbinden Aberglauben, Humor und Spa\u00df und schaffen eine magische Atmosph\u00e4re, um das Jahr mit positiver Energie zu beginnen.&nbsp;<\/p>\n<p><!-- \/divi:paragraph --><\/p>\n<p><!-- divi:image {\"id\":2672,\"sizeSlug\":\"large\",\"linkDestination\":\"none\"} --><\/p>\n<figure class=\"wp-block-image size-large\"><img decoding=\"async\" width=\"1024\" height=\"683\" data-src=\"https:\/\/alamocostadelsol.com\/wp-content\/uploads\/2024\/12\/shutterstock_1867901623-1024x683.jpg\" alt=\"Gl\u00fcckliche Trauben\" class=\"wp-image-2672 lazyload\" data-srcset=\"https:\/\/alamocostadelsol.com\/wp-content\/uploads\/2024\/12\/shutterstock_1867901623-980x653.jpg 980w, https:\/\/alamocostadelsol.com\/wp-content\/uploads\/2024\/12\/shutterstock_1867901623-480x320.jpg 480w\" data-sizes=\"(min-width: 0px) and (max-width: 480px) 480px, (min-width: 481px) and (max-width: 980px) 980px, (min-width: 981px) 1024px, 100vw\" src=\"data:image\/svg+xml;base64,PHN2ZyB3aWR0aD0iMSIgaGVpZ2h0PSIxIiB4bWxucz0iaHR0cDovL3d3dy53My5vcmcvMjAwMC9zdmciPjwvc3ZnPg==\" style=\"--smush-placeholder-width: 1024px; --smush-placeholder-aspect-ratio: 1024\/683;\" \/><figcaption class=\"wp-element-caption\">Gl\u00fcckliche Trauben. Traditionell zur Feier der letzten Nacht des Jahres. <\/figcaption><\/figure>\n<p><!-- \/divi:image --><\/p>\n<p><!-- divi:heading --><\/p>\n<h2 class=\"wp-block-heading\"><strong>Drei K\u00f6nige&nbsp;<\/strong><\/h2>\n<p><!-- \/divi:heading --><\/p>\n<p><!-- divi:paragraph --><\/p>\n<p>In Spanien ist der Tag der<strong>Weisen K\u00f6nige (6. Januar) eine der beliebtesten Traditionen<\/strong>, besonders f\u00fcr Kinder. Es erinnert an den Tag, an dem die Drei Weisen (Melchior, Gaspar und Balthazar) nach Bethlehem kamen, um dem Jesuskind Geschenke zu bringen. Heute ist es die Zeit, in der viele Kinder ihre Weihnachtsgeschenke erhalten. So wird es gefeiert:   &nbsp;<\/p>\n<p><!-- \/divi:paragraph --><\/p>\n<p><!-- divi:paragraph --><\/p>\n<p><strong>Der Brief an die Drei K\u00f6nige&nbsp;<\/strong><\/p>\n<p><!-- \/divi:paragraph --><\/p>\n<p><!-- divi:paragraph --><\/p>\n<p>Wochen vor dem 6. Januar schreiben die Kinder einen Brief an die Drei K\u00f6nige, in dem sie ihnen mitteilen, ob sie sich das ganze Jahr \u00fcber brav verhalten haben, und listen die Geschenke auf, die sie gerne erhalten w\u00fcrden. Diese Briefe werden entweder in spezielle Briefk\u00e4sten gelegt oder direkt an die &#8222;k\u00f6niglichen Pages&#8220;, die Helfer der K\u00f6nige, \u00fcbergeben. &nbsp;<\/p>\n<p><!-- \/divi:paragraph --><\/p>\n<p><!-- divi:paragraph --><\/p>\n<p><strong>Die Parade der Drei K\u00f6nige (5. Januar)&nbsp;<\/strong><\/p>\n<p><!-- \/divi:paragraph --><\/p>\n<p><!-- divi:paragraph --><\/p>\n<p>Am Abend des 5. Januar findet die ber\u00fchmte Dreik\u00f6nigsparade statt. Diese magische und farbenfrohe Parade wird in St\u00e4dten und Gemeinden in ganz Spanien gefeiert, wo die Drei K\u00f6nige auf wundersch\u00f6n dekorierten Festwagen durch die Stra\u00dfen ziehen. &nbsp;<\/p>\n<p><!-- \/divi:paragraph --><\/p>\n<p><!-- divi:paragraph --><\/p>\n<p>Die K\u00f6nige werden von Seiten, Tieren und beliebten Comicfiguren begleitet.&nbsp;<\/p>\n<p><!-- \/divi:paragraph --><\/p>\n<p><!-- divi:paragraph --><\/p>\n<p>W\u00e4hrend der Parade werfen sie S\u00fc\u00dfigkeiten in die Menge, und Kinder sammeln sie aufgeregt ein.&nbsp;<\/p>\n<p><!-- \/divi:paragraph --><\/p>\n<p><!-- divi:paragraph --><\/p>\n<p>Es ist ein atemberaubendes Ereignis voller Lichter, Musik und Freude, das den Beginn der magischsten Nacht des Jahres markiert.&nbsp;<\/p>\n<p><!-- \/divi:paragraph --><\/p>\n<p><!-- divi:paragraph --><\/p>\n<p><strong>Vorbereitungen zu Hause (Nacht des 5. Januar)&nbsp;<\/strong><\/p>\n<p><!-- \/divi:paragraph --><\/p>\n<p><!-- divi:paragraph --><\/p>\n<p>In dieser Nacht lassen die Kinder ihre Schuhe an einem sichtbaren Ort zu Hause ab, zum Beispiel unter dem Kamin, dem Weihnachtsbaum oder am Fenster, damit die K\u00f6nige wissen, wo sie ihre Geschenke ablegen m\u00fcssen.&nbsp;<\/p>\n<p><!-- \/divi:paragraph --><\/p>\n<p><!-- divi:paragraph --><\/p>\n<p>Sie bereiten auch Snacks, Milch und Kekse f\u00fcr die K\u00f6nige sowie Wasser und Nahrung (wie Karotten) f\u00fcr ihre Kamele vor.&nbsp;<\/p>\n<p><!-- \/divi:paragraph --><\/p>\n<p><!-- divi:paragraph --><\/p>\n<p><strong>Tag der Drei Weisen (6. Januar)&nbsp;<\/strong><\/p>\n<p><!-- \/divi:paragraph --><\/p>\n<p><!-- divi:paragraph --><\/p>\n<p>Am Morgen des 6. Januar wachen die Kinder aufgeregt auf, als sie die Geschenke entdecken, die die K\u00f6nige hinter ihren Schuhen hinterlassen haben. Wenn sie unartig waren, k\u00f6nnten sie der Tradition nach Kohlebonbons bekommen (eine s\u00fc\u00dfe Leckerei, die wie Kohle aussieht). &nbsp;<\/p>\n<p><!-- \/divi:paragraph --><\/p>\n<p><!-- divi:paragraph --><\/p>\n<p>Der Tag ist gef\u00fcllt mit Familientreffen und Freude, w\u00e4hrend alle gemeinsam die Geschenke genie\u00dfen. <strong>Das wichtigste Gericht ist der &#8222;Rosc\u00f3n de Reyes&#8220; (K\u00f6nigskuchen),<\/strong> ein ringf\u00f6rmiger Kuchen, der mit kandierten Fr\u00fcchten dekoriert ist und die Juwelen auf den Kronen der K\u00f6nige symbolisieren. Im Inneren des Kuchens befinden sich zwei \u00dcberraschungen: eine kleine Figur eines K\u00f6nigs und eine getrocknete Bohne. Wer die Figur findet, wird f\u00fcr den Tag zum &#8222;K\u00f6nig&#8220; gekr\u00f6nt, und wer die Bohne findet, muss im n\u00e4chsten Jahr f\u00fcr den Kuchen bezahlen.  &nbsp;<\/p>\n<p><!-- \/divi:paragraph --><\/p>\n<p><!-- divi:paragraph --><\/p>\n<p><strong>Eine Familie und kulturelle Tradition&nbsp;<\/strong><\/p>\n<p><!-- \/divi:paragraph --><\/p>\n<p><!-- divi:paragraph --><\/p>\n<p>Obwohl der Weihnachtsmann in Spanien in den letzten Jahrzehnten an Beliebtheit gewonnen hat, bleiben die Drei Weisen K\u00f6nige f\u00fcr viele Familien die Hauptfiguren von Weihnachten. F\u00fcr Kinder ist es ein Tag voller Magie, und f\u00fcr Erwachsene ist es ein Moment, um gesch\u00e4tzte Traditionen zu teilen und zu bewahren, der das Ende der Weihnachtszeit markiert. &nbsp;<\/p>\n<p><!-- \/divi:paragraph -->[\/et_pb_text][\/et_pb_column]<br \/>\n\t\t\t[\/et_pb_row]<br \/>\n\t\t[\/et_pb_section]<\/p>\n","protected":false},"excerpt":{"rendered":"<p>Wir alle haben unsere eigenen Traditionen, wie wir Weihnachten feiern. In einigen L\u00e4ndern werden die Geschenke am Abend des 24. des Dezembers, w\u00e4hrend andere Familien sich am Morgen des 25. um den Baum versammeln. Einige L\u00e4nder essen Hering, w\u00e4hrend andere einen Truthahn zubereiten. Die Definition einer Tradition ist ein System von \u00dcberzeugungen oder Verhaltensweisen, die [&hellip;]<\/p>\n","protected":false},"author":3,"featured_media":18812418,"comment_status":"closed","ping_status":"open","sticky":false,"template":"","format":"standard","meta":{"_et_pb_use_builder":"on","_et_pb_old_content":"","_et_gb_content_width":"","footnotes":""},"categories":[217],"tags":[],"dipi_cpt_category":[],"class_list":["post-18812413","post","type-post","status-publish","format-standard","has-post-thumbnail","hentry","category-lebensstil-kultur"],"yoast_head":"<!-- This site is optimized with the Yoast SEO plugin v25.8 - https:\/\/yoast.com\/wordpress\/plugins\/seo\/ -->\n<title>Spanische Weihnachtstraditionen | Wie Weihnachten in Spanien gefeiert wird<\/title>\n<meta name=\"description\" content=\"Entdecken Sie spanische Weihnachtstraditionen \u2013 von Familienessen und festlichem Essen bis hin zu einzigartigen Br\u00e4uchen wie El Gordo und dem Dreik\u00f6nigstag.\" \/>\n<meta name=\"robots\" content=\"index, follow, max-snippet:-1, max-image-preview:large, max-video-preview:-1\" \/>\n<link rel=\"canonical\" href=\"https:\/\/alamocostadelsol.com\/de\/news\/wie-feiern-die-spanier-weihnachten\" \/>\n<meta property=\"og:locale\" content=\"de_DE\" \/>\n<meta property=\"og:type\" content=\"article\" \/>\n<meta property=\"og:title\" content=\"Spanische Weihnachtstraditionen | Wie Weihnachten in Spanien gefeiert wird\" \/>\n<meta property=\"og:description\" content=\"Entdecken Sie spanische Weihnachtstraditionen \u2013 von Familienessen und festlichem Essen bis hin zu einzigartigen Br\u00e4uchen wie El Gordo und dem Dreik\u00f6nigstag.\" \/>\n<meta property=\"og:url\" content=\"https:\/\/alamocostadelsol.com\/de\/news\/wie-feiern-die-spanier-weihnachten\" \/>\n<meta property=\"og:site_name\" content=\"Alamo - makes your dream come true at costa del sol\" \/>\n<meta property=\"article:publisher\" content=\"https:\/\/www.facebook.com\/alamocostadelsol\" \/>\n<meta property=\"article:published_time\" content=\"2024-12-19T11:20:50+00:00\" \/>\n<meta property=\"article:modified_time\" content=\"2026-01-13T13:50:36+00:00\" \/>\n<meta property=\"og:image\" content=\"https:\/\/alamocostadelsol.com\/wp-content\/uploads\/2024\/12\/shutterstock_1423966694-scaled.jpg\" \/>\n\t<meta property=\"og:image:width\" content=\"2560\" \/>\n\t<meta property=\"og:image:height\" content=\"1440\" \/>\n\t<meta property=\"og:image:type\" content=\"image\/jpeg\" \/>\n<meta name=\"author\" content=\"Per Lindqvist\" \/>\n<meta name=\"twitter:card\" content=\"summary_large_image\" \/>\n<meta name=\"twitter:label1\" content=\"Verfasst von\" \/>\n\t<meta name=\"twitter:data1\" content=\"Per Lindqvist\" \/>\n\t<meta name=\"twitter:label2\" content=\"Gesch\u00e4tzte Lesezeit\" \/>\n\t<meta name=\"twitter:data2\" content=\"8\u00a0Minuten\" \/>\n<script type=\"application\/ld+json\" class=\"yoast-schema-graph\">{\"@context\":\"https:\/\/schema.org\",\"@graph\":[{\"@type\":\"Article\",\"@id\":\"https:\/\/alamocostadelsol.com\/de\/news\/wie-feiern-die-spanier-weihnachten#article\",\"isPartOf\":{\"@id\":\"https:\/\/alamocostadelsol.com\/de\/news\/wie-feiern-die-spanier-weihnachten\"},\"author\":{\"name\":\"Per Lindqvist\",\"@id\":\"https:\/\/alamocostadelsol.com\/de#\/schema\/person\/514c5d82ea0741b520c03d28d1ff1a7a\"},\"headline\":\"Wie feiern die Spanier Weihnachten?\",\"datePublished\":\"2024-12-19T11:20:50+00:00\",\"dateModified\":\"2026-01-13T13:50:36+00:00\",\"mainEntityOfPage\":{\"@id\":\"https:\/\/alamocostadelsol.com\/de\/news\/wie-feiern-die-spanier-weihnachten\"},\"wordCount\":1514,\"publisher\":{\"@id\":\"https:\/\/alamocostadelsol.com\/de#organization\"},\"image\":{\"@id\":\"https:\/\/alamocostadelsol.com\/de\/news\/wie-feiern-die-spanier-weihnachten#primaryimage\"},\"thumbnailUrl\":\"https:\/\/alamocostadelsol.com\/wp-content\/uploads\/2024\/12\/shutterstock_1423966694-scaled.jpg\",\"articleSection\":[\"Lebensstil &amp; Kultur\"],\"inLanguage\":\"de\"},{\"@type\":\"WebPage\",\"@id\":\"https:\/\/alamocostadelsol.com\/de\/news\/wie-feiern-die-spanier-weihnachten\",\"url\":\"https:\/\/alamocostadelsol.com\/de\/news\/wie-feiern-die-spanier-weihnachten\",\"name\":\"Spanische Weihnachtstraditionen | Wie Weihnachten in Spanien gefeiert wird\",\"isPartOf\":{\"@id\":\"https:\/\/alamocostadelsol.com\/de#website\"},\"primaryImageOfPage\":{\"@id\":\"https:\/\/alamocostadelsol.com\/de\/news\/wie-feiern-die-spanier-weihnachten#primaryimage\"},\"image\":{\"@id\":\"https:\/\/alamocostadelsol.com\/de\/news\/wie-feiern-die-spanier-weihnachten#primaryimage\"},\"thumbnailUrl\":\"https:\/\/alamocostadelsol.com\/wp-content\/uploads\/2024\/12\/shutterstock_1423966694-scaled.jpg\",\"datePublished\":\"2024-12-19T11:20:50+00:00\",\"dateModified\":\"2026-01-13T13:50:36+00:00\",\"description\":\"Entdecken Sie spanische Weihnachtstraditionen \u2013 von Familienessen und festlichem Essen bis hin zu einzigartigen Br\u00e4uchen wie El Gordo und dem Dreik\u00f6nigstag.\",\"breadcrumb\":{\"@id\":\"https:\/\/alamocostadelsol.com\/de\/news\/wie-feiern-die-spanier-weihnachten#breadcrumb\"},\"inLanguage\":\"de\",\"potentialAction\":[{\"@type\":\"ReadAction\",\"target\":[\"https:\/\/alamocostadelsol.com\/de\/news\/wie-feiern-die-spanier-weihnachten\"]}]},{\"@type\":\"ImageObject\",\"inLanguage\":\"de\",\"@id\":\"https:\/\/alamocostadelsol.com\/de\/news\/wie-feiern-die-spanier-weihnachten#primaryimage\",\"url\":\"https:\/\/alamocostadelsol.com\/wp-content\/uploads\/2024\/12\/shutterstock_1423966694-scaled.jpg\",\"contentUrl\":\"https:\/\/alamocostadelsol.com\/wp-content\/uploads\/2024\/12\/shutterstock_1423966694-scaled.jpg\",\"width\":2560,\"height\":1440,\"caption\":\"Ski in Spanien\"},{\"@type\":\"BreadcrumbList\",\"@id\":\"https:\/\/alamocostadelsol.com\/de\/news\/wie-feiern-die-spanier-weihnachten#breadcrumb\",\"itemListElement\":[{\"@type\":\"ListItem\",\"position\":1,\"name\":\"Home\",\"item\":\"https:\/\/alamocostadelsol.com\/de\"},{\"@type\":\"ListItem\",\"position\":2,\"name\":\"Wie feiern die Spanier Weihnachten?\"}]},{\"@type\":\"WebSite\",\"@id\":\"https:\/\/alamocostadelsol.com\/de#website\",\"url\":\"https:\/\/alamocostadelsol.com\/de\",\"name\":\"Alamo - makes your dream come true at costa del sol\",\"description\":\"\",\"publisher\":{\"@id\":\"https:\/\/alamocostadelsol.com\/de#organization\"},\"potentialAction\":[{\"@type\":\"SearchAction\",\"target\":{\"@type\":\"EntryPoint\",\"urlTemplate\":\"https:\/\/alamocostadelsol.com\/de?s={search_term_string}\"},\"query-input\":{\"@type\":\"PropertyValueSpecification\",\"valueRequired\":true,\"valueName\":\"search_term_string\"}}],\"inLanguage\":\"de\"},{\"@type\":\"Organization\",\"@id\":\"https:\/\/alamocostadelsol.com\/de#organization\",\"name\":\"Alamo - makes your dream come true at costa del sol\",\"url\":\"https:\/\/alamocostadelsol.com\/de\",\"logo\":{\"@type\":\"ImageObject\",\"inLanguage\":\"de\",\"@id\":\"https:\/\/alamocostadelsol.com\/de#\/schema\/logo\/image\/\",\"url\":\"https:\/\/alamocostadelsol.com\/wp-content\/uploads\/2024\/05\/alamo-costa-del-sol-logotype.png\",\"contentUrl\":\"https:\/\/alamocostadelsol.com\/wp-content\/uploads\/2024\/05\/alamo-costa-del-sol-logotype.png\",\"width\":773,\"height\":170,\"caption\":\"Alamo - makes your dream come true at costa del sol\"},\"image\":{\"@id\":\"https:\/\/alamocostadelsol.com\/de#\/schema\/logo\/image\/\"},\"sameAs\":[\"https:\/\/www.facebook.com\/alamocostadelsol\",\"https:\/\/www.instagram.com\/alamocostadelsol\/\"]},{\"@type\":\"Person\",\"@id\":\"https:\/\/alamocostadelsol.com\/de#\/schema\/person\/514c5d82ea0741b520c03d28d1ff1a7a\",\"name\":\"Per Lindqvist\",\"image\":{\"@type\":\"ImageObject\",\"inLanguage\":\"de\",\"@id\":\"https:\/\/alamocostadelsol.com\/de#\/schema\/person\/image\/\",\"url\":\"https:\/\/secure.gravatar.com\/avatar\/7c3165414ae570a298d212f36baf0d9ab74e0d0fae19acbc9eed18656ed49770?s=96&d=mm&r=g\",\"contentUrl\":\"https:\/\/secure.gravatar.com\/avatar\/7c3165414ae570a298d212f36baf0d9ab74e0d0fae19acbc9eed18656ed49770?s=96&d=mm&r=g\",\"caption\":\"Per Lindqvist\"},\"url\":\"https:\/\/alamocostadelsol.com\/de\/news\/author\/peli\"}]}<\/script>\n<!-- \/ Yoast SEO plugin. -->","yoast_head_json":{"title":"Spanische Weihnachtstraditionen | Wie Weihnachten in Spanien gefeiert wird","description":"Entdecken Sie spanische Weihnachtstraditionen \u2013 von Familienessen und festlichem Essen bis hin zu einzigartigen Br\u00e4uchen wie El Gordo und dem Dreik\u00f6nigstag.","robots":{"index":"index","follow":"follow","max-snippet":"max-snippet:-1","max-image-preview":"max-image-preview:large","max-video-preview":"max-video-preview:-1"},"canonical":"https:\/\/alamocostadelsol.com\/de\/news\/wie-feiern-die-spanier-weihnachten","og_locale":"de_DE","og_type":"article","og_title":"Spanische Weihnachtstraditionen | Wie Weihnachten in Spanien gefeiert wird","og_description":"Entdecken Sie spanische Weihnachtstraditionen \u2013 von Familienessen und festlichem Essen bis hin zu einzigartigen Br\u00e4uchen wie El Gordo und dem Dreik\u00f6nigstag.","og_url":"https:\/\/alamocostadelsol.com\/de\/news\/wie-feiern-die-spanier-weihnachten","og_site_name":"Alamo - makes your dream come true at costa del sol","article_publisher":"https:\/\/www.facebook.com\/alamocostadelsol","article_published_time":"2024-12-19T11:20:50+00:00","article_modified_time":"2026-01-13T13:50:36+00:00","og_image":[{"width":2560,"height":1440,"url":"https:\/\/alamocostadelsol.com\/wp-content\/uploads\/2024\/12\/shutterstock_1423966694-scaled.jpg","type":"image\/jpeg"}],"author":"Per Lindqvist","twitter_card":"summary_large_image","twitter_misc":{"Verfasst von":"Per Lindqvist","Gesch\u00e4tzte Lesezeit":"8\u00a0Minuten"},"schema":{"@context":"https:\/\/schema.org","@graph":[{"@type":"Article","@id":"https:\/\/alamocostadelsol.com\/de\/news\/wie-feiern-die-spanier-weihnachten#article","isPartOf":{"@id":"https:\/\/alamocostadelsol.com\/de\/news\/wie-feiern-die-spanier-weihnachten"},"author":{"name":"Per Lindqvist","@id":"https:\/\/alamocostadelsol.com\/de#\/schema\/person\/514c5d82ea0741b520c03d28d1ff1a7a"},"headline":"Wie feiern die Spanier Weihnachten?","datePublished":"2024-12-19T11:20:50+00:00","dateModified":"2026-01-13T13:50:36+00:00","mainEntityOfPage":{"@id":"https:\/\/alamocostadelsol.com\/de\/news\/wie-feiern-die-spanier-weihnachten"},"wordCount":1514,"publisher":{"@id":"https:\/\/alamocostadelsol.com\/de#organization"},"image":{"@id":"https:\/\/alamocostadelsol.com\/de\/news\/wie-feiern-die-spanier-weihnachten#primaryimage"},"thumbnailUrl":"https:\/\/alamocostadelsol.com\/wp-content\/uploads\/2024\/12\/shutterstock_1423966694-scaled.jpg","articleSection":["Lebensstil &amp; Kultur"],"inLanguage":"de"},{"@type":"WebPage","@id":"https:\/\/alamocostadelsol.com\/de\/news\/wie-feiern-die-spanier-weihnachten","url":"https:\/\/alamocostadelsol.com\/de\/news\/wie-feiern-die-spanier-weihnachten","name":"Spanische Weihnachtstraditionen | Wie Weihnachten in Spanien gefeiert wird","isPartOf":{"@id":"https:\/\/alamocostadelsol.com\/de#website"},"primaryImageOfPage":{"@id":"https:\/\/alamocostadelsol.com\/de\/news\/wie-feiern-die-spanier-weihnachten#primaryimage"},"image":{"@id":"https:\/\/alamocostadelsol.com\/de\/news\/wie-feiern-die-spanier-weihnachten#primaryimage"},"thumbnailUrl":"https:\/\/alamocostadelsol.com\/wp-content\/uploads\/2024\/12\/shutterstock_1423966694-scaled.jpg","datePublished":"2024-12-19T11:20:50+00:00","dateModified":"2026-01-13T13:50:36+00:00","description":"Entdecken Sie spanische Weihnachtstraditionen \u2013 von Familienessen und festlichem Essen bis hin zu einzigartigen Br\u00e4uchen wie El Gordo und dem Dreik\u00f6nigstag.","breadcrumb":{"@id":"https:\/\/alamocostadelsol.com\/de\/news\/wie-feiern-die-spanier-weihnachten#breadcrumb"},"inLanguage":"de","potentialAction":[{"@type":"ReadAction","target":["https:\/\/alamocostadelsol.com\/de\/news\/wie-feiern-die-spanier-weihnachten"]}]},{"@type":"ImageObject","inLanguage":"de","@id":"https:\/\/alamocostadelsol.com\/de\/news\/wie-feiern-die-spanier-weihnachten#primaryimage","url":"https:\/\/alamocostadelsol.com\/wp-content\/uploads\/2024\/12\/shutterstock_1423966694-scaled.jpg","contentUrl":"https:\/\/alamocostadelsol.com\/wp-content\/uploads\/2024\/12\/shutterstock_1423966694-scaled.jpg","width":2560,"height":1440,"caption":"Ski in Spanien"},{"@type":"BreadcrumbList","@id":"https:\/\/alamocostadelsol.com\/de\/news\/wie-feiern-die-spanier-weihnachten#breadcrumb","itemListElement":[{"@type":"ListItem","position":1,"name":"Home","item":"https:\/\/alamocostadelsol.com\/de"},{"@type":"ListItem","position":2,"name":"Wie feiern die Spanier Weihnachten?"}]},{"@type":"WebSite","@id":"https:\/\/alamocostadelsol.com\/de#website","url":"https:\/\/alamocostadelsol.com\/de","name":"Alamo - makes your dream come true at costa del sol","description":"","publisher":{"@id":"https:\/\/alamocostadelsol.com\/de#organization"},"potentialAction":[{"@type":"SearchAction","target":{"@type":"EntryPoint","urlTemplate":"https:\/\/alamocostadelsol.com\/de?s={search_term_string}"},"query-input":{"@type":"PropertyValueSpecification","valueRequired":true,"valueName":"search_term_string"}}],"inLanguage":"de"},{"@type":"Organization","@id":"https:\/\/alamocostadelsol.com\/de#organization","name":"Alamo - makes your dream come true at costa del sol","url":"https:\/\/alamocostadelsol.com\/de","logo":{"@type":"ImageObject","inLanguage":"de","@id":"https:\/\/alamocostadelsol.com\/de#\/schema\/logo\/image\/","url":"https:\/\/alamocostadelsol.com\/wp-content\/uploads\/2024\/05\/alamo-costa-del-sol-logotype.png","contentUrl":"https:\/\/alamocostadelsol.com\/wp-content\/uploads\/2024\/05\/alamo-costa-del-sol-logotype.png","width":773,"height":170,"caption":"Alamo - makes your dream come true at costa del sol"},"image":{"@id":"https:\/\/alamocostadelsol.com\/de#\/schema\/logo\/image\/"},"sameAs":["https:\/\/www.facebook.com\/alamocostadelsol","https:\/\/www.instagram.com\/alamocostadelsol\/"]},{"@type":"Person","@id":"https:\/\/alamocostadelsol.com\/de#\/schema\/person\/514c5d82ea0741b520c03d28d1ff1a7a","name":"Per Lindqvist","image":{"@type":"ImageObject","inLanguage":"de","@id":"https:\/\/alamocostadelsol.com\/de#\/schema\/person\/image\/","url":"https:\/\/secure.gravatar.com\/avatar\/7c3165414ae570a298d212f36baf0d9ab74e0d0fae19acbc9eed18656ed49770?s=96&d=mm&r=g","contentUrl":"https:\/\/secure.gravatar.com\/avatar\/7c3165414ae570a298d212f36baf0d9ab74e0d0fae19acbc9eed18656ed49770?s=96&d=mm&r=g","caption":"Per Lindqvist"},"url":"https:\/\/alamocostadelsol.com\/de\/news\/author\/peli"}]}},"_links":{"self":[{"href":"https:\/\/alamocostadelsol.com\/de\/wp-json\/wp\/v2\/posts\/18812413","targetHints":{"allow":["GET"]}}],"collection":[{"href":"https:\/\/alamocostadelsol.com\/de\/wp-json\/wp\/v2\/posts"}],"about":[{"href":"https:\/\/alamocostadelsol.com\/de\/wp-json\/wp\/v2\/types\/post"}],"author":[{"embeddable":true,"href":"https:\/\/alamocostadelsol.com\/de\/wp-json\/wp\/v2\/users\/3"}],"replies":[{"embeddable":true,"href":"https:\/\/alamocostadelsol.com\/de\/wp-json\/wp\/v2\/comments?post=18812413"}],"version-history":[{"count":3,"href":"https:\/\/alamocostadelsol.com\/de\/wp-json\/wp\/v2\/posts\/18812413\/revisions"}],"predecessor-version":[{"id":18815094,"href":"https:\/\/alamocostadelsol.com\/de\/wp-json\/wp\/v2\/posts\/18812413\/revisions\/18815094"}],"wp:featuredmedia":[{"embeddable":true,"href":"https:\/\/alamocostadelsol.com\/de\/wp-json\/wp\/v2\/media\/18812418"}],"wp:attachment":[{"href":"https:\/\/alamocostadelsol.com\/de\/wp-json\/wp\/v2\/media?parent=18812413"}],"wp:term":[{"taxonomy":"category","embeddable":true,"href":"https:\/\/alamocostadelsol.com\/de\/wp-json\/wp\/v2\/categories?post=18812413"},{"taxonomy":"post_tag","embeddable":true,"href":"https:\/\/alamocostadelsol.com\/de\/wp-json\/wp\/v2\/tags?post=18812413"},{"taxonomy":"dipi_cpt_category","embeddable":true,"href":"https:\/\/alamocostadelsol.com\/de\/wp-json\/wp\/v2\/dipi_cpt_category?post=18812413"}],"curies":[{"name":"wp","href":"https:\/\/api.w.org\/{rel}","templated":true}]}}