{"id":18812336,"date":"2025-06-16T12:00:00","date_gmt":"2025-06-16T10:00:00","guid":{"rendered":"https:\/\/alamocostadelsol.com\/news\/die-besten-wanderwege-an-der-costa-del-sol-natur-und-geschichte-erkunden"},"modified":"2026-01-13T14:49:31","modified_gmt":"2026-01-13T13:49:31","slug":"die-besten-wanderwege-an-der-costa-del-sol-natur-und-geschichte-erkunden","status":"publish","type":"post","link":"https:\/\/alamocostadelsol.com\/de\/news\/die-besten-wanderwege-an-der-costa-del-sol-natur-und-geschichte-erkunden","title":{"rendered":"Die besten Wanderwege an der Costa del Sol: Natur und Geschichte erkunden"},"content":{"rendered":"<p>[et_pb_section admin_label=&#8220;section&#8220;]<br \/>\n\t\t\t[et_pb_row admin_label=&#8220;rudern&#8220;]<br \/>\n\t\t\t\t[et_pb_column type=&#8220;4_4&#8243;][et_pb_text admin_label=&#8220;Text&#8220;]<!-- divi:paragraph --><\/p>\n<p>Die Costa del Sol ist ber\u00fchmt f\u00fcr ihre Str\u00e4nde und pulsierenden St\u00e4dte, aber sie ist auch die Heimat einiger <strong>der sch\u00f6nsten Wanderwege Spaniens<\/strong>. Von K\u00fcstenwanderungen mit atemberaubendem Meerblick bis hin zu Bergpfaden voller historischer Sehensw\u00fcrdigkeiten bietet diese Region f\u00fcr jeden Wanderer etwas. Egal, ob Sie auf der Suche nach einer herausfordernden Wanderung oder einem entspannenden Spaziergang in der Natur sind, diese Wanderrouten helfen Ihnen, die Sch\u00f6nheit und Geschichte S\u00fcdspaniens zu erkunden.  <\/p>\n<p><!-- \/divi:paragraph --><\/p>\n<p><!-- divi:heading --><\/p>\n<h2 class=\"wp-block-heading\"><strong>Warum an der Costa del Sol wandern?<\/strong><\/h2>\n<p><!-- \/divi:heading --><\/p>\n<p><!-- divi:paragraph --><\/p>\n<p>Beim Wandern an der Costa del Sol geht es um mehr als nur Bewegung. Die Region bietet: <\/p>\n<p><!-- \/divi:paragraph --><\/p>\n<p><!-- divi:list --><\/p>\n<ul class=\"wp-block-list\"><!-- divi:list-item --><\/p>\n<li><strong>Vielf\u00e4ltige Landschaften<\/strong> \u2013 Von schroffen Bergen bis hin zu malerischen K\u00fcstenpfaden.<\/li>\n<p><!-- \/divi:list-item --><\/p>\n<p><!-- divi:list-item --><\/p>\n<li><strong>Reiche Geschichte<\/strong> \u2013 Viele Wege f\u00fchren durch alte D\u00f6rfer, Ruinen und historische St\u00e4tten.<\/li>\n<p><!-- \/divi:list-item --><\/p>\n<p><!-- divi:list-item --><\/p>\n<li><strong>Ideales Wetter<\/strong> \u2013 Mit 300+ Sonnentagen im Jahr ist Wandern das ganze Jahr \u00fcber m\u00f6glich.<\/li>\n<p><!-- \/divi:list-item --><\/p>\n<p><!-- divi:list-item --><\/p>\n<li><strong>Unterschiedliche Schwierigkeitsgrade<\/strong> \u2013 Egal ob Anf\u00e4nger oder erfahrener Wanderer, es gibt einen Weg f\u00fcr Sie.<\/li>\n<p><!-- \/divi:list-item --><\/ul>\n<p><!-- \/divi:list --><\/p>\n<p><!-- divi:paragraph --><\/p>\n<p>Werfen wir einen Blick auf die <strong>besten Wanderwege an der Costa del Sol<\/strong>, darunter <strong>leichte Spazierg\u00e4nge, historische Routen und Naturpfade, die man unbedingt besuchen sollte<\/strong>.<\/p>\n<p><!-- \/divi:paragraph --><\/p>\n<p><!-- divi:heading --><\/p>\n<h2 class=\"wp-block-heading\"><strong>1.<\/strong><a href=\"https:\/\/reservas.caminitodelrey.info\/\"><strong>  Caminito del Rey \u2013 Der ber\u00fchmteste Wanderweg<\/strong><\/a><\/h2>\n<p><!-- \/divi:heading --><\/p>\n<p><!-- divi:image {\"id\":18811940,\"width\":\"auto\",\"height\":\"350px\",\"sizeSlug\":\"large\",\"linkDestination\":\"none\"} --><\/p>\n<figure class=\"wp-block-image size-large is-resized\"><img decoding=\"async\" width=\"1024\" height=\"683\" data-src=\"https:\/\/alamocostadelsol.com\/wp-content\/uploads\/2025\/06\/valeriano-g-lfYV8QeTryc-unsplash-1024x683.jpg\" alt=\"\" class=\"wp-image-18811940 lazyload\" style=\"--smush-placeholder-width: 1024px; --smush-placeholder-aspect-ratio: 1024\/683;width:auto;height:350px\" data-srcset=\"https:\/\/alamocostadelsol.com\/wp-content\/uploads\/2025\/06\/valeriano-g-lfYV8QeTryc-unsplash-980x653.jpg 980w, https:\/\/alamocostadelsol.com\/wp-content\/uploads\/2025\/06\/valeriano-g-lfYV8QeTryc-unsplash-480x320.jpg 480w\" data-sizes=\"(min-width: 0px) and (max-width: 480px) 480px, (min-width: 481px) and (max-width: 980px) 980px, (min-width: 981px) 1024px, 100vw\" src=\"data:image\/svg+xml;base64,PHN2ZyB3aWR0aD0iMSIgaGVpZ2h0PSIxIiB4bWxucz0iaHR0cDovL3d3dy53My5vcmcvMjAwMC9zdmciPjwvc3ZnPg==\" \/><\/figure>\n<p><!-- \/divi:image --><\/p>\n<p><!-- divi:list --><\/p>\n<ul class=\"wp-block-list\"><!-- divi:list-item --><\/p>\n<li><strong>Schwierigkeitsgrad<\/strong>: Mittel<\/li>\n<p><!-- \/divi:list-item --><\/p>\n<p><!-- divi:list-item --><\/p>\n<li><strong>Entfernung<\/strong>: 7,7 km<\/li>\n<p><!-- \/divi:list-item --><\/p>\n<p><!-- divi:list-item --><\/p>\n<li><strong>Gesch\u00e4tzte Zeit<\/strong>: 3-4 Stunden<\/li>\n<p><!-- \/divi:list-item --><\/p>\n<p><!-- divi:list-item --><\/p>\n<li><strong>Ideal f\u00fcr<\/strong>: Abenteuerlustige und Geschichtsliebhaber<\/li>\n<p><!-- \/divi:list-item --><\/ul>\n<p><!-- \/divi:list --><\/p>\n<p><!-- divi:paragraph --><\/p>\n<p>Der <strong>Caminito del Rey<\/strong> ist einer der ber\u00fchmtesten Wanderwege Spaniens. Diese <strong>aufregende Wanderung an den Klippen<\/strong> f\u00fchrt durch <strong>die El Chorro Schlucht<\/strong> und bietet einen dramatischen Blick auf den Canyon und den Fluss. Urspr\u00fcnglich 1905 f\u00fcr Arbeiter gebaut, wurde der Weg in den letzten Jahren restauriert und ist heute ein <strong>sicheres, aber aufregendes<\/strong> Erlebnis. <strong>Trinkgeld:<\/strong> Eine Voranmeldung ist erforderlich. Sichern Sie sich Ihren Platz auf der<a href=\"https:\/\/reservas.caminitodelrey.info\/\"> offiziellen Website des Caminito del Rey<\/a>.   <\/p>\n<p><!-- \/divi:paragraph --><\/p>\n<p><!-- divi:heading --><\/p>\n<h2 class=\"wp-block-heading\"><strong>2.<\/strong><a href=\"https:\/\/www.andalucia.org\/en\/nature\/routes\/el-torcal-antequera\"><strong>  El Torcal de Antequera \u2013 Einzigartige Felsformationen<\/strong><\/a><\/h2>\n<p><!-- \/divi:heading --><\/p>\n<p><!-- divi:image {\"id\":18811950,\"width\":\"auto\",\"height\":\"350px\",\"sizeSlug\":\"large\",\"linkDestination\":\"none\"} --><\/p>\n<figure class=\"wp-block-image size-large is-resized\"><img decoding=\"async\" width=\"1024\" height=\"768\" data-src=\"https:\/\/alamocostadelsol.com\/wp-content\/uploads\/2025\/06\/enric-domas-iF57rbXG7BA-unsplash-1024x768.jpg\" alt=\"\" class=\"wp-image-18811950 lazyload\" style=\"--smush-placeholder-width: 1024px; --smush-placeholder-aspect-ratio: 1024\/768;width:auto;height:350px\" data-srcset=\"https:\/\/alamocostadelsol.com\/wp-content\/uploads\/2025\/06\/enric-domas-iF57rbXG7BA-unsplash-980x735.jpg 980w, https:\/\/alamocostadelsol.com\/wp-content\/uploads\/2025\/06\/enric-domas-iF57rbXG7BA-unsplash-480x360.jpg 480w\" data-sizes=\"(min-width: 0px) and (max-width: 480px) 480px, (min-width: 481px) and (max-width: 980px) 980px, (min-width: 981px) 1024px, 100vw\" src=\"data:image\/svg+xml;base64,PHN2ZyB3aWR0aD0iMSIgaGVpZ2h0PSIxIiB4bWxucz0iaHR0cDovL3d3dy53My5vcmcvMjAwMC9zdmciPjwvc3ZnPg==\" \/><\/figure>\n<p><!-- \/divi:image --><\/p>\n<p><!-- divi:list --><\/p>\n<ul class=\"wp-block-list\"><!-- divi:list-item --><\/p>\n<li><strong>Schwierigkeitsgrad<\/strong>: Mittel<\/li>\n<p><!-- \/divi:list-item --><\/p>\n<p><!-- divi:list-item --><\/p>\n<li><strong>Entfernung<\/strong>: 3-6 km (verschiedene Routen)<\/li>\n<p><!-- \/divi:list-item --><\/p>\n<p><!-- divi:list-item --><\/p>\n<li><strong>Gesch\u00e4tzte Zeit<\/strong>: 1,5-3 Stunden<\/li>\n<p><!-- \/divi:list-item --><\/p>\n<p><!-- divi:list-item --><\/p>\n<li><strong>Ideal f\u00fcr<\/strong>: Geologie-Enthusiasten und Familien<\/li>\n<p><!-- \/divi:list-item --><\/ul>\n<p><!-- \/divi:list --><\/p>\n<p><!-- divi:paragraph --><\/p>\n<p>Dieser <strong>zum UNESCO-Weltkulturerbe geh\u00f6rende Naturpark<\/strong> liegt in der N\u00e4he von <strong>Antequera<\/strong> und ist ber\u00fchmt f\u00fcr seine <strong>au\u00dferirdischen Kalksteinformationen<\/strong>. Der Park bietet mehrere Wanderwege, auf denen Sie Fossilien, nat\u00fcrliche Felsskulpturen und einen atemberaubenden Panoramablick auf die Landschaft sehen k\u00f6nnen. <strong>Trinkgeld:<\/strong> Besuchen Sie den Laden fr\u00fch am Morgen oder am sp\u00e4ten Nachmittag, um die Menschenmassen zu vermeiden und die beste Beleuchtung zum Fotografieren zu erleben. <\/p>\n<p><!-- \/divi:paragraph --><\/p>\n<p><!-- divi:heading --><\/p>\n<h2 class=\"wp-block-heading\"><strong>3.<\/strong><a href=\"https:\/\/www.juntadeandalucia.es\/medioambiente\/sierradelasnieves\"><strong>  Nationalpark Sierra de las Nieves \u2013 Abenteuer in den Bergen<\/strong><\/a><\/h2>\n<p><!-- \/divi:heading --><\/p>\n<p><!-- divi:image {\"id\":18811960,\"width\":\"auto\",\"height\":\"350px\",\"sizeSlug\":\"large\",\"linkDestination\":\"none\"} --><\/p>\n<figure class=\"wp-block-image size-large is-resized\"><img decoding=\"async\" width=\"2560\" height=\"1440\" data-src=\"https:\/\/alamocostadelsol.com\/wp-content\/uploads\/2025\/06\/luis-coronel-CZOfycrS-q8-unsplash-edited-scaled.jpg\" alt=\"\" class=\"wp-image-18811960 lazyload\" style=\"--smush-placeholder-width: 2560px; --smush-placeholder-aspect-ratio: 2560\/1440;width:auto;height:350px\" data-srcset=\"https:\/\/alamocostadelsol.com\/wp-content\/uploads\/2025\/06\/luis-coronel-CZOfycrS-q8-unsplash-edited-scaled.jpg 2560w, https:\/\/alamocostadelsol.com\/wp-content\/uploads\/2025\/06\/luis-coronel-CZOfycrS-q8-unsplash-edited-1280x720.jpg 1280w, https:\/\/alamocostadelsol.com\/wp-content\/uploads\/2025\/06\/luis-coronel-CZOfycrS-q8-unsplash-edited-980x551.jpg 980w, https:\/\/alamocostadelsol.com\/wp-content\/uploads\/2025\/06\/luis-coronel-CZOfycrS-q8-unsplash-edited-480x270.jpg 480w\" data-sizes=\"(min-width: 0px) and (max-width: 480px) 480px, (min-width: 481px) and (max-width: 980px) 980px, (min-width: 981px) and (max-width: 1280px) 1280px, (min-width: 1281px) 2560px, 100vw\" src=\"data:image\/svg+xml;base64,PHN2ZyB3aWR0aD0iMSIgaGVpZ2h0PSIxIiB4bWxucz0iaHR0cDovL3d3dy53My5vcmcvMjAwMC9zdmciPjwvc3ZnPg==\" \/><\/figure>\n<p><!-- \/divi:image --><\/p>\n<p><!-- divi:list --><\/p>\n<ul class=\"wp-block-list\"><!-- divi:list-item --><\/p>\n<li><strong>Schwierigkeitsgrad<\/strong>: Variiert (leicht bis anspruchsvoll)<\/li>\n<p><!-- \/divi:list-item --><\/p>\n<p><!-- divi:list-item --><\/p>\n<li><strong>Entfernung<\/strong>: 5-20 km (verschiedene Routen)<\/li>\n<p><!-- \/divi:list-item --><\/p>\n<p><!-- divi:list-item --><\/p>\n<li><strong>Gesch\u00e4tzte Zeit<\/strong>: 2-8 Stunden<\/li>\n<p><!-- \/divi:list-item --><\/p>\n<p><!-- divi:list-item --><\/p>\n<li><strong>Ideal f\u00fcr<\/strong>: Bergliebhaber und erfahrene Wanderer<\/li>\n<p><!-- \/divi:list-item --><\/ul>\n<p><!-- \/divi:list --><\/p>\n<p><!-- divi:paragraph --><\/p>\n<p>Die <strong>Sierra de las Nieves ist ein riesiger<\/strong> Nationalpark in der N\u00e4he von <strong>Ronda<\/strong>, in dem <strong>die seltensten Tannen Spaniens und eine vielf\u00e4ltige Tierwelt<\/strong> leben. Die Wege reichen von gem\u00fctlichen Waldspazierg\u00e4ngen bis hin zum anspruchsvollen Aufstieg auf <strong>La Torrecilla (1.919 m),<\/strong> der einen der <strong>besten Aussichtspunkte der Region<\/strong> bietet. <\/p>\n<p><!-- \/divi:paragraph --><\/p>\n<p><!-- divi:paragraph --><\/p>\n<p><strong>Trinkgeld:<\/strong> Wenn Sie Wildtiere lieben, halten Sie Ausschau nach <strong>spanischen Steinb\u00f6cken und Steinadlern<\/strong>.<\/p>\n<p><!-- \/divi:paragraph --><\/p>\n<p><!-- divi:heading --><\/p>\n<h2 class=\"wp-block-heading\"><strong>4.<\/strong><a href=\"https:\/\/www.malaga.es\/en\/turismo\/naturaleza\"><strong>  Naturpark Montes de M\u00e1laga \u2013 etwas au\u00dferhalb der Stadt<\/strong><\/a><\/h2>\n<p><!-- \/divi:heading --><\/p>\n<p><!-- divi:paragraph --><\/p>\n<p><!-- \/divi:paragraph --><\/p>\n<p><!-- divi:list --><\/p>\n<ul class=\"wp-block-list\"><!-- divi:list-item --><\/p>\n<li><strong>Schwierigkeitsgrad<\/strong>: Leicht bis mittel<\/li>\n<p><!-- \/divi:list-item --><\/p>\n<p><!-- divi:list-item --><\/p>\n<li><strong>Entfernung<\/strong>: 5-15 km (verschiedene Wege)<\/li>\n<p><!-- \/divi:list-item --><\/p>\n<p><!-- divi:list-item --><\/p>\n<li><strong>Gesch\u00e4tzte Zeit<\/strong>: 1,5-5 Stunden<\/li>\n<p><!-- \/divi:list-item --><\/p>\n<p><!-- divi:list-item --><\/p>\n<li><strong>Ideal f\u00fcr<\/strong>: Naturliebhaber und diejenigen, die in M\u00e1laga \u00fcbernachten<\/li>\n<p><!-- \/divi:list-item --><\/ul>\n<p><!-- \/divi:list --><\/p>\n<p><!-- divi:paragraph --><\/p>\n<p>Dieser Park liegt <strong>nur 20 Minuten von der Stadt M\u00e1laga entfernt<\/strong> und bietet <strong>bewaldete Wege mit Fluss\u00fcberquerungen, Wasserf\u00e4llen und ruhigen Picknickpl\u00e4tzen<\/strong>. Es ist der perfekte R\u00fcckzugsort f\u00fcr alle, die eine Pause von der gesch\u00e4ftigen Stadt einlegen m\u00f6chten. <strong>Trinkgeld:<\/strong> Packen Sie ein Picknick ein und genie\u00dfen Sie den <strong>Mirador (Aussichtspunkte)<\/strong> mit Blick auf die K\u00fcste von M\u00e1laga. <\/p>\n<p><!-- \/divi:paragraph --><\/p>\n<p><!-- divi:heading --><\/p>\n<h2 class=\"wp-block-heading\"><strong>5.<\/strong><a href=\"https:\/\/www.andalucia.org\/en\/nature\/routes\/rio-chillar-nerja\"><strong>  Rio Chillar \u2013 eine erfrischende Flusswanderung<\/strong><\/a><\/h2>\n<p><!-- \/divi:heading --><\/p>\n<p><!-- divi:list --><\/p>\n<ul class=\"wp-block-list\"><!-- divi:list-item --><\/p>\n<li><strong>Schwierigkeitsgrad<\/strong>: Leicht<\/li>\n<p><!-- \/divi:list-item --><\/p>\n<p><!-- divi:list-item --><\/p>\n<li><strong>Entfernung<\/strong>: 8 km<\/li>\n<p><!-- \/divi:list-item --><\/p>\n<p><!-- divi:list-item --><\/p>\n<li><strong>Gesch\u00e4tzte Zeit<\/strong>: 3-4 Stunden<\/li>\n<p><!-- \/divi:list-item --><\/p>\n<p><!-- divi:list-item --><\/p>\n<li><strong>Ideal f\u00fcr<\/strong>: Familien und Sommerwanderer<\/li>\n<p><!-- \/divi:list-item --><\/ul>\n<p><!-- \/divi:list --><\/p>\n<p><!-- divi:paragraph --><\/p>\n<p>Dieser <strong>einzigartige Weg<\/strong> in <strong>Nerja<\/strong> f\u00fchrt Sie durch einen <strong>flachen Fluss<\/strong> und ist somit die <strong>perfekte Sommerwanderung<\/strong>. Spazieren Sie durch <strong>k\u00fchles Wasser, \u00fcppiges Gr\u00fcn und Felsenbecken<\/strong> und genie\u00dfen Sie eine erfrischende Pause an nat\u00fcrlichen Badestellen entlang des Weges. <strong>Trinkgeld:<\/strong> Tragen Sie Wasserschuhe, da Sie den gr\u00f6\u00dften Teil des Weges durch den Fluss laufen werden. <\/p>\n<p><!-- \/divi:paragraph --><\/p>\n<p><!-- divi:heading --><\/p>\n<h2 class=\"wp-block-heading\"><strong>6.<\/strong><a href=\"https:\/\/www.andalucia.org\/en\/nature\/routes\/sendero-acantilados\"><strong>  Sendero de los Acantilados \u2013 Malerische K\u00fcstenwanderung<\/strong><\/a><\/h2>\n<p><!-- \/divi:heading --><\/p>\n<p><!-- divi:list --><\/p>\n<ul class=\"wp-block-list\"><!-- divi:list-item --><\/p>\n<li><strong>Schwierigkeitsgrad<\/strong>: Mittel<\/li>\n<p><!-- \/divi:list-item --><\/p>\n<p><!-- divi:list-item --><\/p>\n<li><strong>Entfernung<\/strong>: 6 km<\/li>\n<p><!-- \/divi:list-item --><\/p>\n<p><!-- divi:list-item --><\/p>\n<li><strong>Gesch\u00e4tzte Zeit<\/strong>: 2 Stunden<\/li>\n<p><!-- \/divi:list-item --><\/p>\n<p><!-- divi:list-item --><\/p>\n<li><strong>Am besten geeignet f\u00fcr<\/strong>: Liebhaber des Ozeans und der Fotografie<\/li>\n<p><!-- \/divi:list-item --><\/ul>\n<p><!-- \/divi:list --><\/p>\n<p><!-- divi:paragraph --><\/p>\n<p>Dieser K\u00fcstenwanderweg in der N\u00e4he von <strong>Marbella<\/strong> bietet <strong>einen atemberaubenden Blick auf das Mittelmeer<\/strong>. Sie wandern entlang von Klippen, Str\u00e4nden und versteckten Buchten, was es zu einer der <strong>landschaftlich sch\u00f6nsten Wanderungen an der Costa del Sol<\/strong> macht. <strong>Trinkgeld:<\/strong> Bringen Sie eine Kamera mit \u2013 dieser Weg bietet einige der besten <strong>Aussichten auf den Sonnenuntergang<\/strong> in der Region. <\/p>\n<p><!-- \/divi:paragraph --><\/p>\n<p><!-- divi:heading --><\/p>\n<h2 class=\"wp-block-heading\"><strong>Beste Zeit zum Wandern an der Costa del Sol<\/strong><\/h2>\n<p><!-- \/divi:heading --><\/p>\n<p><!-- divi:list --><\/p>\n<ul class=\"wp-block-list\"><!-- divi:list-item --><\/p>\n<li><strong>Fr\u00fchling (M\u00e4rz-Mai)<\/strong> \u2013 Die beste Zeit f\u00fcr Wildblumen und angenehme Temperaturen.<\/li>\n<p><!-- \/divi:list-item --><\/p>\n<p><!-- divi:list-item --><\/p>\n<li><strong>Herbst (September-November)<\/strong> \u2013 Tolles Wetter und weniger Touristen.<\/li>\n<p><!-- \/divi:list-item --><\/p>\n<p><!-- divi:list-item --><\/p>\n<li><strong>Winter (Dezember-Februar)<\/strong> \u2013 Perfekt f\u00fcr Bergwanderungen, bei klarem Himmel und k\u00fchlen Temperaturen.<\/li>\n<p><!-- \/divi:list-item --><\/p>\n<p><!-- divi:list-item --><\/p>\n<li><strong>Sommer (Juni-August)<\/strong> \u2013 K\u00fcsten- und Flusswanderungen sind am besten, um k\u00fchl zu bleiben. Vermeiden Sie die Mittagssonne. <\/li>\n<p><!-- \/divi:list-item --><\/ul>\n<p><!-- \/divi:list --><\/p>\n<p><!-- divi:separator --><\/p>\n<hr class=\"wp-block-separator has-alpha-channel-opacity\">\n<!-- \/divi:separator --><\/p>\n<p><!-- divi:heading --><\/p>\n<h2 class=\"wp-block-heading\"><strong>Die wichtigsten Wandertipps<\/strong><\/h2>\n<p><!-- \/divi:heading --><\/p>\n<p><!-- divi:list --><\/p>\n<ul class=\"wp-block-list\"><!-- divi:list-item --><\/p>\n<li><strong>Tragen Sie geeignetes Schuhwerk<\/strong> \u2013 Einige Wege sind felsig und steil.<\/li>\n<p><!-- \/divi:list-item --><\/p>\n<p><!-- divi:list-item --><\/p>\n<li><strong>\u00dcberpr\u00fcfen Sie das Wetter<\/strong> \u2013 Der Sommer kann sehr hei\u00df sein, also vermeiden Sie es, mittags zu wandern.<\/li>\n<p><!-- \/divi:list-item --><\/p>\n<p><!-- divi:list-item --><\/p>\n<li><strong>Nimm ausreichend Wasser mit<\/strong> \u2013 vor allem f\u00fcr l\u00e4ngere Trails wie La Concha.<\/li>\n<p><!-- \/divi:list-item --><\/p>\n<p><!-- divi:list-item --><\/p>\n<li><strong>Respektieren Sie die Natur<\/strong> \u2013 Halten Sie sich an die markierten Wege und vermeiden Sie M\u00fcll.<\/li>\n<p><!-- \/divi:list-item --><\/ul>\n<p><!-- \/divi:list --><\/p>\n<p><!-- divi:separator --><\/p>\n<hr class=\"wp-block-separator has-alpha-channel-opacity\">\n<!-- \/divi:separator --><\/p>\n<p><!-- divi:heading --><\/p>\n<h2 class=\"wp-block-heading\"><strong>Abschlie\u00dfende Gedanken<\/strong><\/h2>\n<p><!-- \/divi:heading --><\/p>\n<p><!-- divi:paragraph --><\/p>\n<p>Wandern an der Costa del Sol ist eine unglaubliche M\u00f6glichkeit, <strong>die nat\u00fcrliche Sch\u00f6nheit und Geschichte Spaniens<\/strong> zu erkunden. Egal, ob du durch dramatische Schluchten wanderst, malerische Gipfel erklimmst oder versteckte Str\u00e4nde entdeckst, <strong>es ist f\u00fcr jeden etwas dabei<\/strong>. <\/p>\n<p><!-- \/divi:paragraph -->[\/et_pb_text][\/et_pb_column]<br \/>\n\t\t\t[\/et_pb_row]<br \/>\n\t\t[\/et_pb_section]<\/p>\n","protected":false},"excerpt":{"rendered":"<p>Die Costa del Sol ist ber\u00fchmt f\u00fcr ihre Str\u00e4nde und pulsierenden St\u00e4dte, aber sie ist auch die Heimat einiger der sch\u00f6nsten Wanderwege Spaniens. Von K\u00fcstenwanderungen mit atemberaubendem Meerblick bis hin zu Bergpfaden voller historischer Sehensw\u00fcrdigkeiten bietet diese Region f\u00fcr jeden Wanderer etwas. Egal, ob Sie auf der Suche nach einer herausfordernden Wanderung oder einem entspannenden [&hellip;]<\/p>\n","protected":false},"author":3,"featured_media":18812341,"comment_status":"closed","ping_status":"open","sticky":false,"template":"","format":"standard","meta":{"_et_pb_use_builder":"on","_et_pb_old_content":"","_et_gb_content_width":"","footnotes":""},"categories":[129],"tags":[],"dipi_cpt_category":[],"class_list":["post-18812336","post","type-post","status-publish","format-standard","has-post-thumbnail","hentry","category-natur-outdoor-aktivitaten"],"yoast_head":"<!-- This site is optimized with the Yoast SEO plugin v25.8 - https:\/\/yoast.com\/wordpress\/plugins\/seo\/ -->\n<title>Beste Wanderwege an der Costa del Sol | Natur &amp; Geschichte<\/title>\n<meta name=\"description\" content=\"Entdecken Sie die besten Wanderwege an der Costa del Sol, von K\u00fcstenwegen bis hin zu historischen Binnenrouten. Natur, Ausblicke und Outdoor-Erlebnisse.\" \/>\n<meta name=\"robots\" content=\"index, follow, max-snippet:-1, max-image-preview:large, max-video-preview:-1\" \/>\n<link rel=\"canonical\" href=\"https:\/\/alamocostadelsol.com\/de\/news\/die-besten-wanderwege-an-der-costa-del-sol-natur-und-geschichte-erkunden\" \/>\n<meta property=\"og:locale\" content=\"de_DE\" \/>\n<meta property=\"og:type\" content=\"article\" \/>\n<meta property=\"og:title\" content=\"Beste Wanderwege an der Costa del Sol | Natur &amp; Geschichte\" \/>\n<meta property=\"og:description\" content=\"Entdecken Sie die besten Wanderwege an der Costa del Sol, von K\u00fcstenwegen bis hin zu historischen Binnenrouten. Natur, Ausblicke und Outdoor-Erlebnisse.\" \/>\n<meta property=\"og:url\" content=\"https:\/\/alamocostadelsol.com\/de\/news\/die-besten-wanderwege-an-der-costa-del-sol-natur-und-geschichte-erkunden\" \/>\n<meta property=\"og:site_name\" content=\"Alamo - makes your dream come true at costa del sol\" \/>\n<meta property=\"article:publisher\" content=\"https:\/\/www.facebook.com\/alamocostadelsol\" \/>\n<meta property=\"article:published_time\" content=\"2025-06-16T10:00:00+00:00\" \/>\n<meta property=\"article:modified_time\" content=\"2026-01-13T13:49:31+00:00\" \/>\n<meta property=\"og:image\" content=\"https:\/\/alamocostadelsol.com\/wp-content\/uploads\/2025\/06\/pexels-hans-verhulst-525083593-19245378-scaled.jpg\" \/>\n\t<meta property=\"og:image:width\" content=\"2560\" \/>\n\t<meta property=\"og:image:height\" content=\"1706\" \/>\n\t<meta property=\"og:image:type\" content=\"image\/jpeg\" \/>\n<meta name=\"author\" content=\"Per Lindqvist\" \/>\n<meta name=\"twitter:card\" content=\"summary_large_image\" \/>\n<meta name=\"twitter:label1\" content=\"Verfasst von\" \/>\n\t<meta name=\"twitter:data1\" content=\"Per Lindqvist\" \/>\n\t<meta name=\"twitter:label2\" content=\"Gesch\u00e4tzte Lesezeit\" \/>\n\t<meta name=\"twitter:data2\" content=\"5\u00a0Minuten\" \/>\n<script type=\"application\/ld+json\" class=\"yoast-schema-graph\">{\"@context\":\"https:\/\/schema.org\",\"@graph\":[{\"@type\":\"Article\",\"@id\":\"https:\/\/alamocostadelsol.com\/de\/news\/die-besten-wanderwege-an-der-costa-del-sol-natur-und-geschichte-erkunden#article\",\"isPartOf\":{\"@id\":\"https:\/\/alamocostadelsol.com\/de\/news\/die-besten-wanderwege-an-der-costa-del-sol-natur-und-geschichte-erkunden\"},\"author\":{\"name\":\"Per Lindqvist\",\"@id\":\"https:\/\/alamocostadelsol.com\/de#\/schema\/person\/514c5d82ea0741b520c03d28d1ff1a7a\"},\"headline\":\"Die besten Wanderwege an der Costa del Sol: Natur und Geschichte erkunden\",\"datePublished\":\"2025-06-16T10:00:00+00:00\",\"dateModified\":\"2026-01-13T13:49:31+00:00\",\"mainEntityOfPage\":{\"@id\":\"https:\/\/alamocostadelsol.com\/de\/news\/die-besten-wanderwege-an-der-costa-del-sol-natur-und-geschichte-erkunden\"},\"wordCount\":958,\"publisher\":{\"@id\":\"https:\/\/alamocostadelsol.com\/de#organization\"},\"image\":{\"@id\":\"https:\/\/alamocostadelsol.com\/de\/news\/die-besten-wanderwege-an-der-costa-del-sol-natur-und-geschichte-erkunden#primaryimage\"},\"thumbnailUrl\":\"https:\/\/alamocostadelsol.com\/wp-content\/uploads\/2025\/06\/pexels-hans-verhulst-525083593-19245378-scaled.jpg\",\"articleSection\":[\"Natur &amp; Outdoor-Aktivit\u00e4ten\"],\"inLanguage\":\"de\"},{\"@type\":\"WebPage\",\"@id\":\"https:\/\/alamocostadelsol.com\/de\/news\/die-besten-wanderwege-an-der-costa-del-sol-natur-und-geschichte-erkunden\",\"url\":\"https:\/\/alamocostadelsol.com\/de\/news\/die-besten-wanderwege-an-der-costa-del-sol-natur-und-geschichte-erkunden\",\"name\":\"Beste Wanderwege an der Costa del Sol | Natur & Geschichte\",\"isPartOf\":{\"@id\":\"https:\/\/alamocostadelsol.com\/de#website\"},\"primaryImageOfPage\":{\"@id\":\"https:\/\/alamocostadelsol.com\/de\/news\/die-besten-wanderwege-an-der-costa-del-sol-natur-und-geschichte-erkunden#primaryimage\"},\"image\":{\"@id\":\"https:\/\/alamocostadelsol.com\/de\/news\/die-besten-wanderwege-an-der-costa-del-sol-natur-und-geschichte-erkunden#primaryimage\"},\"thumbnailUrl\":\"https:\/\/alamocostadelsol.com\/wp-content\/uploads\/2025\/06\/pexels-hans-verhulst-525083593-19245378-scaled.jpg\",\"datePublished\":\"2025-06-16T10:00:00+00:00\",\"dateModified\":\"2026-01-13T13:49:31+00:00\",\"description\":\"Entdecken Sie die besten Wanderwege an der Costa del Sol, von K\u00fcstenwegen bis hin zu historischen Binnenrouten. Natur, Ausblicke und Outdoor-Erlebnisse.\",\"breadcrumb\":{\"@id\":\"https:\/\/alamocostadelsol.com\/de\/news\/die-besten-wanderwege-an-der-costa-del-sol-natur-und-geschichte-erkunden#breadcrumb\"},\"inLanguage\":\"de\",\"potentialAction\":[{\"@type\":\"ReadAction\",\"target\":[\"https:\/\/alamocostadelsol.com\/de\/news\/die-besten-wanderwege-an-der-costa-del-sol-natur-und-geschichte-erkunden\"]}]},{\"@type\":\"ImageObject\",\"inLanguage\":\"de\",\"@id\":\"https:\/\/alamocostadelsol.com\/de\/news\/die-besten-wanderwege-an-der-costa-del-sol-natur-und-geschichte-erkunden#primaryimage\",\"url\":\"https:\/\/alamocostadelsol.com\/wp-content\/uploads\/2025\/06\/pexels-hans-verhulst-525083593-19245378-scaled.jpg\",\"contentUrl\":\"https:\/\/alamocostadelsol.com\/wp-content\/uploads\/2025\/06\/pexels-hans-verhulst-525083593-19245378-scaled.jpg\",\"width\":2560,\"height\":1706,\"caption\":\"A narrow walkway clinging to the steep rock face of a deep gorge, with hikers walking along the wooden path suspended high above the river below, surrounded by dramatic cliffs and rugged mountain scenery.\"},{\"@type\":\"BreadcrumbList\",\"@id\":\"https:\/\/alamocostadelsol.com\/de\/news\/die-besten-wanderwege-an-der-costa-del-sol-natur-und-geschichte-erkunden#breadcrumb\",\"itemListElement\":[{\"@type\":\"ListItem\",\"position\":1,\"name\":\"Home\",\"item\":\"https:\/\/alamocostadelsol.com\/de\"},{\"@type\":\"ListItem\",\"position\":2,\"name\":\"Die besten Wanderwege an der Costa del Sol: Natur und Geschichte erkunden\"}]},{\"@type\":\"WebSite\",\"@id\":\"https:\/\/alamocostadelsol.com\/de#website\",\"url\":\"https:\/\/alamocostadelsol.com\/de\",\"name\":\"Alamo - makes your dream come true at costa del sol\",\"description\":\"\",\"publisher\":{\"@id\":\"https:\/\/alamocostadelsol.com\/de#organization\"},\"potentialAction\":[{\"@type\":\"SearchAction\",\"target\":{\"@type\":\"EntryPoint\",\"urlTemplate\":\"https:\/\/alamocostadelsol.com\/de?s={search_term_string}\"},\"query-input\":{\"@type\":\"PropertyValueSpecification\",\"valueRequired\":true,\"valueName\":\"search_term_string\"}}],\"inLanguage\":\"de\"},{\"@type\":\"Organization\",\"@id\":\"https:\/\/alamocostadelsol.com\/de#organization\",\"name\":\"Alamo - makes your dream come true at costa del sol\",\"url\":\"https:\/\/alamocostadelsol.com\/de\",\"logo\":{\"@type\":\"ImageObject\",\"inLanguage\":\"de\",\"@id\":\"https:\/\/alamocostadelsol.com\/de#\/schema\/logo\/image\/\",\"url\":\"https:\/\/alamocostadelsol.com\/wp-content\/uploads\/2024\/05\/alamo-costa-del-sol-logotype.png\",\"contentUrl\":\"https:\/\/alamocostadelsol.com\/wp-content\/uploads\/2024\/05\/alamo-costa-del-sol-logotype.png\",\"width\":773,\"height\":170,\"caption\":\"Alamo - makes your dream come true at costa del sol\"},\"image\":{\"@id\":\"https:\/\/alamocostadelsol.com\/de#\/schema\/logo\/image\/\"},\"sameAs\":[\"https:\/\/www.facebook.com\/alamocostadelsol\",\"https:\/\/www.instagram.com\/alamocostadelsol\/\"]},{\"@type\":\"Person\",\"@id\":\"https:\/\/alamocostadelsol.com\/de#\/schema\/person\/514c5d82ea0741b520c03d28d1ff1a7a\",\"name\":\"Per Lindqvist\",\"image\":{\"@type\":\"ImageObject\",\"inLanguage\":\"de\",\"@id\":\"https:\/\/alamocostadelsol.com\/de#\/schema\/person\/image\/\",\"url\":\"https:\/\/secure.gravatar.com\/avatar\/7c3165414ae570a298d212f36baf0d9ab74e0d0fae19acbc9eed18656ed49770?s=96&d=mm&r=g\",\"contentUrl\":\"https:\/\/secure.gravatar.com\/avatar\/7c3165414ae570a298d212f36baf0d9ab74e0d0fae19acbc9eed18656ed49770?s=96&d=mm&r=g\",\"caption\":\"Per Lindqvist\"},\"url\":\"https:\/\/alamocostadelsol.com\/de\/news\/author\/peli\"}]}<\/script>\n<!-- \/ Yoast SEO plugin. -->","yoast_head_json":{"title":"Beste Wanderwege an der Costa del Sol | Natur & Geschichte","description":"Entdecken Sie die besten Wanderwege an der Costa del Sol, von K\u00fcstenwegen bis hin zu historischen Binnenrouten. Natur, Ausblicke und Outdoor-Erlebnisse.","robots":{"index":"index","follow":"follow","max-snippet":"max-snippet:-1","max-image-preview":"max-image-preview:large","max-video-preview":"max-video-preview:-1"},"canonical":"https:\/\/alamocostadelsol.com\/de\/news\/die-besten-wanderwege-an-der-costa-del-sol-natur-und-geschichte-erkunden","og_locale":"de_DE","og_type":"article","og_title":"Beste Wanderwege an der Costa del Sol | Natur & Geschichte","og_description":"Entdecken Sie die besten Wanderwege an der Costa del Sol, von K\u00fcstenwegen bis hin zu historischen Binnenrouten. Natur, Ausblicke und Outdoor-Erlebnisse.","og_url":"https:\/\/alamocostadelsol.com\/de\/news\/die-besten-wanderwege-an-der-costa-del-sol-natur-und-geschichte-erkunden","og_site_name":"Alamo - makes your dream come true at costa del sol","article_publisher":"https:\/\/www.facebook.com\/alamocostadelsol","article_published_time":"2025-06-16T10:00:00+00:00","article_modified_time":"2026-01-13T13:49:31+00:00","og_image":[{"width":2560,"height":1706,"url":"https:\/\/alamocostadelsol.com\/wp-content\/uploads\/2025\/06\/pexels-hans-verhulst-525083593-19245378-scaled.jpg","type":"image\/jpeg"}],"author":"Per Lindqvist","twitter_card":"summary_large_image","twitter_misc":{"Verfasst von":"Per Lindqvist","Gesch\u00e4tzte Lesezeit":"5\u00a0Minuten"},"schema":{"@context":"https:\/\/schema.org","@graph":[{"@type":"Article","@id":"https:\/\/alamocostadelsol.com\/de\/news\/die-besten-wanderwege-an-der-costa-del-sol-natur-und-geschichte-erkunden#article","isPartOf":{"@id":"https:\/\/alamocostadelsol.com\/de\/news\/die-besten-wanderwege-an-der-costa-del-sol-natur-und-geschichte-erkunden"},"author":{"name":"Per Lindqvist","@id":"https:\/\/alamocostadelsol.com\/de#\/schema\/person\/514c5d82ea0741b520c03d28d1ff1a7a"},"headline":"Die besten Wanderwege an der Costa del Sol: Natur und Geschichte erkunden","datePublished":"2025-06-16T10:00:00+00:00","dateModified":"2026-01-13T13:49:31+00:00","mainEntityOfPage":{"@id":"https:\/\/alamocostadelsol.com\/de\/news\/die-besten-wanderwege-an-der-costa-del-sol-natur-und-geschichte-erkunden"},"wordCount":958,"publisher":{"@id":"https:\/\/alamocostadelsol.com\/de#organization"},"image":{"@id":"https:\/\/alamocostadelsol.com\/de\/news\/die-besten-wanderwege-an-der-costa-del-sol-natur-und-geschichte-erkunden#primaryimage"},"thumbnailUrl":"https:\/\/alamocostadelsol.com\/wp-content\/uploads\/2025\/06\/pexels-hans-verhulst-525083593-19245378-scaled.jpg","articleSection":["Natur &amp; Outdoor-Aktivit\u00e4ten"],"inLanguage":"de"},{"@type":"WebPage","@id":"https:\/\/alamocostadelsol.com\/de\/news\/die-besten-wanderwege-an-der-costa-del-sol-natur-und-geschichte-erkunden","url":"https:\/\/alamocostadelsol.com\/de\/news\/die-besten-wanderwege-an-der-costa-del-sol-natur-und-geschichte-erkunden","name":"Beste Wanderwege an der Costa del Sol | Natur & Geschichte","isPartOf":{"@id":"https:\/\/alamocostadelsol.com\/de#website"},"primaryImageOfPage":{"@id":"https:\/\/alamocostadelsol.com\/de\/news\/die-besten-wanderwege-an-der-costa-del-sol-natur-und-geschichte-erkunden#primaryimage"},"image":{"@id":"https:\/\/alamocostadelsol.com\/de\/news\/die-besten-wanderwege-an-der-costa-del-sol-natur-und-geschichte-erkunden#primaryimage"},"thumbnailUrl":"https:\/\/alamocostadelsol.com\/wp-content\/uploads\/2025\/06\/pexels-hans-verhulst-525083593-19245378-scaled.jpg","datePublished":"2025-06-16T10:00:00+00:00","dateModified":"2026-01-13T13:49:31+00:00","description":"Entdecken Sie die besten Wanderwege an der Costa del Sol, von K\u00fcstenwegen bis hin zu historischen Binnenrouten. Natur, Ausblicke und Outdoor-Erlebnisse.","breadcrumb":{"@id":"https:\/\/alamocostadelsol.com\/de\/news\/die-besten-wanderwege-an-der-costa-del-sol-natur-und-geschichte-erkunden#breadcrumb"},"inLanguage":"de","potentialAction":[{"@type":"ReadAction","target":["https:\/\/alamocostadelsol.com\/de\/news\/die-besten-wanderwege-an-der-costa-del-sol-natur-und-geschichte-erkunden"]}]},{"@type":"ImageObject","inLanguage":"de","@id":"https:\/\/alamocostadelsol.com\/de\/news\/die-besten-wanderwege-an-der-costa-del-sol-natur-und-geschichte-erkunden#primaryimage","url":"https:\/\/alamocostadelsol.com\/wp-content\/uploads\/2025\/06\/pexels-hans-verhulst-525083593-19245378-scaled.jpg","contentUrl":"https:\/\/alamocostadelsol.com\/wp-content\/uploads\/2025\/06\/pexels-hans-verhulst-525083593-19245378-scaled.jpg","width":2560,"height":1706,"caption":"A narrow walkway clinging to the steep rock face of a deep gorge, with hikers walking along the wooden path suspended high above the river below, surrounded by dramatic cliffs and rugged mountain scenery."},{"@type":"BreadcrumbList","@id":"https:\/\/alamocostadelsol.com\/de\/news\/die-besten-wanderwege-an-der-costa-del-sol-natur-und-geschichte-erkunden#breadcrumb","itemListElement":[{"@type":"ListItem","position":1,"name":"Home","item":"https:\/\/alamocostadelsol.com\/de"},{"@type":"ListItem","position":2,"name":"Die besten Wanderwege an der Costa del Sol: Natur und Geschichte erkunden"}]},{"@type":"WebSite","@id":"https:\/\/alamocostadelsol.com\/de#website","url":"https:\/\/alamocostadelsol.com\/de","name":"Alamo - makes your dream come true at costa del sol","description":"","publisher":{"@id":"https:\/\/alamocostadelsol.com\/de#organization"},"potentialAction":[{"@type":"SearchAction","target":{"@type":"EntryPoint","urlTemplate":"https:\/\/alamocostadelsol.com\/de?s={search_term_string}"},"query-input":{"@type":"PropertyValueSpecification","valueRequired":true,"valueName":"search_term_string"}}],"inLanguage":"de"},{"@type":"Organization","@id":"https:\/\/alamocostadelsol.com\/de#organization","name":"Alamo - makes your dream come true at costa del sol","url":"https:\/\/alamocostadelsol.com\/de","logo":{"@type":"ImageObject","inLanguage":"de","@id":"https:\/\/alamocostadelsol.com\/de#\/schema\/logo\/image\/","url":"https:\/\/alamocostadelsol.com\/wp-content\/uploads\/2024\/05\/alamo-costa-del-sol-logotype.png","contentUrl":"https:\/\/alamocostadelsol.com\/wp-content\/uploads\/2024\/05\/alamo-costa-del-sol-logotype.png","width":773,"height":170,"caption":"Alamo - makes your dream come true at costa del sol"},"image":{"@id":"https:\/\/alamocostadelsol.com\/de#\/schema\/logo\/image\/"},"sameAs":["https:\/\/www.facebook.com\/alamocostadelsol","https:\/\/www.instagram.com\/alamocostadelsol\/"]},{"@type":"Person","@id":"https:\/\/alamocostadelsol.com\/de#\/schema\/person\/514c5d82ea0741b520c03d28d1ff1a7a","name":"Per Lindqvist","image":{"@type":"ImageObject","inLanguage":"de","@id":"https:\/\/alamocostadelsol.com\/de#\/schema\/person\/image\/","url":"https:\/\/secure.gravatar.com\/avatar\/7c3165414ae570a298d212f36baf0d9ab74e0d0fae19acbc9eed18656ed49770?s=96&d=mm&r=g","contentUrl":"https:\/\/secure.gravatar.com\/avatar\/7c3165414ae570a298d212f36baf0d9ab74e0d0fae19acbc9eed18656ed49770?s=96&d=mm&r=g","caption":"Per Lindqvist"},"url":"https:\/\/alamocostadelsol.com\/de\/news\/author\/peli"}]}},"_links":{"self":[{"href":"https:\/\/alamocostadelsol.com\/de\/wp-json\/wp\/v2\/posts\/18812336","targetHints":{"allow":["GET"]}}],"collection":[{"href":"https:\/\/alamocostadelsol.com\/de\/wp-json\/wp\/v2\/posts"}],"about":[{"href":"https:\/\/alamocostadelsol.com\/de\/wp-json\/wp\/v2\/types\/post"}],"author":[{"embeddable":true,"href":"https:\/\/alamocostadelsol.com\/de\/wp-json\/wp\/v2\/users\/3"}],"replies":[{"embeddable":true,"href":"https:\/\/alamocostadelsol.com\/de\/wp-json\/wp\/v2\/comments?post=18812336"}],"version-history":[{"count":9,"href":"https:\/\/alamocostadelsol.com\/de\/wp-json\/wp\/v2\/posts\/18812336\/revisions"}],"predecessor-version":[{"id":18815001,"href":"https:\/\/alamocostadelsol.com\/de\/wp-json\/wp\/v2\/posts\/18812336\/revisions\/18815001"}],"wp:featuredmedia":[{"embeddable":true,"href":"https:\/\/alamocostadelsol.com\/de\/wp-json\/wp\/v2\/media\/18812341"}],"wp:attachment":[{"href":"https:\/\/alamocostadelsol.com\/de\/wp-json\/wp\/v2\/media?parent=18812336"}],"wp:term":[{"taxonomy":"category","embeddable":true,"href":"https:\/\/alamocostadelsol.com\/de\/wp-json\/wp\/v2\/categories?post=18812336"},{"taxonomy":"post_tag","embeddable":true,"href":"https:\/\/alamocostadelsol.com\/de\/wp-json\/wp\/v2\/tags?post=18812336"},{"taxonomy":"dipi_cpt_category","embeddable":true,"href":"https:\/\/alamocostadelsol.com\/de\/wp-json\/wp\/v2\/dipi_cpt_category?post=18812336"}],"curies":[{"name":"wp","href":"https:\/\/api.w.org\/{rel}","templated":true}]}}